{"id":22663,"date":"2022-12-03T15:32:14","date_gmt":"2022-12-03T12:32:14","guid":{"rendered":"http:\/\/akdenizolaygazetesi.com\/?p=22663"},"modified":"2022-12-03T15:32:14","modified_gmt":"2022-12-03T12:32:14","slug":"mersinlilerin-bandosu-yeniden-ataturk-caddesinde","status":"publish","type":"post","link":"https:\/\/akdenizolaygazetesi.com\/?p=22663","title":{"rendered":"MERS\u0130NL\u0130LER\u0130N BANDOSU YEN\u0130DEN ATAT\u00dcRK CADDES\u0130&#8217;NDE"},"content":{"rendered":"<p>Mersin B\u00fcy\u00fck\u015fehir Belediyesi Bandosu, pandemi nedeni ile ara verdi\u011fi Cuma Konserleri&#8217;ne yeniden ba\u015flad\u0131. Atat\u00fcrk Caddesi&#8217;nde ger\u00e7ekle\u015ftirilen y\u00fcr\u00fcy\u00fc\u015f\u00fcn ard\u0131ndan, Ta\u015f Bina \u00f6n\u00fcne gelen Bando Ekibi, vatanda\u015flar\u0131n b\u00fcy\u00fck ilgisi ve alk\u0131\u015flar\u0131 ile kar\u015f\u0131land\u0131.<\/p>\n<p>Cadde boyunca sevilen m\u00fczikleri \u00e7alan Mersin B\u00fcy\u00fck\u015fehir Belediyesi Bandosu&#8217;na, Mersinli vatanda\u015flar da hem \u015fark\u0131larda, hem de \u0130stiklal Mar\u015f\u0131 esnas\u0131nda e\u015flik ettiler.<\/p>\n<p>B\u00fcy\u00fck\u015fehir Belediyesi Bandosu taraf\u0131ndan, her Cuma Atat\u00fcrk Caddesi&#8217;nde ger\u00e7ekle\u015fen geleneksel mini konserlerin, pandemi nedeni ile sekteye u\u011frad\u0131\u011f\u0131n\u0131 s\u00f6yleyen Bando \u015eefi Ali \u00d6zgen Erko\u00e7, &#8220;Bir \u00e7o\u011fumuz nefesli enstr\u00fcman \u00e7ald\u0131\u011f\u0131 i\u00e7in, vir\u00fcs da\u011f\u0131l\u0131m\u0131n\u0131 h\u0131zland\u0131rmamak ad\u0131na pandemi d\u00f6neminde bu etkinli\u011fe ara verildi. Yine pandeminin yaratt\u0131\u011f\u0131 risk sebebiyle, halk\u0131m\u0131z da zaten sokakta de\u011fildi&#8221; dedi. \u015eu anda tekrar ba\u015flamalar\u0131n\u0131n sebebini, pandeminin etkisinin azalmas\u0131 ve insanlar\u0131n yine sokaklar\u0131 doldurmas\u0131 olarak a\u00e7\u0131klayan Erko\u00e7, &#8220;Halk\u0131m\u0131z her Cuma ger\u00e7ekle\u015fen bu geleneksel etkinli\u011fi seviyor ve talep ediyor. Biz de bu Cuma ve bundan sonraki Cumalarda bu etkinli\u011fi Atat\u00fcrk Caddesi&#8217;nde ger\u00e7ekle\u015ftirece\u011fiz. B\u00fct\u00fcn Mersinlileri buraya davet ediyoruz. \u00d6zellikle \u00e7ar\u015f\u0131ya al\u0131\u015fveri\u015f veya ba\u015fka sebeplerden inen insanlar\u0131, buraya bizi dinlemeye davet ediyoruz&#8221; diye konu\u015ftu.<\/p>\n","protected":false},"excerpt":{"rendered":"<p>Mersin B\u00fcy\u00fck\u015fehir Belediyesi Bandosu, pandemi nedeni ile ara verdi\u011fi Cuma Konserleri&#8217;ne yeniden ba\u015flad\u0131. Atat\u00fcrk Caddesi&#8217;nde ger\u00e7ekle\u015ftirilen y\u00fcr\u00fcy\u00fc\u015f\u00fcn ard\u0131ndan, Ta\u015f Bina \u00f6n\u00fcne gelen Bando Ekibi, vatanda\u015flar\u0131n b\u00fcy\u00fck ilgisi ve alk\u0131\u015flar\u0131 ile &hellip; <a href=\"https:\/\/akdenizolaygazetesi.com\/?p=22663\" class=\"more-link\">Devam\u0131n\u0131 Oku&#8230;<\/a><\/p>\n","protected":false},"author":2,"featured_media":22664,"comment_status":"open","ping_status":"open","sticky":false,"template":"","format":"standard","meta":[],"categories":[3],"tags":[],"_links":{"self":[{"href":"https:\/\/akdenizolaygazetesi.com\/index.php?rest_route=\/wp\/v2\/posts\/22663"}],"collection":[{"href":"https:\/\/akdenizolaygazetesi.com\/index.php?rest_route=\/wp\/v2\/posts"}],"about":[{"href":"https:\/\/akdenizolaygazetesi.com\/index.php?rest_route=\/wp\/v2\/types\/post"}],"author":[{"embeddable":true,"href":"https:\/\/akdenizolaygazetesi.com\/index.php?rest_route=\/wp\/v2\/users\/2"}],"replies":[{"embeddable":true,"href":"https:\/\/akdenizolaygazetesi.com\/index.php?rest_route=%2Fwp%2Fv2%2Fcomments&post=22663"}],"version-history":[{"count":1,"href":"https:\/\/akdenizolaygazetesi.com\/index.php?rest_route=\/wp\/v2\/posts\/22663\/revisions"}],"predecessor-version":[{"id":22665,"href":"https:\/\/akdenizolaygazetesi.com\/index.php?rest_route=\/wp\/v2\/posts\/22663\/revisions\/22665"}],"wp:featuredmedia":[{"embeddable":true,"href":"https:\/\/akdenizolaygazetesi.com\/index.php?rest_route=\/wp\/v2\/media\/22664"}],"wp:attachment":[{"href":"https:\/\/akdenizolaygazetesi.com\/index.php?rest_route=%2Fwp%2Fv2%2Fmedia&parent=22663"}],"wp:term":[{"taxonomy":"category","embeddable":true,"href":"https:\/\/akdenizolaygazetesi.com\/index.php?rest_route=%2Fwp%2Fv2%2Fcategories&post=22663"},{"taxonomy":"post_tag","embeddable":true,"href":"https:\/\/akdenizolaygazetesi.com\/index.php?rest_route=%2Fwp%2Fv2%2Ftags&post=22663"}],"curies":[{"name":"wp","href":"https:\/\/api.w.org\/{rel}","templated":true}]}}