{"id":22666,"date":"2022-12-03T15:33:36","date_gmt":"2022-12-03T12:33:36","guid":{"rendered":"http:\/\/akdenizolaygazetesi.com\/?p=22666"},"modified":"2022-12-03T15:33:36","modified_gmt":"2022-12-03T12:33:36","slug":"buyuksehirden-4-temsilci-mavi-bayrak-yerel-sorumlusu-egitim-sertifikasi-aldi","status":"publish","type":"post","link":"https:\/\/akdenizolaygazetesi.com\/?p=22666","title":{"rendered":"B\u00dcY\u00dcK\u015eEH\u0130R&#8217;DEN 4 TEMS\u0130LC\u0130 MAV\u0130 BAYRAK YEREL SORUMLUSU E\u011e\u0130T\u0130M SERT\u0130F\u0130KASI ALDI"},"content":{"rendered":"<p>K\u0131zkalesi ve Susano\u011flu plajlar\u0131 olmak \u00fczere 2 Mavi Bayrakl\u0131 halk plaj\u0131na sahip olan B\u00fcy\u00fck\u015fehir Belediyesi, hizmet kalitesini ve vatanda\u015f memnuniyetini art\u0131rmak ad\u0131na \u00e7al\u0131\u015fmalar\u0131na devam ediyor. T\u00fcrkiye \u00c7evre E\u011fitim Vakf\u0131 T\u00dcR\u00c7EV taraf\u0131ndan 14&#8217;\u00fcnc\u00fcs\u00fc d\u00fczenlenen Mavi Bayrak E\u011fitim Semineri&#8217;ne kat\u0131lan B\u00fcy\u00fck\u015fehir Belediyesi yetkilileri, &#8216;Mavi Bayrak Yerel Sorumlusu E\u011fitim Sertifikas\u0131&#8217; ald\u0131. Sertifika alan yetkililer, Mersin&#8217;de kurumlar\u0131 ad\u0131na bu g\u00f6revi y\u00fcr\u00fctecek.<br \/>\nSeminere; Mavi Bayrak Program\u0131n\u0131 destekleyen kurumlar\u0131n ba\u015f\u0131nda gelen K\u00fclt\u00fcr ve Turizm Bakanl\u0131\u011f\u0131, Sa\u011fl\u0131k Bakanl\u0131\u011f\u0131, \u00c7evre, \u015eehircilik ve \u0130klim De\u011fi\u015fikli\u011fi Bakanl\u0131\u011f\u0131, Tar\u0131m ve Orman Bakanl\u0131\u011f\u0131, Sahil G\u00fcvenlik Komutanl\u0131\u011f\u0131&#8217;n\u0131n yan\u0131 s\u0131ra B\u00fcy\u00fck\u015fehir Belediyeleri ve T\u00dcR\u00c7EV yetkilileri kat\u0131ld\u0131.  Akademisyenlerin de yer ald\u0131\u011f\u0131 ve 23-25 Kas\u0131m 2022 tarihlerinde Antalya&#8217;da ger\u00e7ekle\u015ftirilen seminer 3 g\u00fcn s\u00fcrd\u00fc ve 120 kat\u0131l\u0131mc\u0131 yer ald\u0131.<br \/>\nMersin B\u00fcy\u00fck\u015fehir&#8217;den 4 yetkili sertifika ald\u0131<br \/>\nMersin B\u00fcy\u00fck\u015fehir Belediyesi \u00c7evre Koruma ve Kontrol Dairesi Ba\u015fkanl\u0131\u011f\u0131, \u0130klim De\u011fi\u015fikli\u011fi ve S\u0131f\u0131r At\u0131k Dairesi Ba\u015fkanl\u0131\u011f\u0131 ile Denizk\u0131z\u0131 Turizm A.\u015e.&#8217;den temsilcilerin kat\u0131ld\u0131\u011f\u0131 e\u011fitim sonunda,  &#8216;Mavi Bayrak Yerel Sorumlusu E\u011fitim Sertifikas\u0131&#8217; verildi. E\u011fitime; Mersin B\u00fcy\u00fck\u015fehir Belediyesi&#8217;nde \u0130klim De\u011fi\u015fikli\u011fi ve Yenilenebilir Enerji \u015eube M\u00fcd\u00fcr Vekili Dr. Zafer Ku\u015fatan, \u00c7evre M\u00fchendisi \u015eeyda T\u00f6p, \u00c7evre Koruma ve Kontrol Dairesi Ba\u015fkanl\u0131\u011f\u0131 personeli Pelin Teymur ile Denizk\u0131z\u0131 Turizm A.\u015e. Genel M\u00fcd\u00fcr Yard\u0131mc\u0131s\u0131 Ahmet Y\u0131ld\u0131z kat\u0131l\u0131m sa\u011flad\u0131.<br \/>\nY\u0131lda bir kez d\u00fczenlenen e\u011fitim seminerinde; Mavi Bayrak&#8217;\u0131n \u00f6nemi, Mavi Bayrak kriterleri ve yerel sorumlulara d\u00fc\u015fen g\u00f6revler hakk\u0131nda genel bilgiler verildi. Belirlenen yerel sorumlular, Mavi Bayrak ve \u00e7evre sorunlar\u0131 hakk\u0131nda g\u00fcncel bilgilere sahip olurken, k\u0131y\u0131 y\u00f6netiminde \u00f6nemli konular hakk\u0131nda da bilgi sahibi oluyor. Yerel sorumlular ayr\u0131ca, \u00f6rnek uygulamalar\u0131 yerinde g\u00f6ren uzmanlardan bilgi alarak, fikir al\u0131\u015f veri\u015finde bulunuyor. Mersin&#8217;de bulunan plajlar\u0131n Mavi Bayrak ba\u015fvurular\u0131n\u0131n \u00f6n de\u011ferlendirmeleri ve sezon denetimleri, Mavi Bayrak Yerel Sorumlular\u0131 taraf\u0131ndan ger\u00e7ekle\u015ftiriliyor.<br \/>\nMersin&#8217;de 2020 sezonu itibariyle; Mavi Bayrakl\u0131 plaj say\u0131s\u0131 9 iken, Mavi Bayrakl\u0131 marina say\u0131s\u0131 1 olarak a\u00e7\u0131kland\u0131. Mersin&#8217;de, B\u00fcy\u00fck\u015fehir Belediyesi yetkisinde K\u0131zkalesi ve Susano\u011flu plajlar\u0131 olmak \u00fczere, toplamda 2 adet Mavi Bayrakl\u0131 halk plaj\u0131 var. B\u00fcy\u00fck\u015fehir Belediyesi, Denizk\u0131z\u0131 A.\u015e. taraf\u0131ndan i\u015fletilen mavi bayrakl\u0131 halk plajlar\u0131n\u0131n kalitesini ve say\u0131s\u0131n\u0131 artt\u0131rmak i\u00e7in \u00e7al\u0131\u015fmalar\u0131na devam ediyor.<\/p>\n","protected":false},"excerpt":{"rendered":"<p>K\u0131zkalesi ve Susano\u011flu plajlar\u0131 olmak \u00fczere 2 Mavi Bayrakl\u0131 halk plaj\u0131na sahip olan B\u00fcy\u00fck\u015fehir Belediyesi, hizmet kalitesini ve vatanda\u015f memnuniyetini art\u0131rmak ad\u0131na \u00e7al\u0131\u015fmalar\u0131na devam ediyor. T\u00fcrkiye \u00c7evre E\u011fitim Vakf\u0131 T\u00dcR\u00c7EV &hellip; <a href=\"https:\/\/akdenizolaygazetesi.com\/?p=22666\" class=\"more-link\">Devam\u0131n\u0131 Oku&#8230;<\/a><\/p>\n","protected":false},"author":2,"featured_media":22667,"comment_status":"open","ping_status":"open","sticky":false,"template":"","format":"standard","meta":[],"categories":[7,1,2,3],"tags":[],"_links":{"self":[{"href":"https:\/\/akdenizolaygazetesi.com\/index.php?rest_route=\/wp\/v2\/posts\/22666"}],"collection":[{"href":"https:\/\/akdenizolaygazetesi.com\/index.php?rest_route=\/wp\/v2\/posts"}],"about":[{"href":"https:\/\/akdenizolaygazetesi.com\/index.php?rest_route=\/wp\/v2\/types\/post"}],"author":[{"embeddable":true,"href":"https:\/\/akdenizolaygazetesi.com\/index.php?rest_route=\/wp\/v2\/users\/2"}],"replies":[{"embeddable":true,"href":"https:\/\/akdenizolaygazetesi.com\/index.php?rest_route=%2Fwp%2Fv2%2Fcomments&post=22666"}],"version-history":[{"count":1,"href":"https:\/\/akdenizolaygazetesi.com\/index.php?rest_route=\/wp\/v2\/posts\/22666\/revisions"}],"predecessor-version":[{"id":22668,"href":"https:\/\/akdenizolaygazetesi.com\/index.php?rest_route=\/wp\/v2\/posts\/22666\/revisions\/22668"}],"wp:featuredmedia":[{"embeddable":true,"href":"https:\/\/akdenizolaygazetesi.com\/index.php?rest_route=\/wp\/v2\/media\/22667"}],"wp:attachment":[{"href":"https:\/\/akdenizolaygazetesi.com\/index.php?rest_route=%2Fwp%2Fv2%2Fmedia&parent=22666"}],"wp:term":[{"taxonomy":"category","embeddable":true,"href":"https:\/\/akdenizolaygazetesi.com\/index.php?rest_route=%2Fwp%2Fv2%2Fcategories&post=22666"},{"taxonomy":"post_tag","embeddable":true,"href":"https:\/\/akdenizolaygazetesi.com\/index.php?rest_route=%2Fwp%2Fv2%2Ftags&post=22666"}],"curies":[{"name":"wp","href":"https:\/\/api.w.org\/{rel}","templated":true}]}}