{"id":22669,"date":"2022-12-03T15:34:51","date_gmt":"2022-12-03T12:34:51","guid":{"rendered":"http:\/\/akdenizolaygazetesi.com\/?p=22669"},"modified":"2022-12-03T15:34:51","modified_gmt":"2022-12-03T12:34:51","slug":"dogmus-en-buyuk-engel-sevgisizliktir","status":"publish","type":"post","link":"https:\/\/akdenizolaygazetesi.com\/?p=22669","title":{"rendered":"DO\u011eMU\u015e: EN B\u00dcY\u00dcK ENGEL SEVG\u0130S\u0130ZL\u0130KT\u0130R"},"content":{"rendered":"<p>Mersin Yat\u0131r\u0131mc\u0131 \u0130\u015f \u0130nsanlar\u0131 Derne\u011fi (MERYAD) Ba\u015fkan\u0131 Co\u015fkun Do\u011fmu\u015f, 3 Aral\u0131k D\u00fcnya Engelliler g\u00fcn\u00fc dolay\u0131s\u0131yla mesaj yay\u0131nlad\u0131.<\/p>\n<p>Ba\u015fkan Co\u015fkun Do\u011fmu\u015f mesaj\u0131nda \u015fu ifadelere yer verdi; &#8220;Birle\u015fmi\u015f Milletler taraf\u0131ndan 1992 y\u0131l\u0131nda &#8220;D\u00fcnya Engelliler G\u00fcn\u00fc&#8221; olarak kabul edilen 3 Aral\u0131k tarihi, engelli vatanda\u015flar\u0131m\u0131z\u0131n sorunlar\u0131na dikkat \u00e7ekilmesi a\u00e7\u0131s\u0131ndan \u00f6nemli bir fark\u0131ndal\u0131k g\u00fcn\u00fcd\u00fcr. Her sa\u011fl\u0131kl\u0131 insan\u0131n bir engelli aday\u0131 oldu\u011funu unutmamas\u0131 gerekiyor. Bu anlaml\u0131 g\u00fcnde bizlerde karde\u015flerimizin hayat\u0131n\u0131 nas\u0131l kolayla\u015ft\u0131rabiliriz diyerek empati yapmal\u0131y\u0131z. En b\u00fcy\u00fck engel sevgisizliktir. Bu duygu ve d\u00fc\u015f\u00fcncelerle; t\u00fcm engelli karde\u015flerimizin 3 Aral\u0131k D\u00fcnya Engelliler G\u00fcn\u00fc&#8217;n\u00fc tebrik ediyor, aileleri ve sevdikleriyle birlikte mutlu ve sa\u011fl\u0131kl\u0131 bir ya\u015fam diliyorum.&#8221;<\/p>\n","protected":false},"excerpt":{"rendered":"<p>Mersin Yat\u0131r\u0131mc\u0131 \u0130\u015f \u0130nsanlar\u0131 Derne\u011fi (MERYAD) Ba\u015fkan\u0131 Co\u015fkun Do\u011fmu\u015f, 3 Aral\u0131k D\u00fcnya Engelliler g\u00fcn\u00fc dolay\u0131s\u0131yla mesaj yay\u0131nlad\u0131. Ba\u015fkan Co\u015fkun Do\u011fmu\u015f mesaj\u0131nda \u015fu ifadelere yer verdi; &#8220;Birle\u015fmi\u015f Milletler taraf\u0131ndan 1992 y\u0131l\u0131nda &hellip; <a href=\"https:\/\/akdenizolaygazetesi.com\/?p=22669\" class=\"more-link\">Devam\u0131n\u0131 Oku&#8230;<\/a><\/p>\n","protected":false},"author":2,"featured_media":22670,"comment_status":"open","ping_status":"open","sticky":false,"template":"","format":"standard","meta":[],"categories":[3,9],"tags":[],"_links":{"self":[{"href":"https:\/\/akdenizolaygazetesi.com\/index.php?rest_route=\/wp\/v2\/posts\/22669"}],"collection":[{"href":"https:\/\/akdenizolaygazetesi.com\/index.php?rest_route=\/wp\/v2\/posts"}],"about":[{"href":"https:\/\/akdenizolaygazetesi.com\/index.php?rest_route=\/wp\/v2\/types\/post"}],"author":[{"embeddable":true,"href":"https:\/\/akdenizolaygazetesi.com\/index.php?rest_route=\/wp\/v2\/users\/2"}],"replies":[{"embeddable":true,"href":"https:\/\/akdenizolaygazetesi.com\/index.php?rest_route=%2Fwp%2Fv2%2Fcomments&post=22669"}],"version-history":[{"count":1,"href":"https:\/\/akdenizolaygazetesi.com\/index.php?rest_route=\/wp\/v2\/posts\/22669\/revisions"}],"predecessor-version":[{"id":22671,"href":"https:\/\/akdenizolaygazetesi.com\/index.php?rest_route=\/wp\/v2\/posts\/22669\/revisions\/22671"}],"wp:featuredmedia":[{"embeddable":true,"href":"https:\/\/akdenizolaygazetesi.com\/index.php?rest_route=\/wp\/v2\/media\/22670"}],"wp:attachment":[{"href":"https:\/\/akdenizolaygazetesi.com\/index.php?rest_route=%2Fwp%2Fv2%2Fmedia&parent=22669"}],"wp:term":[{"taxonomy":"category","embeddable":true,"href":"https:\/\/akdenizolaygazetesi.com\/index.php?rest_route=%2Fwp%2Fv2%2Fcategories&post=22669"},{"taxonomy":"post_tag","embeddable":true,"href":"https:\/\/akdenizolaygazetesi.com\/index.php?rest_route=%2Fwp%2Fv2%2Ftags&post=22669"}],"curies":[{"name":"wp","href":"https:\/\/api.w.org\/{rel}","templated":true}]}}