{"id":22672,"date":"2022-12-03T15:36:03","date_gmt":"2022-12-03T12:36:03","guid":{"rendered":"http:\/\/akdenizolaygazetesi.com\/?p=22672"},"modified":"2022-12-03T15:36:03","modified_gmt":"2022-12-03T12:36:03","slug":"toroslarda-engel-olma-farkinda-ol-etkinligi-ile-ozel-bireyler-hunerlerini-sergiledi","status":"publish","type":"post","link":"https:\/\/akdenizolaygazetesi.com\/?p=22672","title":{"rendered":"TOROSLAR&#8217;DA, &#8220;ENGEL OLMA, FARKINDA OL&#8221; ETK\u0130NL\u0130\u011e\u0130 \u0130LE \u00d6ZEL B\u0130REYLER H\u00dcNERLER\u0130N\u0130 SERG\u0130LED\u0130"},"content":{"rendered":"<p>Mersin&#8217;in merkez il\u00e7esi Toroslar Belediyesi, 3 Aral\u0131k D\u00fcnya Engelliler G\u00fcn\u00fc \u00e7er\u00e7evesinde \u00f6zel bir etkinli\u011fe ev sahipli\u011fi yapt\u0131.<\/p>\n<p>Mersin Valili\u011fi himayesinde, Aile ve Sosyal Hizmetler \u0130l M\u00fcd\u00fcrl\u00fc\u011f\u00fc ile Toroslar Belediyesi ve Akdeniz Belediyesi i\u015fbirli\u011finde Toroslar Bin Ki\u015filik Kapal\u0131 Spor Salonu&#8217;nda ger\u00e7ekle\u015ftirilen etkinlikte; &#8220;Engel Olma, Fark\u0131nda Ol&#8221; slogan\u0131yla \u00f6zel bireyler, birbirinden g\u00fczel h\u00fcnerlerini sergiledi ve a\u015f\u0131lmaz hi\u00e7bir engelin olmad\u0131\u011f\u0131n\u0131 g\u00f6sterdi.<\/p>\n<p>Toroslar Belediyesinin Engelliler Akademisinde ve \u00d6zel Sporcular Kursunda e\u011fitim g\u00f6ren \u00f6zel bireyler de performanslar\u0131yla b\u00fcy\u00fck alk\u0131\u015f ald\u0131.<\/p>\n<p>M\u00fczik dinletilerinden dans g\u00f6sterilerine, sportif faaliyetlerden sergiye kadar \u00e7e\u015fitli etkinliklerin yer ald\u0131\u011f\u0131 programda Mersin Valisi Ali Hamza Pehlivan da tekerlekli sandalye basketbol tak\u0131m\u0131yla basketbol oynad\u0131. Sporcular\u0131n ve protokol \u00fcyelerinin ma\u00e7\u0131 ise yo\u011fun ilgi g\u00f6rd\u00fc.<\/p>\n<p>VAL\u0130 PEHL\u0130VAN; &#8220;YETER K\u0130 KALPTE, Y\u00dcREKTE ENGEL OLMASIN&#8221;<\/p>\n<p>Vali Ali Hamza Pehlivan, bir g\u00fcn de\u011fil her g\u00fcn anlay\u0131\u015f\u0131yla engelli bireylerin yanlar\u0131nda olduklar\u0131n\u0131 s\u00f6yleyerek; &#8220;sevgiyi, \u015fefkati, dayan\u0131\u015fmay\u0131 ilke edinmi\u015f bir devlet ve millet olarak her zaman engelli karde\u015flerimizin yan\u0131nday\u0131z ve yan\u0131nda olmaya devam edece\u011fiz. Yeter ki engel kalpte ve y\u00fcrekte olmas\u0131n. Cesaretleriyle, azimleriyle sporda, sanatta, edebiyatta ve istihdam alan\u0131nda olmak \u00fczere her alanda bizlerin gurur kayna\u011f\u0131 olan engelli bireylerimiz \u00e7ok g\u00fczel eserler ortaya koyuyorlar. Valili\u011fimizin himayesinde, Aile ve Sosyal Hizmetler \u0130l M\u00fcd\u00fcrl\u00fc\u011f\u00fc ile Toroslar Belediyemiz ve Akdeniz Belediyemizin i\u015fbirli\u011finde g\u00fczel bir etkinlik ger\u00e7ekle\u015ftirdik&#8221; diye konu\u015ftu.<\/p>\n<p>BA\u015eKAN YILMAZ; &#8220;UNUTMAMALIYIZ K\u0130 HEP\u0130M\u0130Z B\u0130RER ENGELL\u0130 ADAYIYIZ&#8221;<\/p>\n<p>Toroslar Belediye Ba\u015fkan\u0131 Ats\u0131z Af\u015f\u0131n Y\u0131lmaz, sevgiyle, ho\u015fg\u00f6r\u00fcyle engelsiz bir Toroslar i\u00e7in \u00e7al\u0131\u015ft\u0131klar\u0131n\u0131 belirterek; &#8220;En b\u00fcy\u00fck engel sevgisizliktir. Engelli bireylerimizin ya\u015famlar\u0131n\u0131 kolayla\u015ft\u0131racak ve gelece\u011fe g\u00fcvenle bakabilmelerini sa\u011flayacak ko\u015fullar\u0131n olu\u015fturulmas\u0131 hepimizin g\u00f6revidir. Bu konuda \u00fczerimizdeki sorumlulu\u011fun da fark\u0131nday\u0131z&#8221; dedi.<\/p>\n<p>&#8220;3 Aral\u0131k D\u00fcnya Engelliler G\u00fcn\u00fc&#8217;n\u00fcn toplumsal duyarl\u0131l\u0131\u011f\u0131 g\u00fc\u00e7lendirmesi umuduyla t\u00fcm engellilerimize sa\u011fl\u0131kl\u0131, mutlu ve engelsiz bir ya\u015fam diliyor, fedakar ailelerine sevgi ve sayg\u0131lar\u0131m\u0131 sunuyorum&#8221; diyen Ba\u015fkan Y\u0131lmaz;  &#8220;Engelli bireylerimizin desteklenmeleri halinde neleri ba\u015farabildiklerini hep birlikte g\u00f6r\u00fcyoruz. Onlar\u0131n mutlu bireyler olarak hayata sar\u0131lmalar\u0131ndan dolay\u0131 bizler de b\u00fcy\u00fck mutluluk duyuyoruz. Sadece fiziksel de\u011fil, duygusal engelleri de ortadan kald\u0131rmam\u0131z gerekiyor. Her bireyin kendine has istekleri, hayalleri; yetenekleri vard\u0131r. Bu bilin\u00e7le sporda, bilimde, k\u00fclt\u00fcrel ve sosyal alanda ortaya koyduklar\u0131 ulusal ve uluslararas\u0131 ba\u015far\u0131lar\u0131yla gurur duydu\u011fumuz engellilerimizin her zaman yanlar\u0131nday\u0131z. Toplumsal hayata kat\u0131l\u0131mlar\u0131n\u0131n yan\u0131 s\u0131ra meslek edinip \u00fcretken hale gelmeleri, sa\u011fl\u0131k, e\u011fitim ve ula\u015f\u0131m hizmetlerinden en iyi \u015fekilde yararlanabilmeleri i\u00e7in projeler ve \u00e7al\u0131\u015fmalar ger\u00e7ekle\u015ftirmeye devam edece\u011fiz. Engelli bireylerimizin, yetenek ve becerilerini ortaya \u00e7\u0131kard\u0131\u011f\u0131m\u0131z b\u00fcnyemizdeki Engelliler Akademisi&#8217;ne ve \u00d6zel Sporcular Kursumuza gelen \u00f6zel \u00e7ocuklar\u0131m\u0131z\u0131n, gen\u00e7lerimizin ve ailelerinin y\u00fczlerinin g\u00fcld\u00fc\u011f\u00fcn\u00fc g\u00f6rmek ise en b\u00fcy\u00fck sevincimiz&#8221; ifadelerini kulland\u0131.<\/p>\n","protected":false},"excerpt":{"rendered":"<p>Mersin&#8217;in merkez il\u00e7esi Toroslar Belediyesi, 3 Aral\u0131k D\u00fcnya Engelliler G\u00fcn\u00fc \u00e7er\u00e7evesinde \u00f6zel bir etkinli\u011fe ev sahipli\u011fi yapt\u0131. Mersin Valili\u011fi himayesinde, Aile ve Sosyal Hizmetler \u0130l M\u00fcd\u00fcrl\u00fc\u011f\u00fc ile Toroslar Belediyesi ve &hellip; <a href=\"https:\/\/akdenizolaygazetesi.com\/?p=22672\" class=\"more-link\">Devam\u0131n\u0131 Oku&#8230;<\/a><\/p>\n","protected":false},"author":2,"featured_media":22673,"comment_status":"open","ping_status":"open","sticky":false,"template":"","format":"standard","meta":[],"categories":[3,9],"tags":[],"_links":{"self":[{"href":"https:\/\/akdenizolaygazetesi.com\/index.php?rest_route=\/wp\/v2\/posts\/22672"}],"collection":[{"href":"https:\/\/akdenizolaygazetesi.com\/index.php?rest_route=\/wp\/v2\/posts"}],"about":[{"href":"https:\/\/akdenizolaygazetesi.com\/index.php?rest_route=\/wp\/v2\/types\/post"}],"author":[{"embeddable":true,"href":"https:\/\/akdenizolaygazetesi.com\/index.php?rest_route=\/wp\/v2\/users\/2"}],"replies":[{"embeddable":true,"href":"https:\/\/akdenizolaygazetesi.com\/index.php?rest_route=%2Fwp%2Fv2%2Fcomments&post=22672"}],"version-history":[{"count":1,"href":"https:\/\/akdenizolaygazetesi.com\/index.php?rest_route=\/wp\/v2\/posts\/22672\/revisions"}],"predecessor-version":[{"id":22674,"href":"https:\/\/akdenizolaygazetesi.com\/index.php?rest_route=\/wp\/v2\/posts\/22672\/revisions\/22674"}],"wp:featuredmedia":[{"embeddable":true,"href":"https:\/\/akdenizolaygazetesi.com\/index.php?rest_route=\/wp\/v2\/media\/22673"}],"wp:attachment":[{"href":"https:\/\/akdenizolaygazetesi.com\/index.php?rest_route=%2Fwp%2Fv2%2Fmedia&parent=22672"}],"wp:term":[{"taxonomy":"category","embeddable":true,"href":"https:\/\/akdenizolaygazetesi.com\/index.php?rest_route=%2Fwp%2Fv2%2Fcategories&post=22672"},{"taxonomy":"post_tag","embeddable":true,"href":"https:\/\/akdenizolaygazetesi.com\/index.php?rest_route=%2Fwp%2Fv2%2Ftags&post=22672"}],"curies":[{"name":"wp","href":"https:\/\/api.w.org\/{rel}","templated":true}]}}