{"id":22681,"date":"2022-12-04T10:22:16","date_gmt":"2022-12-04T07:22:16","guid":{"rendered":"http:\/\/akdenizolaygazetesi.com\/?p=22681"},"modified":"2022-12-04T10:22:16","modified_gmt":"2022-12-04T07:22:16","slug":"gocmen-ve-turk-vatandasi-ozel-bireyler-biraraya-geldi","status":"publish","type":"post","link":"https:\/\/akdenizolaygazetesi.com\/?p=22681","title":{"rendered":"G\u00d6\u00c7MEN VE T\u00dcRK VATANDA\u015eI \u00d6ZEL B\u0130REYLER B\u0130RARAYA GELD\u0130"},"content":{"rendered":"<p>Mersin B\u00fcy\u00fck\u015fehir Belediyesi Sosyal Uyum Merkezi&#8217;nin, Engelsiz Ya\u015fam Merkezi i\u015fbirli\u011fi ile d\u00fczenledi\u011fi etkinlikte, g\u00f6\u00e7men \u00f6zel bireyler ile Mola Evi \u00f6\u011frencileri ve velileri bir araya geldi. Etkinlik kapsam\u0131nda ilk olarak g\u00f6\u00e7men ailelere \u00e7ocuklar\u0131yla ilgili yasal haklar\u0131 hakk\u0131nda hukuki bilgilendirme yap\u0131l\u0131rken, sonras\u0131nda ise anneler ve \u00e7ocuklar\u0131, e\u011fitmenler e\u015fli\u011finde ip bask\u0131s\u0131 ve resim yapt\u0131lar.<\/p>\n<p>S\u00f6be: &#8220;Amac\u0131m\u0131z, g\u00f6\u00e7men ve T\u00fcrk vatanda\u015f\u0131 \u00f6zel bireyleri bir araya getirmek&#8221;<\/p>\n<p>&#8216;3 Aral\u0131k D\u00fcnya Engelliler G\u00fcn\u00fc&#8217; dolay\u0131s\u0131yla ger\u00e7ekle\u015ftirilen etkinlik, Mersin B\u00fcy\u00fck\u015fehir Belediyesi Engelsiz Ya\u015fam Merkezi&#8217;nde yap\u0131ld\u0131. Etkinlik hakk\u0131nda bilgi veren Sa\u011fl\u0131k Hizmetleri Dairesi Ba\u015fkanl\u0131\u011f\u0131&#8217;na ba\u011fl\u0131 Engelsiz Ya\u015fam Merkezi \u00d6zel E\u011fitim Uzmanlar\u0131ndan Evrim S\u00f6be, ama\u00e7lar\u0131n\u0131n Sosyal Uyum Merkezi&#8217;ne gelen g\u00f6\u00e7men \u00f6zel gereksinimli bireyler ve ebeveynlerini, Mola Evi&#8217;ne gelen \u00f6zel gereksinimli bireyler ve anneleri ile kayna\u015ft\u0131rmak, etkile\u015fim i\u00e7erisinde bulunmalar\u0131n\u0131 sa\u011flamak, g\u00f6\u00e7men ebeveynlerin, \u00e7ocuklar\u0131n\u0131n \u00f6zel e\u011fitimi hakk\u0131nda yasal haklar\u0131n\u0131 \u00f6\u011frenebilmelerini sa\u011flamak oldu\u011funu s\u00f6yledi.<\/p>\n<p>Ki\u015filerin etnik k\u00f6kenine ve kimliklerine bak\u0131lmaks\u0131z\u0131n, onlar\u0131n kayna\u015fabilmesi i\u00e7in g\u00fczel bir sosyal ortam yaratt\u0131klar\u0131n\u0131 ifade eden S\u00f6be, &#8220;\u00c7ocuklar\u0131m\u0131z i\u00e7in el becerilerini, ince motor becerilerini geli\u015ftirmek ad\u0131na uygulamalar\u0131m\u0131z var. Ayn\u0131 zamanda \u00e7ocuklar\u0131m\u0131z bu \u00e7al\u0131\u015fmay\u0131 yaparken annelerimiz yan\u0131nda olduklar\u0131 i\u00e7in, birbirleriyle hem daha rahat kayna\u015f\u0131yorlar, hem de kendilerini \u00e7ok daha iyi hissediyorlar&#8221; diye konu\u015ftu.<\/p>\n<p>Yazg\u0131: &#8220;Uyum sa\u011flamay\u0131 kolayla\u015ft\u0131rmaya y\u00f6nelik bir faaliyet&#8221;<\/p>\n<p>Sosyal Hizmetler Dairesi&#8217;ne ba\u011fl\u0131 Sosyal Uyum Merkezi Sorumlusu Yusuf Yazg\u0131 ise, \u00f6zel gereksinimli \u00e7ocuklar\u0131n aileleriyle birlikte, Sosyal Uyum Merkezi&#8217;ne ba\u011fl\u0131 hukuk dan\u0131\u015fman\u0131n\u0131n verdi\u011fi bilgilendirme toplant\u0131s\u0131n\u0131 yapt\u0131klar\u0131n\u0131 belirterek, &#8220;Bilgilendirme toplant\u0131s\u0131n\u0131 hem g\u00f6\u00e7menlere, hem de vatanda\u015flar\u0131m\u0131za birlikte verdik. Uyum merkezi \u00e7at\u0131s\u0131 alt\u0131nda genel amac\u0131m\u0131z, g\u00f6\u00e7menler ve vatanda\u015flar\u0131m\u0131z aras\u0131nda uyum sa\u011flamak oldu\u011fu i\u00e7in, onlar\u0131 bu faaliyette bir araya getirdik. Dan\u0131\u015fman\u0131n oturumundan sonra, \u00f6zel gereksinimli \u00e7ocuklar\u0131m\u0131z\u0131 Engelli Ya\u015fam Merkezi&#8217;nin Mola Evi&#8217;nde misafir ettik, birlikte resim \u00e7al\u0131\u015fmas\u0131 ger\u00e7ekle\u015ftirdik ve uyuma y\u00f6nelik sohbetler ettik&#8221; dedi.<\/p>\n<p>Etkinlikler amac\u0131na ula\u015f\u0131yor<\/p>\n<p>Etkinlikten \u00e7ok memnun oldu\u011funu s\u00f6yleyen 11 ya\u015f\u0131ndaki \u0130hsan Efe Tekta\u015f, &#8220;Etkinli\u011fe kat\u0131lmam\u0131za izin verdikleri i\u00e7in, B\u00fcy\u00fck\u015fehir Belediyemize te\u015fekk\u00fcr ediyoruz. Daha \u00f6nce \u0130tfaiye Haftas\u0131 vard\u0131, kar vard\u0131, bir de Ankara yolculu\u011fu. Harika bir duygu, mutlu oluyorum her zaman&#8221; \u015feklinde konu\u015ftu.<\/p>\n<p>\u00c7ok keyifli bir g\u00fcn ge\u00e7irdi\u011fini s\u00f6yleyen 8 ya\u015f\u0131ndaki Osman G\u00fcne\u015f ise, &#8220;Bug\u00fcn resim yapt\u0131m. \u00c7ok be\u011fendim resmi. Eve getirip asaca\u011f\u0131m. Resimlerim \u00e7ok g\u00fczeldir&#8221; dedi.<\/p>\n","protected":false},"excerpt":{"rendered":"<p>Mersin B\u00fcy\u00fck\u015fehir Belediyesi Sosyal Uyum Merkezi&#8217;nin, Engelsiz Ya\u015fam Merkezi i\u015fbirli\u011fi ile d\u00fczenledi\u011fi etkinlikte, g\u00f6\u00e7men \u00f6zel bireyler ile Mola Evi \u00f6\u011frencileri ve velileri bir araya geldi. Etkinlik kapsam\u0131nda ilk olarak g\u00f6\u00e7men &hellip; <a href=\"https:\/\/akdenizolaygazetesi.com\/?p=22681\" class=\"more-link\">Devam\u0131n\u0131 Oku&#8230;<\/a><\/p>\n","protected":false},"author":2,"featured_media":22682,"comment_status":"open","ping_status":"open","sticky":false,"template":"","format":"standard","meta":[],"categories":[1,2,3,5],"tags":[],"_links":{"self":[{"href":"https:\/\/akdenizolaygazetesi.com\/index.php?rest_route=\/wp\/v2\/posts\/22681"}],"collection":[{"href":"https:\/\/akdenizolaygazetesi.com\/index.php?rest_route=\/wp\/v2\/posts"}],"about":[{"href":"https:\/\/akdenizolaygazetesi.com\/index.php?rest_route=\/wp\/v2\/types\/post"}],"author":[{"embeddable":true,"href":"https:\/\/akdenizolaygazetesi.com\/index.php?rest_route=\/wp\/v2\/users\/2"}],"replies":[{"embeddable":true,"href":"https:\/\/akdenizolaygazetesi.com\/index.php?rest_route=%2Fwp%2Fv2%2Fcomments&post=22681"}],"version-history":[{"count":1,"href":"https:\/\/akdenizolaygazetesi.com\/index.php?rest_route=\/wp\/v2\/posts\/22681\/revisions"}],"predecessor-version":[{"id":22683,"href":"https:\/\/akdenizolaygazetesi.com\/index.php?rest_route=\/wp\/v2\/posts\/22681\/revisions\/22683"}],"wp:featuredmedia":[{"embeddable":true,"href":"https:\/\/akdenizolaygazetesi.com\/index.php?rest_route=\/wp\/v2\/media\/22682"}],"wp:attachment":[{"href":"https:\/\/akdenizolaygazetesi.com\/index.php?rest_route=%2Fwp%2Fv2%2Fmedia&parent=22681"}],"wp:term":[{"taxonomy":"category","embeddable":true,"href":"https:\/\/akdenizolaygazetesi.com\/index.php?rest_route=%2Fwp%2Fv2%2Fcategories&post=22681"},{"taxonomy":"post_tag","embeddable":true,"href":"https:\/\/akdenizolaygazetesi.com\/index.php?rest_route=%2Fwp%2Fv2%2Ftags&post=22681"}],"curies":[{"name":"wp","href":"https:\/\/api.w.org\/{rel}","templated":true}]}}