{"id":22684,"date":"2022-12-04T10:24:27","date_gmt":"2022-12-04T07:24:27","guid":{"rendered":"http:\/\/akdenizolaygazetesi.com\/?p=22684"},"modified":"2022-12-04T10:24:27","modified_gmt":"2022-12-04T07:24:27","slug":"aileleriyle-birlikte-mutlu-saglikli-ve-huzurlu-bir-yasam-gecirmelerini-diliyorum","status":"publish","type":"post","link":"https:\/\/akdenizolaygazetesi.com\/?p=22684","title":{"rendered":"Aileleriyle birlikte mutlu, sa\u011fl\u0131kl\u0131 ve huzurlu bir ya\u015fam ge\u00e7irmelerini diliyorum"},"content":{"rendered":"<p>K\u0131l\u0131\u00e7\u00e7\u0131o\u011flu \u015eirketler Grubu Y\u00f6netim Kurulu Ba\u015fkan\u0131 Sabahattin K\u0131l\u0131\u00e7\u00e7\u0131o\u011flu, 3 Aral\u0131k D\u00fcnya Engelliler G\u00fcn\u00fc dolay\u0131s\u0131yla mesaj yay\u0131mlad\u0131.<br \/>\nK\u0131l\u0131\u00e7\u00e7\u0131o\u011flu mesaj\u0131nda, &#8220;Birle\u015fmi\u015f Milletler taraf\u0131ndan engellilerin sorunlar\u0131na dikkat \u00e7ekmek ve onlar\u0131 daha iyi anlayabilmek i\u00e7in 3 Aral\u0131k tarihi, Uluslararas\u0131 Engelliler G\u00fcn\u00fc ilan edilmi\u015ftir. Toplum engellisi engelsizi, ya\u015fl\u0131s\u0131 genci, kad\u0131n\u0131 erke\u011fi ile bir b\u00fct\u00fcnd\u00fcr. Engelli vatanda\u015flar\u0131m\u0131z\u0131n hayatlar\u0131n\u0131 kolayla\u015ft\u0131rmak ise toplumsal bir g\u00f6revdir. Engellilerimizin ya\u015fad\u0131klar\u0131 sorunlar sadece kendileri ve ailelerinin de\u011fil t\u00fcm toplumun sorunudur. Unutulmamal\u0131d\u0131r ki her sa\u011fl\u0131kl\u0131 insanda bir engelli aday\u0131d\u0131r. G\u00fcn\u00fcm\u00fczde onlar\u0131n kar\u015f\u0131la\u015fabilece\u011fi sorunlar\u0131 \u00f6ng\u00f6r\u00fcp, empati kurarak \u00e7\u00f6z\u00fcm yollar\u0131 \u00fcretmek birer sorumluluktur. Toplumun, engelleri a\u015fmaya \u00e7al\u0131\u015fan bireyleri desteklemesi, onlar\u0131n yan\u0131nda olmas\u0131 bir iyilik de\u011fil bir g\u00f6revdir. Hayat\u0131n herhangi bir d\u00f6neminde engelli olan bireylerin de ya\u015famla m\u00fccadelesini b\u0131rakmamas\u0131 gerekir.  Bu duygu ve d\u00fc\u015f\u00fcncelerle t\u00fcm engelli vatanda\u015flar\u0131m\u0131z\u0131n 3 Aral\u0131k D\u00fcnya Engelliler G\u00fcn\u00fcn\u00fc en i\u00e7ten dileklerimle kutluyor, aileleriyle birlikte mutlu, sa\u011fl\u0131kl\u0131 ve huzurlu bir ya\u015fam ge\u00e7irmelerini diliyorum.&#8221; dedi.<\/p>\n","protected":false},"excerpt":{"rendered":"<p>K\u0131l\u0131\u00e7\u00e7\u0131o\u011flu \u015eirketler Grubu Y\u00f6netim Kurulu Ba\u015fkan\u0131 Sabahattin K\u0131l\u0131\u00e7\u00e7\u0131o\u011flu, 3 Aral\u0131k D\u00fcnya Engelliler G\u00fcn\u00fc dolay\u0131s\u0131yla mesaj yay\u0131mlad\u0131. K\u0131l\u0131\u00e7\u00e7\u0131o\u011flu mesaj\u0131nda, &#8220;Birle\u015fmi\u015f Milletler taraf\u0131ndan engellilerin sorunlar\u0131na dikkat \u00e7ekmek ve onlar\u0131 daha iyi anlayabilmek &hellip; <a href=\"https:\/\/akdenizolaygazetesi.com\/?p=22684\" class=\"more-link\">Devam\u0131n\u0131 Oku&#8230;<\/a><\/p>\n","protected":false},"author":2,"featured_media":22685,"comment_status":"open","ping_status":"open","sticky":false,"template":"","format":"standard","meta":[],"categories":[2,3],"tags":[],"_links":{"self":[{"href":"https:\/\/akdenizolaygazetesi.com\/index.php?rest_route=\/wp\/v2\/posts\/22684"}],"collection":[{"href":"https:\/\/akdenizolaygazetesi.com\/index.php?rest_route=\/wp\/v2\/posts"}],"about":[{"href":"https:\/\/akdenizolaygazetesi.com\/index.php?rest_route=\/wp\/v2\/types\/post"}],"author":[{"embeddable":true,"href":"https:\/\/akdenizolaygazetesi.com\/index.php?rest_route=\/wp\/v2\/users\/2"}],"replies":[{"embeddable":true,"href":"https:\/\/akdenizolaygazetesi.com\/index.php?rest_route=%2Fwp%2Fv2%2Fcomments&post=22684"}],"version-history":[{"count":1,"href":"https:\/\/akdenizolaygazetesi.com\/index.php?rest_route=\/wp\/v2\/posts\/22684\/revisions"}],"predecessor-version":[{"id":22686,"href":"https:\/\/akdenizolaygazetesi.com\/index.php?rest_route=\/wp\/v2\/posts\/22684\/revisions\/22686"}],"wp:featuredmedia":[{"embeddable":true,"href":"https:\/\/akdenizolaygazetesi.com\/index.php?rest_route=\/wp\/v2\/media\/22685"}],"wp:attachment":[{"href":"https:\/\/akdenizolaygazetesi.com\/index.php?rest_route=%2Fwp%2Fv2%2Fmedia&parent=22684"}],"wp:term":[{"taxonomy":"category","embeddable":true,"href":"https:\/\/akdenizolaygazetesi.com\/index.php?rest_route=%2Fwp%2Fv2%2Fcategories&post=22684"},{"taxonomy":"post_tag","embeddable":true,"href":"https:\/\/akdenizolaygazetesi.com\/index.php?rest_route=%2Fwp%2Fv2%2Ftags&post=22684"}],"curies":[{"name":"wp","href":"https:\/\/api.w.org\/{rel}","templated":true}]}}