{"id":22687,"date":"2022-12-04T16:34:02","date_gmt":"2022-12-04T13:34:02","guid":{"rendered":"http:\/\/akdenizolaygazetesi.com\/?p=22687"},"modified":"2022-12-04T16:34:02","modified_gmt":"2022-12-04T13:34:02","slug":"secer-toplantinin-burada-olmasi-bolge-acisindan-onemli","status":"publish","type":"post","link":"https:\/\/akdenizolaygazetesi.com\/?p=22687","title":{"rendered":"SE\u00c7ER: &#8220;TOPLANTININ BURADA OLMASI B\u00d6LGE A\u00c7ISINDAN \u00d6NEML\u0130&#8221;"},"content":{"rendered":"<p>Mersin B\u00fcy\u00fck\u015fehir Belediye Ba\u015fkan\u0131 Vahap Se\u00e7er, T\u00fcrk Giri\u015fim ve \u0130\u015f D\u00fcnyas\u0131 Konfederasyonu&#8217;nun (T\u00dcRKONFED) 24. Giri\u015fim ve \u0130\u015f D\u00fcnyas\u0131 Zirvesi&#8217;ne kat\u0131ld\u0131.<br \/>\nT\u00dcRKONFED 24. Giri\u015fim ve \u0130\u015f D\u00fcnyas\u0131 Zirvesi,  &#8216;Cumhuriyet&#8217;in 2. Y\u00fczy\u0131l\u0131nda Yeni D\u00f6nem Yeni Ufuklar&#8217; ana temas\u0131 ve &#8216;Hayalimizdeki T\u00fcrkiye&#8217; mottosu ile 2-3 Aral\u0131k tarihlerinde Adana&#8217;da, \u00c7ukurova Sanayi ve \u0130\u015f D\u00fcnyas\u0131 Federasyonu&#8217;nun (\u00c7UKUROVAS\u0130FED) deste\u011fi, Adana Sanayici ve \u0130\u015f \u0130nsanlar\u0131 Derne\u011fi&#8217;nin (ADS\u0130AD) ev sahipli\u011finde ger\u00e7ekle\u015fti. B\u00f6lgede yer alan Adana, Mersin ve Hatay&#8217;\u0131n bir\u00e7ok konuda ortak \u00e7al\u0131\u015fmalar yapabilece\u011fine dikkat \u00e7eken Ba\u015fkan Se\u00e7er, &#8220;Ama \u00f6ncelikle b\u00f6lgesel bir i\u015fbirli\u011fi kalk\u0131nma stratejisinin belirlenmesi gerekir. Bunda tabi ki merkezi h\u00fck\u00fcmetin alaca\u011f\u0131 kararlar\u0131 da \u00f6nemsemek laz\u0131m&#8221; dedi.<br \/>\nBa\u015fkan Se\u00e7er: &#8220;Toplant\u0131n\u0131n Adana&#8217;da olmas\u0131 b\u00f6lge a\u00e7\u0131s\u0131ndan \u00f6nemli&#8221;<br \/>\nZirveden sonra yapt\u0131\u011f\u0131 de\u011ferlendirmede; toplant\u0131n\u0131n \u00c7ukurova&#8217;da ger\u00e7ekle\u015ftirilmesinin ve yer olarak da Adana&#8217;n\u0131n se\u00e7ilmesinin iyi bir tercih oldu\u011funu belirten Ba\u015fkan Se\u00e7er, &#8220;Adana ve Mersin bir\u00e7ok konuda ayn\u0131 ge\u00e7mi\u015fi, bug\u00fcn\u00fc, belki de yar\u0131nlar\u0131 payla\u015facak olan 2 kom\u015fu kent. Buradaki her geli\u015fme, her 2 kente yarayan geli\u015fmeler olarak de\u011ferlendirilebilir. Burada \u00f6nemli de\u011ferlendirmeler oldu. 2. Y\u00fczy\u0131l T\u00fcrkiye&#8217;sinde bug\u00fcn\u00fcn ko\u015fullar\u0131yla neler kurulabilir? Yak\u0131n, orta ve uzun vadede neler planlanabilir, bunlar konu\u015fuldu&#8221; dedi.<br \/>\nBurada konu\u015fulan fikirlerin belediyelere de faydas\u0131 olaca\u011f\u0131na de\u011finen Se\u00e7er, &#8220;\u0130\u015f insanlar\u0131 bu toplant\u0131dan ald\u0131klar\u0131yla, \u00f6n\u00fcm\u00fczdeki 10 y\u0131llar\u0131 planlayacaklar. Onlar\u0131n ba\u015far\u0131l\u0131 olmalar\u0131, elbette kentin geli\u015fmesine de katk\u0131 sa\u011flayacak&#8221; dedi. Olaya biraz b\u00f6lgesel olarak da bakmak gerekti\u011fini kaydeden Se\u00e7er, &#8220;Toplant\u0131n\u0131n burada olmas\u0131 b\u00f6lge a\u00e7\u0131s\u0131ndan da \u00f6nemli. T\u00fcrkiye&#8217;nin her yerinden de\u011ferli insanlar\u0131n burada olmas\u0131, b\u00f6lgenin ad\u0131n\u0131n hem T\u00fcrkiye&#8217;ye, hem de d\u00fcnyaya duyurulmas\u0131 a\u00e7\u0131s\u0131ndan \u00f6nemli diye d\u00fc\u015f\u00fcn\u00fcyorum&#8221; ifadelerini kulland\u0131.<br \/>\n&#8220;Mersin, markala\u015fma konusunda s\u00fcratle at\u0131l\u0131m yapan bir kent&#8221;<br \/>\nAdana&#8217;n\u0131n sanayile\u015fme anlam\u0131nda daha erken geli\u015fti\u011fini ve bu anlamda daha \u00e7ok marka kent h\u00fcviyetini ta\u015f\u0131yan bir kent oldu\u011funu dile getiren Se\u00e7er, Mersin&#8217;in ise bu anlamda yeni yeni \u00e7aba g\u00f6steren ve son y\u0131llarda da ger\u00e7ekten sevindirici bir s\u00fcratle markala\u015fma konusunda at\u0131l\u0131m yapan bir kent oldu\u011funu ifade etti.<br \/>\nB\u00f6lgesel gelece\u011fi kurgulamak anlam\u0131nda Adana, Mersin ve Hatay&#8217;\u0131n \u00e7ok \u00f6nemli kentler oldu\u011funu vurgulayan ve Hatay&#8217;da yap\u0131lmaya ba\u015flanan feribot seferlerinin, Mersin&#8217;de de m\u00fcmk\u00fcn olabilece\u011fine dikkat \u00e7eken Se\u00e7er, &#8220;Bunun d\u0131\u015f\u0131nda \u00e7ok \u00e7e\u015fitli \u00e7al\u0131\u015fmalar yap\u0131labilir. Ortak turizm destinasyonlar\u0131 yap\u0131labilir, ortak b\u00f6lgesel etkinlikler yap\u0131labilir. Bunun hem ekonomik anlamda, hem de sosyal anlamda b\u0131rakaca\u011f\u0131 etki daha fazla olur. Ama \u00f6ncelikle bir i\u015fbirli\u011fi kalk\u0131nma stratejisinin belirlenmesi gerekir. Bunda tabi ki merkezi h\u00fck\u00fcmetin alaca\u011f\u0131 kararlar\u0131 da \u00f6nemsemek laz\u0131m&#8221; dedi.<br \/>\n&#8220;Yat\u0131r\u0131mc\u0131y\u0131 \u00e7ekecek cazip imkanlar\u0131, merkezi h\u00fck\u00fcmet sunabilir&#8221;<br \/>\nYat\u0131r\u0131mc\u0131y\u0131 bu b\u00f6lgeye \u00e7ekebilmek i\u00e7in, yerel y\u00f6netim olarak yapmalar\u0131 gereken her \u015feyi yapt\u0131klar\u0131n\u0131, fakat yat\u0131r\u0131mc\u0131y\u0131 as\u0131l bu b\u00f6lgeye \u00e7ekecek cazip imkanlar\u0131 sunacak olan\u0131n merkezi h\u00fck\u00fcmet oldu\u011fu ger\u00e7e\u011fini dile getiren Se\u00e7er, &#8220;Bunlardan bir tanesi de te\u015fvik politikalar\u0131. Hangi sekt\u00f6r\u00fc, hangi b\u00f6lgede geli\u015ftirmek istiyorsan\u0131z, o te\u015fvik kapsam\u0131nda, o b\u00f6lgeye, o sekt\u00f6r\u00fc canland\u0131rma ad\u0131na avantajlar sa\u011flars\u0131n\u0131z. Bunun yan\u0131nda yat\u0131r\u0131mc\u0131, yat\u0131r\u0131m yapaca\u011f\u0131 b\u00f6lgedeki yerel y\u00f6neticilerin kendilerini destekleyici bir anlay\u0131\u015f i\u00e7erisinde oldu\u011funu bilirse, zaten buraya g\u00fcvenle gelir. \u00c7\u00fcnk\u00fc yat\u0131r\u0131mc\u0131 g\u00fcven ister, hukuk ister, g\u00fcvenlik konusunda bir zafiyet ya\u015famamak ister. Yapaca\u011f\u0131 yat\u0131r\u0131m hangi alandaysa, o alanda, o b\u00f6lgenin uygun olmas\u0131n\u0131 ister&#8221; diye konu\u015ftu.<br \/>\nAdana&#8217;da ve Mersin&#8217;de son zamanlarda \u00e7ok b\u00fcy\u00fck yat\u0131r\u0131mlar\u0131n oldu\u011funu s\u00f6zlerine ekleyen Se\u00e7er, &#8220;\u00d6ncelikle Mersin bir liman kenti. Bunun sa\u011flad\u0131\u011f\u0131 \u00e7ok \u00f6nemli avantajlar var. Mersin Liman\u0131 hem d\u00fcnyaya a\u00e7\u0131lan bir kap\u0131, hem de d\u00fcnyan\u0131n her taraf\u0131ndan \u00fcr\u00fcnlerin geldi\u011fi ve bu g\u00fczergahta, karayolu koridorunda transit ticarete imkan sa\u011flayan bir b\u00f6lgede yer al\u0131yor. Mersin-Adana- Hatay, tamam\u0131 bunun i\u00e7erisinde&#8221; dedi.<\/p>\n","protected":false},"excerpt":{"rendered":"<p>Mersin B\u00fcy\u00fck\u015fehir Belediye Ba\u015fkan\u0131 Vahap Se\u00e7er, T\u00fcrk Giri\u015fim ve \u0130\u015f D\u00fcnyas\u0131 Konfederasyonu&#8217;nun (T\u00dcRKONFED) 24. Giri\u015fim ve \u0130\u015f D\u00fcnyas\u0131 Zirvesi&#8217;ne kat\u0131ld\u0131. T\u00dcRKONFED 24. Giri\u015fim ve \u0130\u015f D\u00fcnyas\u0131 Zirvesi, &#8216;Cumhuriyet&#8217;in 2. Y\u00fczy\u0131l\u0131nda &hellip; <a href=\"https:\/\/akdenizolaygazetesi.com\/?p=22687\" class=\"more-link\">Devam\u0131n\u0131 Oku&#8230;<\/a><\/p>\n","protected":false},"author":2,"featured_media":22688,"comment_status":"open","ping_status":"open","sticky":false,"template":"","format":"standard","meta":[],"categories":[7,8,2,3,5],"tags":[],"_links":{"self":[{"href":"https:\/\/akdenizolaygazetesi.com\/index.php?rest_route=\/wp\/v2\/posts\/22687"}],"collection":[{"href":"https:\/\/akdenizolaygazetesi.com\/index.php?rest_route=\/wp\/v2\/posts"}],"about":[{"href":"https:\/\/akdenizolaygazetesi.com\/index.php?rest_route=\/wp\/v2\/types\/post"}],"author":[{"embeddable":true,"href":"https:\/\/akdenizolaygazetesi.com\/index.php?rest_route=\/wp\/v2\/users\/2"}],"replies":[{"embeddable":true,"href":"https:\/\/akdenizolaygazetesi.com\/index.php?rest_route=%2Fwp%2Fv2%2Fcomments&post=22687"}],"version-history":[{"count":1,"href":"https:\/\/akdenizolaygazetesi.com\/index.php?rest_route=\/wp\/v2\/posts\/22687\/revisions"}],"predecessor-version":[{"id":22689,"href":"https:\/\/akdenizolaygazetesi.com\/index.php?rest_route=\/wp\/v2\/posts\/22687\/revisions\/22689"}],"wp:featuredmedia":[{"embeddable":true,"href":"https:\/\/akdenizolaygazetesi.com\/index.php?rest_route=\/wp\/v2\/media\/22688"}],"wp:attachment":[{"href":"https:\/\/akdenizolaygazetesi.com\/index.php?rest_route=%2Fwp%2Fv2%2Fmedia&parent=22687"}],"wp:term":[{"taxonomy":"category","embeddable":true,"href":"https:\/\/akdenizolaygazetesi.com\/index.php?rest_route=%2Fwp%2Fv2%2Fcategories&post=22687"},{"taxonomy":"post_tag","embeddable":true,"href":"https:\/\/akdenizolaygazetesi.com\/index.php?rest_route=%2Fwp%2Fv2%2Ftags&post=22687"}],"curies":[{"name":"wp","href":"https:\/\/api.w.org\/{rel}","templated":true}]}}