{"id":22690,"date":"2022-12-04T16:35:50","date_gmt":"2022-12-04T13:35:50","guid":{"rendered":"http:\/\/akdenizolaygazetesi.com\/?p=22690"},"modified":"2022-12-04T16:35:50","modified_gmt":"2022-12-04T13:35:50","slug":"gultak-her-turlu-defansa-ragmen-akdeniz-yillardir-susadigi-hizmetlere-kavusuyor","status":"publish","type":"post","link":"https:\/\/akdenizolaygazetesi.com\/?p=22690","title":{"rendered":"G\u00dcLTAK; &#8220;HER T\u00dcRL\u00dc DEFANSA RA\u011eMEN, AKDEN\u0130Z YILLARDIR SUSADI\u011eI H\u0130ZMETLERE KAVU\u015eUYOR&#8221;"},"content":{"rendered":"<p>Akdeniz Belediye Ba\u015fkan\u0131 M. Mustafa G\u00fcltak, Fen \u0130\u015fleri M\u00fcd\u00fcrl\u00fc\u011f\u00fc&#8217;n\u00fcn Huzurkent K\u00f6selerli Mahallesi&#8217;nde s\u00fcrd\u00fcrd\u00fc\u011f\u00fc s\u0131cak asfalt kaplama \u00e7al\u0131\u015fmas\u0131 ve Evci Mahallesi&#8217;nde ger\u00e7ekle\u015fen so\u011fuk asfalt \u00e7al\u0131\u015fmalar\u0131n\u0131 yerinde inceledi. Ba\u015fkan G\u00fcltak, &#8220;Y\u0131llard\u0131r hizmete susam\u0131\u015f olan Akdeniz, her t\u00fcrl\u00fc engelleme giri\u015fimine ve bize uygulanan defansa ra\u011fmen, \u00f6zlemini \u00e7ekti\u011fi hizmetlere kavu\u015fuyor&#8221; dedi.<\/p>\n<p>Ziyaretinde Ba\u015fkan G\u00fcltak&#8217;\u0131n etraf\u0131n\u0131 saran K\u00f6selerli Mahallesi sakini kad\u0131nlar, ge\u00e7mi\u015fte g\u00f6rmedikleri ve mahallelerini g\u00fczelle\u015ftirip \u00e7ehresini de\u011fi\u015ftiren hizmetler nedeniyle mutluluklar\u0131n\u0131 dile getirip Ba\u015fkan G\u00fcltak&#8217;a te\u015fekk\u00fcr ettiler. Ba\u015fkan Yard\u0131mc\u0131s\u0131 Mustafa Arslan, Meclis \u00dcyesi Tufan Nenni, Fen \u0130\u015fleri M\u00fcd\u00fcr\u00fc Mehmet Bahar ve K\u00f6selerli Mahalle Muhtar\u0131 Nedim Bozo\u011flu&#8217;nun da e\u015flik etti\u011fi ziyarette Ba\u015fkan G\u00fcltak, ilk olarak K\u00f6selerli&#8217;de s\u0131cak asfaltla kaplanan ve planlamaya al\u0131nan sokaklar\u0131 inceleyip yetkililerden bilgi ald\u0131. Ba\u015fkan G\u00fcltak, asfalt serimi yapan ekiple de sohbet ederek bir s\u0131k\u0131nt\u0131 veya talepleri olup olmad\u0131\u011f\u0131n\u0131 sordu.<\/p>\n<p>&#8220;Her t\u00fcrl\u00fc defansa ra\u011fmen s\u0131cak ve so\u011fuk asfalt serimine ba\u015flad\u0131k&#8221;<\/p>\n<p>K\u00f6selerli Mahallesi&#8217;nin sokaklar\u0131nda g\u00fcnlerdir devam eden s\u0131cak asfalt kaplama \u00e7al\u0131\u015fmalar\u0131 hakk\u0131nda a\u00e7\u0131klama yapan Ba\u015fkan G\u00fcltak; &#8220;Bir\u00e7ok engelleme giri\u015fimi ve Meclisimize bor\u00e7 yetkisi vermeme konusundaki defansa ra\u011fmen s\u0131cak asfalt kaplama \u00e7al\u0131\u015fmam\u0131za Huzurkent&#8217;ten ba\u015flad\u0131k. Fen \u0130\u015fleri M\u00fcd\u00fcrl\u00fc\u011f\u00fcm\u00fcz, mahalle muhtarlar\u0131m\u0131zla g\u00f6r\u00fc\u015ferek 65 mahallemizin tamam\u0131n\u0131 planlad\u0131. Nitekim iki ayd\u0131r sathi kaplama (so\u011fuk asfalt) \u00e7al\u0131\u015fmalar\u0131m\u0131za ba\u015flam\u0131\u015ft\u0131k. Bu hafta da s\u0131cak asfalt serimine ba\u015flad\u0131k. Meclisimizdeki muhalif partilerin engelleme giri\u015fimine ra\u011fmen gelecek sene i\u00e7inde de so\u011fuk ve s\u0131cak asfalt d\u00f6kmeye devam edece\u011fiz. Akdeniz, y\u0131llard\u0131r susam\u0131\u015f oldu\u011fu hizmetlere kavu\u015fuyor. Bunun ispat\u0131n\u0131 da bug\u00fcn burada hep birlikte g\u00f6r\u00fcyoruz&#8221; ifadelerini kulland\u0131.<\/p>\n<p>\u0130kinci durak, yollar\u0131 so\u011fuk asfaltla kaplanan Evci Mahallesi&#8230;<\/p>\n<p>K\u00f6selerli Mahallesi&#8217;nde ya\u015fayan kad\u0131nlar\u0131n etraf\u0131n\u0131 sar\u0131p hat\u0131ra foto\u011fraf\u0131 \u00e7ektirdi\u011fi ve alk\u0131\u015flar e\u015fli\u011finde u\u011furlad\u0131\u011f\u0131 Akdeniz Belediye Ba\u015fkan\u0131 Mustafa G\u00fcltak, Evci Mahallesi&#8217;nin bah\u00e7e yollar\u0131nda ger\u00e7ekle\u015fen kilometrelerce uzunluktaki so\u011fuk asfalt \u00e7al\u0131\u015fmalar\u0131n\u0131 da incelemek \u00fczere b\u00f6lgeden ayr\u0131ld\u0131. Y\u0131llard\u0131r hasret kald\u0131klar\u0131 hizmetlere kavu\u015fmalar\u0131 nedeniyle sevincini dile getiren Evci Mahallesi Muhtar\u0131 \u0130smail \u00c7\u0131nk\u0131; &#8220;Ba\u015fkan\u0131m\u0131z mahallemize sahip \u00e7\u0131k\u0131yor. Onun talimat\u0131yla yollar\u0131m\u0131za so\u011fuk asfalt d\u00f6k\u00fcld\u00fc. Mahallem ad\u0131na Ba\u015fkan\u0131m\u0131za te\u015fekk\u00fcr ediyorum&#8221; dedi.<\/p>\n<p>Ba\u015fkan G\u00fcltak; &#8220;S\u0131cak ve so\u011fuk asfalt\u0131 d\u00f6kece\u011fiz dedik ve i\u015fte bug\u00fcn d\u00f6k\u00fcyoruz!&#8221;<\/p>\n<p>Akdeniz Belediye Ba\u015fkan\u0131 Mustafa G\u00fcltak da yapt\u0131\u011f\u0131 a\u00e7\u0131klamada; so\u011fuk asfalt \u00e7al\u0131\u015fmalar\u0131n\u0131, belediye b\u00fct\u00e7esinden 1 lira dahi harcamadan, karde\u015f belediyecilik protokol\u00fc ile \u00c7evre ve \u015eehircilik Bakanl\u0131\u011f\u0131&#8217;ndan al\u0131nan hibelerle ger\u00e7ekle\u015ftirdiklerini vurgulad\u0131. &#8220;Tabi altyap\u0131 hizmeti sunmak kolay de\u011fil&#8221; diyen Ba\u015fkan G\u00fcltak; &#8220;Bunun i\u00e7in ilk \u00f6nce tesisleri kuracaks\u0131n\u0131z. Daha sonra da bu tesisleri \u00e7al\u0131\u015ft\u0131racak paray\u0131 bulacaks\u0131n\u0131z&#8230; Tesislerimizi, ald\u0131\u011f\u0131m\u0131z hibe ve s\u00f6zle\u015fmelerle Akdeniz&#8217;e kazand\u0131rd\u0131k. Meclis&#8217;ten yetki istedik ancak CHP ve HDP&#8217;li meclis \u00fcyeleri bize yetki vermek istemedi. Tesislerin \u00f6n\u00fcn\u00fc kesmek istediler. Fakat biz buna ra\u011fmen &#8216;s\u0131cak ve so\u011fuk asfalt\u0131 d\u00f6kece\u011fiz&#8217; dedik. \u0130\u015fte bug\u00fcn Akdeniz&#8217;de hem s\u0131cak hem de so\u011fuk asfalt kaplama \u00e7al\u0131\u015fmalar\u0131 h\u0131zl\u0131 bir \u015fekilde yap\u0131l\u0131yor. Hi\u00e7 kimse merak etmesin, bu hizmetlerimiz devam edecek. Her t\u00fcrl\u00fc engelleme giri\u015fimine ra\u011fmen Akdeniz hizmet almaya devam edecek&#8221; \u015feklinde konu\u015ftu. <\/p>\n","protected":false},"excerpt":{"rendered":"<p>Akdeniz Belediye Ba\u015fkan\u0131 M. Mustafa G\u00fcltak, Fen \u0130\u015fleri M\u00fcd\u00fcrl\u00fc\u011f\u00fc&#8217;n\u00fcn Huzurkent K\u00f6selerli Mahallesi&#8217;nde s\u00fcrd\u00fcrd\u00fc\u011f\u00fc s\u0131cak asfalt kaplama \u00e7al\u0131\u015fmas\u0131 ve Evci Mahallesi&#8217;nde ger\u00e7ekle\u015fen so\u011fuk asfalt \u00e7al\u0131\u015fmalar\u0131n\u0131 yerinde inceledi. Ba\u015fkan G\u00fcltak, &#8220;Y\u0131llard\u0131r hizmete &hellip; <a href=\"https:\/\/akdenizolaygazetesi.com\/?p=22690\" class=\"more-link\">Devam\u0131n\u0131 Oku&#8230;<\/a><\/p>\n","protected":false},"author":2,"featured_media":22691,"comment_status":"open","ping_status":"open","sticky":false,"template":"","format":"standard","meta":[],"categories":[2,3],"tags":[],"_links":{"self":[{"href":"https:\/\/akdenizolaygazetesi.com\/index.php?rest_route=\/wp\/v2\/posts\/22690"}],"collection":[{"href":"https:\/\/akdenizolaygazetesi.com\/index.php?rest_route=\/wp\/v2\/posts"}],"about":[{"href":"https:\/\/akdenizolaygazetesi.com\/index.php?rest_route=\/wp\/v2\/types\/post"}],"author":[{"embeddable":true,"href":"https:\/\/akdenizolaygazetesi.com\/index.php?rest_route=\/wp\/v2\/users\/2"}],"replies":[{"embeddable":true,"href":"https:\/\/akdenizolaygazetesi.com\/index.php?rest_route=%2Fwp%2Fv2%2Fcomments&post=22690"}],"version-history":[{"count":1,"href":"https:\/\/akdenizolaygazetesi.com\/index.php?rest_route=\/wp\/v2\/posts\/22690\/revisions"}],"predecessor-version":[{"id":22692,"href":"https:\/\/akdenizolaygazetesi.com\/index.php?rest_route=\/wp\/v2\/posts\/22690\/revisions\/22692"}],"wp:featuredmedia":[{"embeddable":true,"href":"https:\/\/akdenizolaygazetesi.com\/index.php?rest_route=\/wp\/v2\/media\/22691"}],"wp:attachment":[{"href":"https:\/\/akdenizolaygazetesi.com\/index.php?rest_route=%2Fwp%2Fv2%2Fmedia&parent=22690"}],"wp:term":[{"taxonomy":"category","embeddable":true,"href":"https:\/\/akdenizolaygazetesi.com\/index.php?rest_route=%2Fwp%2Fv2%2Fcategories&post=22690"},{"taxonomy":"post_tag","embeddable":true,"href":"https:\/\/akdenizolaygazetesi.com\/index.php?rest_route=%2Fwp%2Fv2%2Ftags&post=22690"}],"curies":[{"name":"wp","href":"https:\/\/api.w.org\/{rel}","templated":true}]}}