{"id":22700,"date":"2022-12-05T13:15:11","date_gmt":"2022-12-05T10:15:11","guid":{"rendered":"http:\/\/akdenizolaygazetesi.com\/?p=22700"},"modified":"2022-12-05T13:15:11","modified_gmt":"2022-12-05T10:15:11","slug":"gultak-turk-kadini-secme-secilme-hakkinda-dunyaya-ornek-olmustur","status":"publish","type":"post","link":"https:\/\/akdenizolaygazetesi.com\/?p=22700","title":{"rendered":"G\u00dcLTAK; \u201cT\u00dcRK KADINI, SE\u00c7ME-SE\u00c7\u0130LME HAKKINDA D\u00dcNYAYA \u00d6RNEK OLMU\u015eTUR\u201d"},"content":{"rendered":"<p>5 Aral\u0131k D\u00fcnya Kad\u0131n Haklar\u0131 G\u00fcn\u00fc\u2019n\u00fc kutlayan Ba\u015fkan Mustafa G\u00fcltak; \u201cKad\u0131nlara; \u0130talya\u2019da 1945; Fransa\u2019da 1944; Bel\u00e7ika\u2019da 1960; \u0130svi\u00e7re\u2019de 1971 y\u0131l\u0131nda se\u00e7me-se\u00e7ilme hakk\u0131 verilmi\u015ftir. Atat\u00fcrk ise T\u00fcrk kad\u0131n\u0131na 1934 y\u0131l\u0131nda bu hakk\u0131 tan\u0131m\u0131\u015ft\u0131r. Bu anlamda T\u00fcrk kad\u0131n\u0131, d\u00fcnya kad\u0131nlar\u0131 ve g\u00fcn\u00fcm\u00fcz medeniyetlerine \u00f6nc\u00fcl\u00fck etmi\u015ftir\u201d dedi.<br \/>\nAkdeniz Belediye Meclisi Aral\u0131k ay\u0131 ilk toplant\u0131s\u0131n\u0131, M. Mustafa G\u00fcltak Ba\u015fkanl\u0131\u011f\u0131\u2019nda konferans salonunda ger\u00e7ekle\u015ftirdi. Yoklama, Sayg\u0131 Duru\u015fu ve \u0130stiklal Mar\u015f\u0131 ile ba\u015flayan toplant\u0131da bir \u00f6nceki birle\u015fime ait tutanak \u00f6zeti kabul edildi. Meclis\u2019te, Akdeniz Belediyesi\u2019nin kad\u0131nlar yarar\u0131na ger\u00e7ekle\u015ftirdi\u011fi; Akdenizli kad\u0131nlar\u0131n sosyal ve ekonomik stat\u00fcs\u00fcn\u00fc y\u00fckselten, meslek edindirip istihdama kazand\u0131ran projeleri tan\u0131tan k\u0131sa filmin g\u00f6sterimi yap\u0131ld\u0131.<br \/>\n\u201cT\u00fcrk kad\u0131n\u0131, d\u00fcnya kad\u0131nlar\u0131na \u00f6nc\u00fc olmu\u015ftur\u201d<br \/>\nMeclis\u2019in a\u00e7\u0131l\u0131\u015f\u0131nda, \u20185 Aral\u0131k D\u00fcnya Kad\u0131n Haklar\u0131 G\u00fcn\u00fc\u2019 nedeniyle bir a\u00e7\u0131klama yapan Ba\u015fkan G\u00fcltak; \u201cCumhuriyetimizin Kurucusu Gazi Mustafa Kemal Atat\u00fcrk taraf\u0131ndan 1934 y\u0131l\u0131nda T\u00fcrk kad\u0131n\u0131na \u2018Se\u00e7me ve Se\u00e7ilme\u2019 hakk\u0131n\u0131n verildi\u011fi g\u00fcn olan 5 Aral\u0131k; ayn\u0131 zamanda \u2018D\u00fcnya Kad\u0131n Haklar\u0131 G\u00fcn\u00fc\u2019 olarak kutlanmaktad\u0131r. \u0130talya\u2019da 1945; Fransa\u2019da 1944; Bel\u00e7ika\u2019da 1960; \u0130svi\u00e7re\u2019de 1971 y\u0131l\u0131nda kad\u0131nlara se\u00e7me-se\u00e7ilme hakk\u0131n\u0131n verilmesiyle T\u00fcrkiye ve T\u00fcrk kad\u0131nlar\u0131, di\u011fer \u00fclkelere de bu anlamda \u00f6nc\u00fc olmu\u015ftur\u201d dedi.<br \/>\n\u201cKad\u0131nlar, toplumsal de\u011fi\u015fimin en etkili fakt\u00f6r\u00fcd\u00fcr\u201d<br \/>\nS\u00f6zlerini; \u201c\u00dclkemiz kad\u0131nlar\u0131; 1934 y\u0131l\u0131ndan g\u00fcn\u00fcm\u00fcze dek e\u011fitimden sa\u011fl\u0131\u011fa, yasama, y\u00fcr\u00fctme ve yarg\u0131dan i\u015f d\u00fcnyas\u0131na, siyasetten ekonomiye, sanattan spora kadar hayat\u0131n her alan\u0131nda ba\u015far\u0131yla g\u00f6rev alm\u0131\u015f ve almaya devam etmektedir\u201d \u015feklinde s\u00fcrd\u00fcren Ba\u015fkan G\u00fcltak; \u015f\u00f6yle konu\u015ftu;<br \/>\n\u201cToplumsal de\u011fi\u015fim ve d\u00f6n\u00fc\u015f\u00fcm\u00fcn en etkili akt\u00f6r\u00fcn\u00fcn kad\u0131nlar oldu\u011fu ger\u00e7e\u011finden hareketle kad\u0131nlara pozitif ayr\u0131mc\u0131l\u0131k uyguluyoruz. Kad\u0131nlar\u0131n toplumsal ve ekonomik stat\u00fcs\u00fcn\u00fc y\u00fckselten projelerimizle onlar\u0131n yan\u0131n\u0131zda olmaya devam edece\u011fiz. Uzun y\u0131llard\u0131r s\u00fcrd\u00fcrd\u00fc\u011f\u00fcm siyaset hayat\u0131mda bana inan\u0131p destek olan ba\u015fta de\u011ferli e\u015fim Behiye Han\u0131m olmak \u00fczere, yol y\u00fcr\u00fcd\u00fc\u011f\u00fcm\u00fcz kad\u0131nlara m\u00fcte\u015fekkir oldu\u011fumu ifade ediyorum.<br \/>\nDaha g\u00fczel ve daha ya\u015fan\u0131l\u0131r bir Akdeniz, \u00e7ok daha huzurlu bir Mersin ve daha g\u00fc\u00e7l\u00fc bir T\u00fcrkiye&#8217;yi kad\u0131nlarla birlikte in\u015fa edece\u011fiz. D\u00fcnyay\u0131, hayat\u0131, eme\u011fi, sevinci ve ac\u0131y\u0131 payla\u015ft\u0131\u011f\u0131m\u0131z t\u00fcm kad\u0131nlar\u0131n 5 Aral\u0131k D\u00fcnya Kad\u0131nlar G\u00fcn\u00fc\u2019n\u00fc kutluyor, sevgi ve sayg\u0131lar\u0131m\u0131 sunuyorum.\u201d<br \/>\n\u201cAkdenizli kad\u0131nlara meslek edindiriyor, \u00fcretim ve istihdama kazand\u0131r\u0131yoruz\u201d<br \/>\nMeclis\u2019in temenni ve \u00f6neriler b\u00f6l\u00fcm\u00fcnde de s\u00f6z alan Ba\u015fkan G\u00fcltak, Akdeniz Belediyesi\u2019nde, kad\u0131na ve aileye b\u00fcy\u00fck \u00f6nem verdiklerinin alt\u0131n\u0131 \u00e7izdi, belediye personeli kad\u0131nlara 8 Mart D\u00fcnya Emek\u00e7i Kad\u0131nlar G\u00fcn\u00fc\u2019nde idari izin verdiklerini hat\u0131rlatt\u0131. Mersin\u2019de 2 kad\u0131n kooperatifi olan tek belediye olduklar\u0131n\u0131 vurgulayan Ba\u015fkan G\u00fcltak, Akdeniz\u2019de Moringa, Stevia, \u015eevketi Bostan ve Maralfalfa bitkilerini toprakla bulu\u015fturup yeti\u015ftirdiklerini; kad\u0131nlar eliyle de bu bitkilerin sat\u0131\u015fa sunuldu\u011funu anlatt\u0131. Kad\u0131nlara y\u00f6nelik k\u00fclt\u00fcrel ve tarihi gezileri de anlatan Ba\u015fkan G\u00fcltak, mikro kredi projesi ile de y\u00fczlerce kad\u0131n\u0131n ya kendi i\u015fini kurdu\u011funu veya mevcut i\u015fini b\u00fcy\u00fctt\u00fc\u011f\u00fcn\u00fc s\u00f6zlerine ekledi.<br \/>\n\u201cSilahla, \u015fiddetle y\u00fcr\u00fct\u00fclen bir dava olamaz\u201d<br \/>\nBa\u015fkan G\u00fcltak, Diyarbak\u0131r\u2019da \u2018evlat n\u00f6beti\u2019 tutan anneleri de hat\u0131rlatt\u0131\u011f\u0131 konu\u015fmas\u0131nda, \u201cBu co\u011frafyada hak olmayan bir dava y\u00fcz\u00fcnden anneler \u00e7ok a\u011flad\u0131, halen a\u011fl\u0131yor. \u00c7\u00fcnk\u00fc \u00e7ocuklar\u0131 kand\u0131r\u0131l\u0131p da\u011fa g\u00f6t\u00fcr\u00fcld\u00fc. Art\u0131k kimse kand\u0131r\u0131lmas\u0131n. E\u011fer ki bir dava g\u00fcd\u00fclecekse demokrasilerde bu dava, TBMM\u2019de olur. Silahla, kanla, \u015fiddetle dava olmaz\u201d \u015feklinde konu\u015ftu.<br \/>\nKomisyonlara sevk edilen konular\u2026<br \/>\nMeclis toplant\u0131s\u0131nda, 5620 Say\u0131l\u0131 Yasan\u0131n Ge\u00e7ici 1. Maddesi gere\u011fince, ge\u00e7ici i\u015f\u00e7i stat\u00fcs\u00fcnde \u00e7al\u0131\u015fan personel i\u00e7in haz\u0131rlanan Ge\u00e7ici \u0130\u015f\u00e7i Vize Cetveli ile ilgili teklif g\u00f6r\u00fc\u015f\u00fclerek komisyonlara sevk edildi. Bekirde Mahallesi\u2019nde 16,48 metrekare y\u00fcz\u00f6l\u00e7\u00fcm\u00fcnde belediyeye ait hissenin, di\u011fer hissedar\u0131n talebiyle yasa gere\u011fi sat\u0131\u015f\u0131 ile ilgili teklif komisyonlara havale edildi.<br \/>\nNusratiye Mahallesi 5412 Sokak adresinde 61 ada  207 parselde   598,03 metrekarelik (tapu kay\u0131tlar\u0131nda demir yolu olarak g\u00f6r\u00fcnen) belediyeye ait ta\u015f\u0131nmaz\u0131n, Devlet Demir Yollar\u0131 \u0130\u015fletmesinin talebi \u00fczerine 2942 Say\u0131l\u0131 Kamula\u015ft\u0131rma Kanunu\u2019nun 30\u2019uncu maddesine g\u00f6re devrinin yap\u0131lmas\u0131yla ilgili teklif komisyonlara sevk edildi.<br \/>\nTekke Mahallesi, 119 ada, 7 parselde, 2 bin 195 metrekare y\u00fcz\u00f6l\u00e7\u00fcm\u00fcnde belediyeye ait hissenin, di\u011fer hissedar\u0131n talebi \u00fczerine, 5393 say\u0131l\u0131 Kanunun 18\u2019inci maddesinin (e) f\u0131kras\u0131na istinaden sat\u0131\u015f\u0131 ile ilgili teklifin de oybirli\u011fiyle komisyonlara havalesi yap\u0131ld\u0131.<br \/>\nBah\u00e7e Mahallesinde, 170 ada, 2 parsele ili\u015fkin (Fatih \u0130lkokulu) \u0130l Milli E\u011fitim M\u00fcd\u00fcrl\u00fc\u011f\u00fcn\u00fcn talebi do\u011frultusunda Akdeniz Belediyesince haz\u0131rlanan 1\/1000 \u00f6l\u00e7ekli uygulama imar plan\u0131 ile ilgili teklif komisyonlara g\u00f6nderildi.<br \/>\nNusratiye Mahallesi 1025 ada 34 nolu parsele ili\u015fkin Mersin 1\u2019inci \u0130dare Mahkemesi\u2019nin 11.02.2022 tarih ve 2021\/581 E.2022\/101 K say\u0131l\u0131 karar\u0131 ve M. B\u00fcy\u00fck\u015fehir Belediye Meclisi\u2019nin 21.07.2022 tarih ve 372 say\u0131l\u0131 karar\u0131yla haz\u0131rlanan 1\/1000 \u00f6l\u00e7ekli uygulama imar plan de\u011fi\u015fikli\u011fiyle ilgili komisyonlarda oybirli\u011fiyle kabul edilen g\u00fcndem de g\u00f6r\u00fc\u015f\u00fcld\u00fc. Konu, \u00fcyelerin yine oybirli\u011fi ile kabul edildi. Akdeniz Belediye Meclisi\u2019nin bir sonraki oturumu, 9 Aral\u0131k 2022 Cuma g\u00fcn\u00fc saat 10:00\u2019da belediye konferans salonunda yap\u0131lacak. <\/p>\n","protected":false},"excerpt":{"rendered":"<p>5 Aral\u0131k D\u00fcnya Kad\u0131n Haklar\u0131 G\u00fcn\u00fc\u2019n\u00fc kutlayan Ba\u015fkan Mustafa G\u00fcltak; \u201cKad\u0131nlara; \u0130talya\u2019da 1945; Fransa\u2019da 1944; Bel\u00e7ika\u2019da 1960; \u0130svi\u00e7re\u2019de 1971 y\u0131l\u0131nda se\u00e7me-se\u00e7ilme hakk\u0131 verilmi\u015ftir. Atat\u00fcrk ise T\u00fcrk kad\u0131n\u0131na 1934 y\u0131l\u0131nda bu &hellip; <a href=\"https:\/\/akdenizolaygazetesi.com\/?p=22700\" class=\"more-link\">Devam\u0131n\u0131 Oku&#8230;<\/a><\/p>\n","protected":false},"author":2,"featured_media":22701,"comment_status":"open","ping_status":"open","sticky":false,"template":"","format":"standard","meta":[],"categories":[8,2,3,5],"tags":[],"_links":{"self":[{"href":"https:\/\/akdenizolaygazetesi.com\/index.php?rest_route=\/wp\/v2\/posts\/22700"}],"collection":[{"href":"https:\/\/akdenizolaygazetesi.com\/index.php?rest_route=\/wp\/v2\/posts"}],"about":[{"href":"https:\/\/akdenizolaygazetesi.com\/index.php?rest_route=\/wp\/v2\/types\/post"}],"author":[{"embeddable":true,"href":"https:\/\/akdenizolaygazetesi.com\/index.php?rest_route=\/wp\/v2\/users\/2"}],"replies":[{"embeddable":true,"href":"https:\/\/akdenizolaygazetesi.com\/index.php?rest_route=%2Fwp%2Fv2%2Fcomments&post=22700"}],"version-history":[{"count":1,"href":"https:\/\/akdenizolaygazetesi.com\/index.php?rest_route=\/wp\/v2\/posts\/22700\/revisions"}],"predecessor-version":[{"id":22702,"href":"https:\/\/akdenizolaygazetesi.com\/index.php?rest_route=\/wp\/v2\/posts\/22700\/revisions\/22702"}],"wp:featuredmedia":[{"embeddable":true,"href":"https:\/\/akdenizolaygazetesi.com\/index.php?rest_route=\/wp\/v2\/media\/22701"}],"wp:attachment":[{"href":"https:\/\/akdenizolaygazetesi.com\/index.php?rest_route=%2Fwp%2Fv2%2Fmedia&parent=22700"}],"wp:term":[{"taxonomy":"category","embeddable":true,"href":"https:\/\/akdenizolaygazetesi.com\/index.php?rest_route=%2Fwp%2Fv2%2Fcategories&post=22700"},{"taxonomy":"post_tag","embeddable":true,"href":"https:\/\/akdenizolaygazetesi.com\/index.php?rest_route=%2Fwp%2Fv2%2Ftags&post=22700"}],"curies":[{"name":"wp","href":"https:\/\/api.w.org\/{rel}","templated":true}]}}