{"id":22703,"date":"2022-12-05T13:17:31","date_gmt":"2022-12-05T10:17:31","guid":{"rendered":"http:\/\/akdenizolaygazetesi.com\/?p=22703"},"modified":"2022-12-05T13:17:31","modified_gmt":"2022-12-05T10:17:31","slug":"kadinlar-uretmekten-vazgecmesin","status":"publish","type":"post","link":"https:\/\/akdenizolaygazetesi.com\/?p=22703","title":{"rendered":"KADINLAR \u00dcRETMEKTEN VAZGE\u00c7MES\u0130N"},"content":{"rendered":"<p>Tarsus&#8217;ta ya\u015fayan emekli banka m\u00fcd\u00fcr\u00fc Serpil Demir, Mersin B\u00fcy\u00fck\u015fehir Belediyesi&#8217;nin de katk\u0131lar\u0131 ile tarihi K\u0131rkka\u015f\u0131k Bedesteni&#8217;nde, y\u00f6resel lezzetlerden Kaynar sat\u0131\u015f\u0131 yap\u0131yor. \u00c7\u0131kt\u0131\u011f\u0131 yolda amac\u0131n\u0131n, unutulmaya y\u00fcz tutmu\u015f bu damak tad\u0131n\u0131 ya\u015fatmak oldu\u011funu s\u00f6yleyen Serpil Demir&#8217;in en b\u00fcy\u00fck destek\u00e7isi ise Mersin B\u00fcy\u00fck\u015fehir Belediyesi olmu\u015f.<\/p>\n<p>Kendisi ile birlikte esnafl\u0131k yapan di\u011fer 15 kad\u0131n i\u015fletmeci ile birlikte, tarihi K\u0131rkka\u015f\u0131k Bedesteni&#8217;nin i\u00e7erisinde y\u00f6resel lezzet Kaynar&#8217;\u0131 kaynatmaya devam eden Serpil Demirci, ba\u015far\u0131 hikayesinde Mersin B\u00fcy\u00fck\u015fehir Belediyesi&#8217;nin katk\u0131lar\u0131n\u0131n \u00e7ok oldu\u011funu s\u00f6yledi.<\/p>\n<p>Demir: &#8220;Stantlarda kazand\u0131\u011f\u0131m\u0131z gelirler bize b\u00fcy\u00fck katk\u0131 sa\u011fl\u0131yor&#8221;<\/p>\n<p>\u00dcretici kad\u0131n stantlar\u0131 arac\u0131l\u0131\u011f\u0131 ile kat\u0131ld\u0131\u011f\u0131 etkinliklerde, tan\u0131n\u0131rl\u0131\u011f\u0131n\u0131n ve bilinirli\u011finin artt\u0131\u011f\u0131n\u0131 ifade eden Demir, &#8220;\u00d6rne\u011fin beni Portakal \u00c7i\u00e7e\u011fi Festivali&#8217;ne g\u00f6t\u00fcrd\u00fcler 5 g\u00fcn boyunca. Benim orada hem tan\u0131n\u0131rl\u0131\u011f\u0131m, hem bilinirli\u011fim artt\u0131. Hem de maddi olarak, bana baya\u011f\u0131 katk\u0131s\u0131 oldu o festivalin. Ayn\u0131 zamanda \u00fcretici kad\u0131nlar olarak stantlar a\u00e7\u0131yoruz. Stantlarda ald\u0131\u011f\u0131m\u0131z gelirler bize destek sa\u011fl\u0131yor&#8221; dedi.<\/p>\n<p>Ekonomik \u015fartlar\u0131n \u00e7ok zor oldu\u011funu ve \u00fcretici kad\u0131nlar\u0131n ayakta kalabilmek i\u00e7in \u00e7ok b\u00fcy\u00fck m\u00fccadeleler verdi\u011fini s\u00f6yleyen Demir, &#8220;Bir kad\u0131n \u00fcretici olarak, desteklenmeye ihtiyac\u0131m\u0131z var. \u015eu anda K\u0131rkka\u015f\u0131k Bedesteni&#8217;nde benimle birlikte 16 kad\u0131n \u00e7al\u0131\u015f\u0131yoruz. Biz burada \u00e7ok huzurluyuz, \u00e7ok mutluyuz, ama b\u00fcy\u00fck desteklere ihtiyac\u0131m\u0131z var&#8221; diye konu\u015ftu.<\/p>\n<p>&#8220;Kad\u0131nlar \u00fcretmekten asla vazge\u00e7mesinler&#8221;<\/p>\n<p>Tarsus&#8217;ta ge\u00e7ti\u011fimiz g\u00fcnlerde yap\u0131lan 1.Uluslararas\u0131 Tarsus Festivali&#8217;nin de kendilerine ciddi anlamda katk\u0131 sa\u011flad\u0131\u011f\u0131na dikkat \u00e7eken Serpil Demir, &#8220;Biz B\u00fcy\u00fck\u015fehir Belediyesi&#8217;nden \u00e7ok destek al\u0131yoruz. 3 g\u00fcn s\u00fcren Tarsus Festivali&#8217;nde hem biz \u00fcretici kad\u0131nlar olarak stant a\u00e7t\u0131k, hem de buraya gelen misafirlerin K\u0131rkka\u015f\u0131k Bedesteni&#8217;ni gezmesi, buradaki esnaf arkada\u015flara b\u00fcy\u00fck katk\u0131 sa\u011flad\u0131&#8221; \u015feklinde konu\u015ftu.<\/p>\n<p>\u00dcretmek isteyen kad\u0131nlara da \u00e7a\u011fr\u0131da bulunan Serpil Demir, &#8220;Kad\u0131nlar l\u00fctfen vazge\u00e7mesinler. \u0130natla, istikrarla, yollar\u0131na ve \u00fcretmeye devam etsinler. \u00c7\u00fcnk\u00fc ben 15 y\u0131ld\u0131r bu i\u015fi yap\u0131yorum. 15 y\u0131ld\u0131r \u00e7evremdeki insanlar bana, &#8216;B\u0131rak bu i\u015fi, yapma&#8217; dedi. &#8216;Herkesin evinde var, kaynatamazs\u0131n, para kazanaca\u011f\u0131n\u0131 m\u0131 zannediyorsun?&#8217; dediler. Ama ben \u0131srarla, bildi\u011fimden \u015fa\u015fmad\u0131m ve 15 y\u0131ld\u0131r kaynar\u0131n tan\u0131nabilirli\u011fini art\u0131rd\u0131m ve markala\u015ft\u0131rd\u0131m&#8221; ifadelerini kulland\u0131.<\/p>\n","protected":false},"excerpt":{"rendered":"<p>Tarsus&#8217;ta ya\u015fayan emekli banka m\u00fcd\u00fcr\u00fc Serpil Demir, Mersin B\u00fcy\u00fck\u015fehir Belediyesi&#8217;nin de katk\u0131lar\u0131 ile tarihi K\u0131rkka\u015f\u0131k Bedesteni&#8217;nde, y\u00f6resel lezzetlerden Kaynar sat\u0131\u015f\u0131 yap\u0131yor. \u00c7\u0131kt\u0131\u011f\u0131 yolda amac\u0131n\u0131n, unutulmaya y\u00fcz tutmu\u015f bu damak tad\u0131n\u0131 &hellip; <a href=\"https:\/\/akdenizolaygazetesi.com\/?p=22703\" class=\"more-link\">Devam\u0131n\u0131 Oku&#8230;<\/a><\/p>\n","protected":false},"author":2,"featured_media":22704,"comment_status":"open","ping_status":"open","sticky":false,"template":"","format":"standard","meta":[],"categories":[8,2,3,5],"tags":[],"_links":{"self":[{"href":"https:\/\/akdenizolaygazetesi.com\/index.php?rest_route=\/wp\/v2\/posts\/22703"}],"collection":[{"href":"https:\/\/akdenizolaygazetesi.com\/index.php?rest_route=\/wp\/v2\/posts"}],"about":[{"href":"https:\/\/akdenizolaygazetesi.com\/index.php?rest_route=\/wp\/v2\/types\/post"}],"author":[{"embeddable":true,"href":"https:\/\/akdenizolaygazetesi.com\/index.php?rest_route=\/wp\/v2\/users\/2"}],"replies":[{"embeddable":true,"href":"https:\/\/akdenizolaygazetesi.com\/index.php?rest_route=%2Fwp%2Fv2%2Fcomments&post=22703"}],"version-history":[{"count":1,"href":"https:\/\/akdenizolaygazetesi.com\/index.php?rest_route=\/wp\/v2\/posts\/22703\/revisions"}],"predecessor-version":[{"id":22705,"href":"https:\/\/akdenizolaygazetesi.com\/index.php?rest_route=\/wp\/v2\/posts\/22703\/revisions\/22705"}],"wp:featuredmedia":[{"embeddable":true,"href":"https:\/\/akdenizolaygazetesi.com\/index.php?rest_route=\/wp\/v2\/media\/22704"}],"wp:attachment":[{"href":"https:\/\/akdenizolaygazetesi.com\/index.php?rest_route=%2Fwp%2Fv2%2Fmedia&parent=22703"}],"wp:term":[{"taxonomy":"category","embeddable":true,"href":"https:\/\/akdenizolaygazetesi.com\/index.php?rest_route=%2Fwp%2Fv2%2Fcategories&post=22703"},{"taxonomy":"post_tag","embeddable":true,"href":"https:\/\/akdenizolaygazetesi.com\/index.php?rest_route=%2Fwp%2Fv2%2Ftags&post=22703"}],"curies":[{"name":"wp","href":"https:\/\/api.w.org\/{rel}","templated":true}]}}