{"id":22706,"date":"2022-12-06T13:04:46","date_gmt":"2022-12-06T10:04:46","guid":{"rendered":"http:\/\/akdenizolaygazetesi.com\/?p=22706"},"modified":"2022-12-06T13:04:46","modified_gmt":"2022-12-06T10:04:46","slug":"kontrollerde-son-kullanma-tarihi-gecmis-ve-eksik-gramajli-urunler-tespit-edildi","status":"publish","type":"post","link":"https:\/\/akdenizolaygazetesi.com\/?p=22706","title":{"rendered":"Kontrollerde, son kullanma tarihi ge\u00e7mi\u015f ve eksik gramajl\u0131 \u00fcr\u00fcnler tespit edildi"},"content":{"rendered":"<p>Akdeniz Belediyesi Zab\u0131ta M\u00fcd\u00fcrl\u00fc\u011f\u00fc ekipleri, halk aras\u0131nda \u20183 harfli marketler\u2019 olarak bilinen zincir AVM\u2019lerde denetim yapt\u0131. Yap\u0131lan kontrollerde son kullanma tarihi ge\u00e7mi\u015f, k\u00fcflenmi\u015f ve gramaj\u0131 eksik baz\u0131 g\u0131da \u00fcr\u00fcnlerine rastlan\u0131rken bu i\u015fyerleri hakk\u0131nda yasal i\u015flem yap\u0131ld\u0131.<br \/>\nAkdeniz Belediyesi, halk sa\u011fl\u0131\u011f\u0131n\u0131 korumak amac\u0131yla g\u0131da sat\u0131\u015f\u0131 yapan i\u015fyerlerine y\u00f6nelik kontrollerini aral\u0131ks\u0131z s\u00fcrd\u00fcr\u00fcyor. Zab\u0131ta M\u00fcd\u00fcrl\u00fc\u011f\u00fc ekipleri, son olarak il\u00e7e s\u0131n\u0131rlar\u0131nda faaliyet g\u00f6steren zincir AVM\u2019lerde s\u0131k\u0131 bir denetim yapt\u0131. \u00d6zellikle vatanda\u015flar\u0131n t\u00fcketimine sunulan g\u0131da \u00fcr\u00fcnlerini kontrol eden ekipler, son kullanma tarihi ge\u00e7mi\u015f s\u00fct \u00fcr\u00fcnleri ile k\u00fcflenmi\u015f, gramaj\u0131 eksik g\u0131da \u00fcr\u00fcnlerine rastlad\u0131. Tarihi ge\u00e7mi\u015f ve k\u00fcfl\u00fc \u00fcr\u00fcnlere el konulurken bu i\u015fyerlerine idari para cezas\u0131 yaz\u0131ld\u0131.<br \/>\n\u201cEn yo\u011fun \u015fik\u00e2yet konusu etiket ile kasadaki fiyat uyu\u015fmazl\u0131\u011f\u0131\u201d<br \/>\nDenetimler hakk\u0131nda bir a\u00e7\u0131klama yapan Akdeniz Belediyesi Zab\u0131ta M\u00fcd\u00fcr\u00fc Ufuk Sivasl\u0131o\u011flu, \u00f6zellikle g\u0131da \u00fcretimi ve sat\u0131\u015f\u0131 yapan i\u015fyerlerine y\u00f6nelik aral\u0131ks\u0131z uygulama yapt\u0131klar\u0131n\u0131 ifade ederek; \u201cKontrol etti\u011fimiz konular\u0131n ba\u015f\u0131nda, raftaki etiket fiyat\u0131 ile kasadaki etiket fiyat\u0131n\u0131n uyu\u015fup uyu\u015fmad\u0131\u011f\u0131 \u00e7\u00fcnk\u00fc vatanda\u015flar\u0131m\u0131zdan gelen en fazla \u015fik\u00e2yet konusu budur. \u0130kinci konu ise fahi\u015f fiyat uygulamalar\u0131d\u0131r. Bunun da tabi daha \u00f6nceki faturalara bakarak kontrol\u00fcn\u00fc sa\u011fl\u0131yoruz. Bir de tarihi ge\u00e7mi\u015f \u00fcr\u00fcnlere ve i\u015fyerinin genel temizli\u011fine bak\u0131yoruz. Bug\u00fcnk\u00fc denetimlerimizde tarihi ge\u00e7mi\u015f ve eksik gramajl\u0131 \u00fcr\u00fcnler tespit ettik ve cezai i\u015flem uygulad\u0131k. Vatanda\u015flar\u0131m\u0131z\u0131n da duyarl\u0131 olmalar\u0131n\u0131 istiyoruz. Denetimlerimiz aral\u0131ks\u0131z devam edecek\u201d diye konu\u015ftu.<br \/>\nSivasl\u0131o\u011flu, baz\u0131 marketlerin kimi zaman \u2018indirim\u2019 ad\u0131 alt\u0131nda da vatanda\u015flar\u0131 aldatabildi\u011fini kaydederek, bu t\u00fcr durumlarda i\u015fyerinin kapat\u0131lmas\u0131na dek cezai i\u015flem uygulanabildi\u011fini s\u00f6zlerine ekledi.  <\/p>\n","protected":false},"excerpt":{"rendered":"<p>Akdeniz Belediyesi Zab\u0131ta M\u00fcd\u00fcrl\u00fc\u011f\u00fc ekipleri, halk aras\u0131nda \u20183 harfli marketler\u2019 olarak bilinen zincir AVM\u2019lerde denetim yapt\u0131. Yap\u0131lan kontrollerde son kullanma tarihi ge\u00e7mi\u015f, k\u00fcflenmi\u015f ve gramaj\u0131 eksik baz\u0131 g\u0131da \u00fcr\u00fcnlerine rastlan\u0131rken &hellip; <a href=\"https:\/\/akdenizolaygazetesi.com\/?p=22706\" class=\"more-link\">Devam\u0131n\u0131 Oku&#8230;<\/a><\/p>\n","protected":false},"author":2,"featured_media":22707,"comment_status":"open","ping_status":"open","sticky":false,"template":"","format":"standard","meta":[],"categories":[3],"tags":[],"_links":{"self":[{"href":"https:\/\/akdenizolaygazetesi.com\/index.php?rest_route=\/wp\/v2\/posts\/22706"}],"collection":[{"href":"https:\/\/akdenizolaygazetesi.com\/index.php?rest_route=\/wp\/v2\/posts"}],"about":[{"href":"https:\/\/akdenizolaygazetesi.com\/index.php?rest_route=\/wp\/v2\/types\/post"}],"author":[{"embeddable":true,"href":"https:\/\/akdenizolaygazetesi.com\/index.php?rest_route=\/wp\/v2\/users\/2"}],"replies":[{"embeddable":true,"href":"https:\/\/akdenizolaygazetesi.com\/index.php?rest_route=%2Fwp%2Fv2%2Fcomments&post=22706"}],"version-history":[{"count":1,"href":"https:\/\/akdenizolaygazetesi.com\/index.php?rest_route=\/wp\/v2\/posts\/22706\/revisions"}],"predecessor-version":[{"id":22708,"href":"https:\/\/akdenizolaygazetesi.com\/index.php?rest_route=\/wp\/v2\/posts\/22706\/revisions\/22708"}],"wp:featuredmedia":[{"embeddable":true,"href":"https:\/\/akdenizolaygazetesi.com\/index.php?rest_route=\/wp\/v2\/media\/22707"}],"wp:attachment":[{"href":"https:\/\/akdenizolaygazetesi.com\/index.php?rest_route=%2Fwp%2Fv2%2Fmedia&parent=22706"}],"wp:term":[{"taxonomy":"category","embeddable":true,"href":"https:\/\/akdenizolaygazetesi.com\/index.php?rest_route=%2Fwp%2Fv2%2Fcategories&post=22706"},{"taxonomy":"post_tag","embeddable":true,"href":"https:\/\/akdenizolaygazetesi.com\/index.php?rest_route=%2Fwp%2Fv2%2Ftags&post=22706"}],"curies":[{"name":"wp","href":"https:\/\/api.w.org\/{rel}","templated":true}]}}