{"id":22712,"date":"2022-12-06T13:09:24","date_gmt":"2022-12-06T10:09:24","guid":{"rendered":"http:\/\/akdenizolaygazetesi.com\/?p=22712"},"modified":"2022-12-06T13:09:24","modified_gmt":"2022-12-06T10:09:24","slug":"baskan-secer-sagladigimiz-faydanin-karsiligi-insanliga-yarar-saglamak","status":"publish","type":"post","link":"https:\/\/akdenizolaygazetesi.com\/?p=22712","title":{"rendered":"BA\u015eKAN SE\u00c7ER: &#8220;SA\u011eLADI\u011eIMIZ FAYDANIN KAR\u015eILI\u011eI \u0130NSANLI\u011eA YARAR SA\u011eLAMAK&#8221;"},"content":{"rendered":"<p>Mersin B\u00fcy\u00fck\u015fehir Belediyesi, B\u00fcy\u00fck\u015fehir Belediyesi Kad\u0131n ve Aile Hizmetleri Dairesi b\u00fcnyesinde kurulan G\u00f6n\u00fcll\u00fcler \u015eube M\u00fcd\u00fcrl\u00fc\u011f\u00fc koordinesinde kent genelinde toplum yarar\u0131na g\u00f6n\u00fcll\u00fcler ordusu olarak hizmet \u00fcreten vatanda\u015flar i\u00e7in &#8216;5 Aral\u0131k D\u00fcnya G\u00f6n\u00fcll\u00fcler G\u00fcn\u00fc&#8217;  dolay\u0131s\u0131yla bir bulu\u015fma etkinli\u011fi d\u00fczenledi. Bug\u00fcne kadar \u00fcretilen hizmetlerin konu\u015fuldu\u011fu ve birlik duygular\u0131n\u0131n peki\u015ftirildi\u011fi etkinli\u011fe; B\u00fcy\u00fck\u015fehir Belediye Ba\u015fkan\u0131 Vahap Se\u00e7er ile birlikte Mersinden Kad\u0131n Kooperatifi Y\u00f6netim Kurulu Ba\u015fkan\u0131 ve Mersin B\u00fcy\u00fck\u015fehir Belediyesi&#8217;nin ilk g\u00f6n\u00fcll\u00fcs\u00fc Meral Se\u00e7er de kat\u0131ld\u0131. Ba\u015fkan Se\u00e7er, g\u00f6n\u00fcll\u00fclere sunduklar\u0131 destekler ve dayan\u0131\u015fma duygular\u0131 i\u00e7in te\u015fekk\u00fcr ederken, programda toplam 69 g\u00f6n\u00fcll\u00fcye plaketleri verildi.<br \/>\nBa\u015fkan Se\u00e7er: &#8220;Sa\u011flad\u0131\u011f\u0131m\u0131z faydan\u0131n kar\u015f\u0131l\u0131\u011f\u0131 insanl\u0131\u011fa yarar sa\u011flamak&#8221;<br \/>\nHi\u00e7bir kar\u015f\u0131l\u0131k beklemeden g\u00f6n\u00fcll\u00fcl\u00fck esasl\u0131 yap\u0131lan i\u015fleri \u00e7ok anlaml\u0131 buldu\u011funu s\u00f6yleyen Ba\u015fkan Se\u00e7er, &#8220;Kimse bir kar\u015f\u0131l\u0131k beklemiyor mutlaka ama beklenen kar\u015f\u0131l\u0131k; kad\u0131nlara, \u00e7ocuklara, toplumumuza, dezavantajl\u0131 insanlar\u0131m\u0131za fayda sa\u011flamak ve onlara sa\u011flad\u0131\u011f\u0131m\u0131z faydan\u0131n t\u00fcm topluma yay\u0131lmas\u0131, memleketimize, \u00fclkemize, hatta global anlamda insanl\u0131\u011fa yarar sa\u011flamak. Birine bir iyilik yapt\u0131\u011f\u0131n\u0131z zaman onun mutlu olmas\u0131 sizi ondan daha fazla mutlu eder. D\u00fcnyalar sizin olur. \u00d6yledir. Size biri bir ricada bulunur, kar\u015f\u0131l\u0131k beklemeden yard\u0131mc\u0131 olursunuz. E\u011fer yard\u0131mc\u0131 olabilirseniz onun sonucunu aktar\u0131rken, m\u00fcjdesini verirken siz ondan daha heyecanl\u0131 olursunuz. Bu hissi ta\u015f\u0131yan, iyi kalpli insand\u0131r. Zaten k\u00f6t\u00fc kalpli insan\u0131n b\u00f6yle i\u015flere zaman ay\u0131racak bir derdi falan yoktur. \u00d6yle bir kayg\u0131s\u0131 yoktur.  G\u00f6n\u00fcll\u00fcl\u00fck bir de insan olmakt\u0131r. Onun i\u00e7in hepinizi de\u011ferli buluyorum. Bir kere iyi insan olarak g\u00f6r\u00fcyorum. Bu her \u015feyden \u00e7ok \u00f6nemli&#8221; dedi.<br \/>\nG\u00f6n\u00fcll\u00fclerin yapt\u0131klar\u0131 ba\u015far\u0131l\u0131 ve g\u00fczel i\u015flerin \u00e7ok kutsal oldu\u011fu vurgusunu yapan Ba\u015fkan Se\u00e7er, t\u00fcm g\u00f6n\u00fcll\u00fclere te\u015fekk\u00fcr etti. \u0130nsanlar\u0131n birbirini sevmesini, saymas\u0131n\u0131 \u00f6nemsediklerinin kaydeden Ba\u015fkan Se\u00e7er, insanlar\u0131n Mersin ko\u015fullar\u0131 i\u00e7erisinde birbirini ay\u0131racak \u00f6zelliklere kar\u015f\u0131 g\u00f6z perdelerini kapatmas\u0131 gerekti\u011fini s\u00f6yleyerek, &#8220;G\u00f6rmesin onun fark\u0131n\u0131; ne yoksullu\u011funu ne zenginli\u011fini ne me\u015frebini ne mezhebini ne oturdu\u011fu b\u00f6lgeyi ne cinsiyetini. \u0130nsan olarak baks\u0131n. Ben vatanda\u015flar\u0131ma Ba\u015fkan\u0131n\u0131z olarak b\u00f6yle bak\u0131yorum&#8221; dedi<br \/>\n&#8220;Mersin B\u00fcy\u00fck\u015fehir Belediye Ba\u015fkanl\u0131\u011f\u0131 mesai ister, y\u00fcrek ister&#8221;<br \/>\nToplum yarar\u0131 i\u00e7in siyasetin de asl\u0131nda kutsal bir g\u00f6rev ta\u015f\u0131d\u0131\u011f\u0131na dikkat \u00e7eken Ba\u015fkan Se\u00e7er, \u015f\u00f6yle devam etti:<br \/>\n&#8220;\u015eimdi siz g\u00f6n\u00fcll\u00fc olarak yararl\u0131 oldu\u011funuz zaman ne kadar mutlu oluyorsunuz de\u011fil mi? Bak\u0131n; ba\u015fkanl\u0131k, bir ba\u015fka makam, bir siyaset\u00e7i i\u00e7in ba\u015fka anlamlar ifade etmiyorsa insanlar\u0131n mutlulu\u011fu, hay\u0131r duas\u0131, te\u015fekk\u00fcr\u00fc, onun tek beklentisidir. Ba\u015fka bir beklentisi varsa zaten yad\u0131rgad\u0131\u011f\u0131m\u0131z o zaten. Toplum onun i\u00e7in \u00e7\u00fcr\u00fcyor. Yolsuzluk, r\u00fc\u015fvet, adam kay\u0131rmac\u0131l\u0131k, israf&#8230; Toplum onun i\u00e7in \u00e7\u00fcr\u00fcyor. Siyaset \u00e7\u00fcr\u00fct\u00fcyor ama b\u00f6yle bir derdi yoksa ne yapabilir? \u015eimdi ba\u015fkan\u0131n b\u00f6yle bir derdi yoksa hi\u00e7bir insan\u0131n kabul edemeyece\u011fi \u00e7a\u011fda\u015f, iyi yeti\u015fmi\u015f bir insan\u0131n kabul edemeyece\u011fi bu huyu yok ise ne bekler? Ne bekler Vahap Se\u00e7er? Mersin B\u00fcy\u00fck\u015fehir Belediye Ba\u015fkanl\u0131\u011f\u0131 mesai ister, y\u00fcrek ister. Her \u015feyden \u00f6nemlisi \u00e7elik gibi sinir sistemi ister. Yani b\u00fct\u00fcn bunlar yoksa hayat\u0131n\u0131z zindand\u0131r. Ne bekler? \u015eunu bekler. Yapt\u0131\u011f\u0131m hizmetler kar\u015f\u0131l\u0131\u011f\u0131nda Ay\u015fe ablam\u0131n, Fatma bac\u0131m\u0131n, Mehmet abimin, Ahmet karde\u015fimin, Ali \u00e7ocu\u011fumun ya da Zeynep k\u0131z\u0131m\u0131n y\u00fcz\u00fc g\u00fcl\u00fcyor mu? Buna bakar, g\u00fcl\u00fcyorsa en b\u00fcy\u00fck servet benim i\u00e7in odur. Daha bir halk dili ile konu\u015fay\u0131m; namuslu bir siyaset\u00e7i i\u00e7in beklenti bundan ba\u015fka bir \u015fey de\u011fil.&#8221;<br \/>\n&#8220;Vatan\u0131m\u0131z, bayra\u011f\u0131m\u0131z bizim de\u011ferimizdir. Bunu icraatlar\u0131m\u0131zla ortaya koymaya \u00e7al\u0131\u015f\u0131yoruz&#8221;<br \/>\n&#8220;Hepimiz bu \u00fclkenin kalk\u0131nmas\u0131n\u0131 istiyoruz. Hepimiz insanl\u0131\u011f\u0131n kalk\u0131nmas\u0131n\u0131 istiyoruz&#8221; ifadeleri ile konu\u015fmas\u0131n\u0131 s\u00fcrd\u00fcren Ba\u015fkan Se\u00e7er, &#8220;85 milyon bizim de\u011ferimizdir. Vatan\u0131m\u0131z bizim de\u011ferimizdir. Bayra\u011f\u0131m\u0131z bizim de\u011ferimizdir. Bunu g\u00f6n\u00fclden s\u00f6yl\u00fcyoruz. Bunu hep beraber yapt\u0131klar\u0131m\u0131zla, \u00e7abalar\u0131m\u0131zla, icraatlar\u0131m\u0131zla ortaya koymaya \u00e7al\u0131\u015f\u0131yoruz. \u0130\u015f retorikte kald\u0131 m\u0131 herkes en b\u00fcy\u00fck vatanseverdir. \u0130\u015f konu\u015fmaya kal\u0131rsa herkes kendini d\u00fcr\u00fcst addeder. \u0130\u015f konu\u015fmaya kal\u0131rsa herkes i\u00e7in kendisi en iyidir, en g\u00fczeldir. Ama &#8216;Ayinesi ki\u015finin i\u015ftir, lafa bak\u0131lmaz&#8217;. Yapt\u0131klar\u0131n\u0131z. \u0130\u015fte siz bunlar\u0131 yap\u0131yorsunuz. Sizin kendinizle ilgili bir tan\u0131mlama yapman\u0131za gerek yok. Ben ve arkada\u015flar\u0131m, Belediyenin Ba\u015fkan\u0131 olarak ben ve benimle beraber \u00e7al\u0131\u015fan \u00e7al\u0131\u015fma arkada\u015flar\u0131m sizlerin yan\u0131ndad\u0131r. E\u015fimin bu \u00e7aba i\u00e7erisinde olmas\u0131 benim i\u00e7in bir Ba\u015fkan i\u00e7in bulunmaz bir servettir. Hepimiz bu y\u00f6renin insan\u0131y\u0131z. Biz aile olarak hep beraber, g\u00f6rev yapt\u0131\u011f\u0131m\u0131z s\u00fcre ve vazife ald\u0131\u011f\u0131m\u0131z g\u00f6rev i\u00e7erisinde hakikaten ho\u015f bir seda b\u0131rakabilmek ve ondan sonra aln\u0131 a\u00e7\u0131k ba\u015f\u0131 dik ayr\u0131lmak isteriz. \u00c7ok te\u015fekk\u00fcr ediyorum. Bug\u00fcn bu toplant\u0131ya kat\u0131ld\u0131\u011f\u0131m i\u00e7in de mutlu oldu\u011fumu da ifade etmek isterim. Umut ediyorum gelecek g\u00fcnler bug\u00fcnlerden daha g\u00fczel olacak&#8221; dedi.<br \/>\nMeral Se\u00e7er, &#8220;Hepimiz bu g\u00f6n\u00fcll\u00fck \u00e7al\u0131\u015fmalar\u0131nda toplum yarar\u0131na kad\u0131n\u0131n ve dolay\u0131s\u0131yla \u00fclkemizin g\u00fc\u00e7lenmesini istiyoruz&#8221;<br \/>\nMersinden Kad\u0131n Kooperatifi Y\u00f6netim Kurulu Ba\u015fkan\u0131 ve ayr\u0131ca B\u00fcy\u00fck\u015fehir Belediyesi&#8217;nin ilk g\u00f6n\u00fcll\u00fcs\u00fc olan Meral Se\u00e7er de bir konu\u015fma yapt\u0131. 5 Aral\u0131k&#8217;\u0131n &#8216;D\u00fcnya G\u00f6n\u00fcll\u00fcler G\u00fcn\u00fc&#8217; olmas\u0131n\u0131n yan\u0131 s\u0131ra T\u00fcrk kad\u0131n\u0131na se\u00e7me ve se\u00e7ilme hakk\u0131n\u0131n verildi\u011fi g\u00fcn olarak da ayr\u0131 bir anlam ta\u015f\u0131d\u0131\u011f\u0131n\u0131 ifade eden Meral Se\u00e7er, t\u00fcm kad\u0131nlar ad\u0131na Ulu \u00d6nder Mustafa Kemal Atat\u00fcrk&#8217;e sevgi, minnet ve sayg\u0131lar\u0131n\u0131 sundu. Etkinli\u011fin \u00f6nemine dikkat \u00e7eken Meral Se\u00e7er, &#8220;G\u00f6n\u00fcll\u00fcl\u00fck denince akla ilk olarak hi\u00e7bir kar\u015f\u0131l\u0131k beklemeden bireyin; eme\u011fini, zaman\u0131n\u0131, tecr\u00fcbesini toplum yarar\u0131na aktarmas\u0131 geliyor. Farkl\u0131 d\u00fc\u015f\u00fcn\u00fcyorum ben. Bir kar\u015f\u0131l\u0131k bekliyorum. Sizin de \u00f6yle d\u00fc\u015f\u00fcnd\u00fc\u011f\u00fcn\u00fcze inan\u0131yorum. Hepimiz asl\u0131nda bu g\u00f6n\u00fcll\u00fcl\u00fck \u00e7al\u0131\u015fmalar\u0131nda toplum yarar\u0131na kad\u0131n\u0131n g\u00fc\u00e7lenmesi ve dolay\u0131s\u0131yla \u00fclkemizin g\u00fc\u00e7lenmesini istiyoruz. Bunun hepimizin ortak fikri oldu\u011funa inan\u0131yorum&#8221; dedi. G\u00f6n\u00fcll\u00fcl\u00fck \u00e7al\u0131\u015fmalar\u0131na 2019 y\u0131l\u0131nda ba\u015flad\u0131klar\u0131n\u0131 ve Mersin B\u00fcy\u00fck\u015fehir Belediyesi Kad\u0131n ve Aile Hizmetleri Dairesi b\u00fcnyesinde G\u00f6n\u00fcll\u00fcl\u00fck \u015eube M\u00fcd\u00fcrl\u00fc\u011f\u00fc&#8217;n\u00fcn kuruldu\u011funu an\u0131msatan Meral Se\u00e7er, bu birimin kurulmas\u0131nda eme\u011fi ge\u00e7en herkese te\u015fekk\u00fcr etti. Se\u00e7er, \u015f\u00f6yle devam etti:<br \/>\n&#8220;G\u00f6n\u00fcll\u00fcl\u00fck \u00e7al\u0131\u015fmas\u0131na ba\u015flad\u0131\u011f\u0131m\u0131zda de\u011ferli ama\u00e7lar\u0131m\u0131z vard\u0131. &#8216;Mersin&#8217;in 13 il\u00e7esinde kad\u0131nlar\u0131m\u0131z neler yapar? Hangi sosyal faaliyetlerle u\u011fra\u015f\u0131rlar? \u00c7ocuklar\u0131 i\u00e7in neler yaparlar? Sorunlar\u0131 ve talepleri nelerdir?&#8217; bunlar\u0131 tespit etmekti. Mersin B\u00fcy\u00fck\u015fehir Belediyesi b\u00fcnyesindeki dairelerle birlikte yapabilirdik, yap\u0131yorduk da ancak toplumumuzda yapt\u0131\u011f\u0131m\u0131z g\u00f6r\u00fc\u015fmeler sonucunda emeklisinden aktif halde olan i\u015f insan\u0131na, kurum ve kurulu\u015flarda bu g\u00f6n\u00fcll\u00fc \u00e7al\u0131\u015fmalara destek vermek istediklerini ancak bu deste\u011fi de nas\u0131l vereceklerini bilmediklerini g\u00f6rd\u00fck. G\u00f6n\u00fcll\u00fcl\u00fck \u00e7al\u0131\u015fmas\u0131 bu \u00e7al\u0131\u015fmalara da bir k\u00f6pr\u00fc oldu. Sizler, \u015fu anda aram\u0131zda bulunan sevgili g\u00f6n\u00fcll\u00fclerimiz bu k\u00f6pr\u00fcden dolay\u0131 kad\u0131nlar\u0131m\u0131zla \u00e7al\u0131\u015fmalarda bir araya geldiler. Onun i\u00e7in g\u00f6n\u00fcll\u00fcl\u00fck \u00e7al\u0131\u015fmas\u0131n\u0131 \u00e7ok \u00f6nemsiyorum.&#8221;<br \/>\n13 il\u00e7ede yapt\u0131klar\u0131 toplant\u0131larda kad\u0131nlar\u0131n \u00fcrettiklerini ekonomik de\u011fere d\u00f6n\u00fc\u015ft\u00fcrmek ve b\u00f6ylece hem ailelerine katk\u0131 sunmak hem de bir beceri elde etmek istediklerini g\u00f6rd\u00fcklerini s\u00f6yleyen Se\u00e7er, Mersin B\u00fcy\u00fck\u015fehir Belediyesi&#8217;nin kad\u0131nlar\u0131n \u00fcrettikleri \u00fcr\u00fcnleri de\u011ferlendirmesi konusunda a\u00e7t\u0131\u011f\u0131 \u00fcretici stantlar\u0131n\u0131n bu g\u00f6n\u00fcll\u00fc toplant\u0131lar\u0131 sonucunda hayat buldu\u011funu belirtti. \u00dcretici stantlar\u0131 a\u00e7arak g\u00fc\u00e7lenen kad\u0131nlar\u0131n daha sonraki toplant\u0131larda yeni fikirler ortaya koydu\u011funu s\u00f6yleyen Se\u00e7er, ayr\u0131ca bu faaliyetlerle birlikte bir\u00e7ok kad\u0131n\u0131n i\u015f yeri a\u00e7t\u0131\u011f\u0131n\u0131 ve bu say\u0131n\u0131n g\u00fcn ge\u00e7tik\u00e7e daha da artt\u0131\u011f\u0131 bilgisini payla\u015ft\u0131. Bu geli\u015fmelerin mutluluk verdi\u011fini dile getiren Meral Se\u00e7er, &#8220;\u00c7\u00fcnk\u00fc kad\u0131nlar g\u00fc\u00e7lendik\u00e7e toplum g\u00fc\u00e7lenecek, \u00fclkemiz daha ileri seviyelere gidecek&#8221; dedi.<br \/>\nG\u00f6n\u00fcll\u00fck \u00e7al\u0131\u015fmalar\u0131nda elde edilen ba\u015far\u0131lar ve hayata ge\u00e7irilen hizmetler hakk\u0131nda da k\u0131sa bilgiler payla\u015fan Se\u00e7er, yap\u0131lan \u00e7al\u0131\u015fmalarla fark\u0131ndal\u0131k yarat\u0131ld\u0131\u011f\u0131n\u0131 ve hep birlikte Mersin&#8217;in parlayan y\u0131ld\u0131z\u0131n\u0131 daha da y\u00fckseklere \u00e7\u0131karacaklar\u0131na inand\u0131\u011f\u0131n\u0131 ifade etti. Ba\u015far\u0131l\u0131 \u00e7al\u0131\u015fmalar sonucunda edindi\u011fi bir ba\u015fka inanc\u0131 da payla\u015fan Se\u00e7er, &#8220;Asl\u0131nda bu \u00e7al\u0131\u015fmalar\u0131m\u0131z\u0131n sonunda g\u00f6rd\u00fc\u011f\u00fcm, &#8216;Ben&#8217; duygusunun de\u011fil &#8216;Biz&#8217; duygusunun giderek i\u00e7imize i\u015fledi\u011fi, yani hep beraber birlikte g\u00fc\u00e7 birli\u011fi, el birli\u011fi yaparak \u00e7ok iyi noktalara gidece\u011fimize inan\u0131yorum. Bunun yan\u0131nda konu\u015fmam\u0131 bitirmeden \u00f6nce biz g\u00f6n\u00fcll\u00fclere bu f\u0131rsat\u0131 veren Mersin B\u00fcy\u00fck\u015fehir Belediye Ba\u015fkan\u0131m\u0131za \u00e7ok te\u015fekk\u00fcr ediyorum&#8221; diye konu\u015ftu.<br \/>\nKonu\u015fmalar\u0131n ard\u0131ndan Ba\u015fkan Se\u00e7er, kar\u015f\u0131l\u0131k beklemeden toplum yarar\u0131 i\u00e7in \u00e7al\u0131\u015fan Mersin B\u00fcy\u00fck\u015fehir Belediyesi g\u00f6n\u00fcll\u00fclerine plaket verdi.  Etkinlikte; Mersinden Kad\u0131n Kooperatifi Y\u00f6netim Kurulu Ba\u015fkan\u0131 Meral Se\u00e7er, Mersin B\u00fcy\u00fck\u015fehir Belediyesi Genel Sekreteri Olcay Tok, Mersin B\u00fcy\u00fck\u015fehir Belediyesi Genel Sekreter Yard\u0131mc\u0131lar\u0131 Serdal G\u00f6kayaz ile Ali R\u0131za \u00d6zdemir ve Mersin B\u00fcy\u00fck\u015fehir Belediyesi Kad\u0131n ve Aile Hizmetleri Dairesi Ba\u015fkan\u0131 \u015eerife Haso\u011flu Dokucu taraf\u0131ndan da g\u00f6n\u00fcll\u00fclere plaket verildi.<br \/>\nProgram, yemek ve toplu foto\u011fraf \u00e7ekimi ile devam etti.<\/p>\n","protected":false},"excerpt":{"rendered":"<p>Mersin B\u00fcy\u00fck\u015fehir Belediyesi, B\u00fcy\u00fck\u015fehir Belediyesi Kad\u0131n ve Aile Hizmetleri Dairesi b\u00fcnyesinde kurulan G\u00f6n\u00fcll\u00fcler \u015eube M\u00fcd\u00fcrl\u00fc\u011f\u00fc koordinesinde kent genelinde toplum yarar\u0131na g\u00f6n\u00fcll\u00fcler ordusu olarak hizmet \u00fcreten vatanda\u015flar i\u00e7in &#8216;5 Aral\u0131k D\u00fcnya &hellip; <a href=\"https:\/\/akdenizolaygazetesi.com\/?p=22712\" class=\"more-link\">Devam\u0131n\u0131 Oku&#8230;<\/a><\/p>\n","protected":false},"author":2,"featured_media":22713,"comment_status":"open","ping_status":"open","sticky":false,"template":"","format":"standard","meta":[],"categories":[2,3,5],"tags":[],"_links":{"self":[{"href":"https:\/\/akdenizolaygazetesi.com\/index.php?rest_route=\/wp\/v2\/posts\/22712"}],"collection":[{"href":"https:\/\/akdenizolaygazetesi.com\/index.php?rest_route=\/wp\/v2\/posts"}],"about":[{"href":"https:\/\/akdenizolaygazetesi.com\/index.php?rest_route=\/wp\/v2\/types\/post"}],"author":[{"embeddable":true,"href":"https:\/\/akdenizolaygazetesi.com\/index.php?rest_route=\/wp\/v2\/users\/2"}],"replies":[{"embeddable":true,"href":"https:\/\/akdenizolaygazetesi.com\/index.php?rest_route=%2Fwp%2Fv2%2Fcomments&post=22712"}],"version-history":[{"count":1,"href":"https:\/\/akdenizolaygazetesi.com\/index.php?rest_route=\/wp\/v2\/posts\/22712\/revisions"}],"predecessor-version":[{"id":22714,"href":"https:\/\/akdenizolaygazetesi.com\/index.php?rest_route=\/wp\/v2\/posts\/22712\/revisions\/22714"}],"wp:featuredmedia":[{"embeddable":true,"href":"https:\/\/akdenizolaygazetesi.com\/index.php?rest_route=\/wp\/v2\/media\/22713"}],"wp:attachment":[{"href":"https:\/\/akdenizolaygazetesi.com\/index.php?rest_route=%2Fwp%2Fv2%2Fmedia&parent=22712"}],"wp:term":[{"taxonomy":"category","embeddable":true,"href":"https:\/\/akdenizolaygazetesi.com\/index.php?rest_route=%2Fwp%2Fv2%2Fcategories&post=22712"},{"taxonomy":"post_tag","embeddable":true,"href":"https:\/\/akdenizolaygazetesi.com\/index.php?rest_route=%2Fwp%2Fv2%2Ftags&post=22712"}],"curies":[{"name":"wp","href":"https:\/\/api.w.org\/{rel}","templated":true}]}}