{"id":22715,"date":"2022-12-06T13:11:07","date_gmt":"2022-12-06T10:11:07","guid":{"rendered":"http:\/\/akdenizolaygazetesi.com\/?p=22715"},"modified":"2022-12-06T13:11:07","modified_gmt":"2022-12-06T10:11:07","slug":"baskan-ozyigitten-miray-ulasa-tebrik-ziyareti","status":"publish","type":"post","link":"https:\/\/akdenizolaygazetesi.com\/?p=22715","title":{"rendered":"Ba\u015fkan \u00d6zyi\u011fit\u2019ten Miray Ula\u015f\u2019a tebrik ziyareti"},"content":{"rendered":"<p>Mersin Yeni\u015fehir Belediye Ba\u015fkan\u0131 Abdullah \u00d6zyi\u011fit T\u00fcrkiye\u2019nin ilk kad\u0131n paratriatleti olan milli yelkenci ve y\u00fcz\u00fcc\u00fc Miray Ula\u015f\u2019\u0131 evinde ziyaret etti. Japonya&#8217;n\u0131n Hiro\u015fima kentinde d\u00fczenlenen 2022 Paralimpik D\u00fcnya Yelken \u015eampiyonas\u0131&#8217;nda d\u00fcnya ikincisi olan Miray Ula\u015f\u2019\u0131 tebrik eden Ba\u015fkan Abdullah \u00d6zyi\u011fit \u201cEvin madalya cenneti gibi olmu\u015f. Siz de\u011ferli sporcular\u0131m\u0131z\u0131n daima arkas\u0131nday\u0131z. Ba\u015far\u0131lar\u0131n\u0131zla gurur duyuyoruz.\u201d \u015feklinde konu\u015ftu.<br \/>\nMersin Yeni\u015fehir Belediye Ba\u015fkan\u0131 Abdullah \u00d6zyi\u011fit, y\u00fczmede 39 T\u00fcrkiye \u015fampiyonlu\u011fu ve yelkende d\u00fcnya \u00fc\u00e7\u00fcnc\u00fcl\u00fc\u011f\u00fc olan paralimpik milli sporcu Miray Ula\u015f\u2019\u0131n ve ailesinin misafiri oldu. Evin her k\u00f6\u015fesinde madalyalar\u0131 ve kupalar\u0131 g\u00f6ren Ba\u015fkan Abdullah \u00d6zyi\u011fit Miray Ula\u015f\u2019\u0131 tebrik ederek \u201cSizler isteyin biz yapal\u0131m. Her zaman yan\u0131n\u0131zday\u0131z. Ba\u015far\u0131lar\u0131n daim olsun.\u201d dedi.Yeni\u015fehir Belediyesi taraf\u0131ndan d\u00fczenlenen ve Miray Ula\u015f\u2019\u0131n da daha \u00f6nce yar\u0131\u015ft\u0131\u011f\u0131 triatlon yar\u0131\u015flar\u0131 ile ilgili konu\u015fan Ba\u015fkan \u00d6zyi\u011fit, \u201cYeni\u015fehir il\u00e7esi deniz kenar\u0131nda olan bir il\u00e7e ve bu sporlara uygun. Avrupa \u015eampiyonas\u0131\u2019na ev sahipli\u011fi yapm\u0131\u015f olmak da hem kent hem de il\u00e7emiz i\u00e7in k\u0131ymetli. Umar\u0131m d\u00fcnya \u015fampiyonalar\u0131na da ev sahipli\u011fi yapar\u0131z. Avrupa Triatlon Federasyon Ba\u015fkan\u0131m\u0131zla bu konuyu g\u00f6r\u00fc\u015fece\u011fim.\u201difadelerini kulland\u0131.<br \/>\nMilli yelkenci ve y\u00fcz\u00fcc\u00fc Miray Ula\u015f Yeni\u015fehir Triatlonu\u2019nun kent i\u00e7in \u00e7ok \u00f6nemli oldu\u011funu vurgulayarak Ba\u015fkan \u00d6zyi\u011fit\u2019e spora ve sporcuya g\u00f6sterdi\u011fi ilgiden dolay\u0131 te\u015fekk\u00fcr etti. Ula\u015f \u201cMersin\u2019in parkuru \u00e7ok g\u00fczel. Farkl\u0131 \u00fclkelerden triatlon yar\u0131\u015flar\u0131 i\u00e7in gelen yar\u0131\u015fmac\u0131larla konu\u015ftu\u011fumda onlarda parkuru \u00e7ok be\u011fenmi\u015flerdi. Umar\u0131m Paratriatlon D\u00fcnya Kupas\u0131 yar\u0131\u015flar\u0131 da Yeni\u015fehir\u2019de olur.\u201difadesine yer verdi. Ayr\u0131ca do\u011fum g\u00fcn\u00fc de olan Miray Ula\u015f bu ziyaretin kendisi i\u00e7in \u00e7ok anlaml\u0131 bir do\u011fum g\u00fcn\u00fc hediyesi oldu\u011funu s\u00f6zlerine ekledi.<br \/>\nMersin do\u011fumlu Miray Ula\u015f, paralimpik milli yelkenci ve y\u00fcz\u00fcc\u00fcd\u00fcr. Sa\u011f eli do\u011fu\u015ftan amp\u00fcte olan 24 ya\u015f\u0131ndaki milli sporcu Marmara \u00dcniversitesi Spor Y\u00f6neticili\u011fi B\u00f6l\u00fcm\u00fc\u2019nden mezun. T\u00fcrkiye\u2019nin ilk kad\u0131n paratriatleti olan Miray Ula\u015f\u2019\u0131n Para Y\u00fczme Bran\u015f\u0131nda;39 tane T\u00fcrkiye \u015eampiyonlu\u011fu,2 tane T\u00fcrkiye 2\u2019ncili\u011fi, d\u00f6rd\u00fc K\u0131talararas\u0131 Bo\u011faz Yar\u0131\u015f\u0131 olmak \u00fczere, be\u015f tane a\u00e7\u0131k su y\u00fczme yar\u0131\u015flar\u0131na kat\u0131l\u0131m,Samsung K\u0131talararas\u0131 Bo\u011faz Y\u00fczme yar\u0131\u015f\u0131nda 6.5 km y\u00fczerek para genel klasmanda 3\u2019\u00fcnc\u00fcl\u00fck, para kad\u0131nlar 1\u2019incili\u011fi bulunuyor.Para Yelken Bran\u015f\u0131nda ise;4 defa T\u00fcrkiye \u015eampiyonlu\u011fu, Avrupa 5\u2019incili\u011fi, iki defa Avrupa 4\u2019\u00fcnc\u00fcl\u00fc\u011f\u00fc, D\u00fcnya 8\u2019incili\u011fi, D\u00fcnya 6\u2019nc\u0131l\u0131\u011f\u0131, D\u00fcnya 5\u2019incili\u011fi ba\u015far\u0131lar\u0131 da yer al\u0131yor. Mersin\u2019de16-21 Eyl\u00fcl 2021 tarihinde d\u00fczenlenen Para Yelken T\u00fcrkiye \u015eampiyonas\u0131nda birinci olarak \u0130talya&#8217;da d\u00fczenlenen Paralimpik D\u00fcnya Yelken \u015eampiyonas\u0131&#8217;na kat\u0131lmaya hak kazanan Ula\u015f \u015fampiyonada bronz madalya alarak d\u00fcnya \u00fc\u00e7\u00fcnc\u00fc oldu. Ayr\u0131ca ge\u00e7ti\u011fimiz ekim ay\u0131nda Japonya&#8217;da d\u00fczenlenen Para Yelken D\u00fcnya \u015eampiyonas\u0131&#8217;nda milli sporcu Miray Ula\u015f, g\u00fcm\u00fc\u015f madalya kazanarak d\u00fcnya ikincisi oldu.<\/p>\n","protected":false},"excerpt":{"rendered":"<p>Mersin Yeni\u015fehir Belediye Ba\u015fkan\u0131 Abdullah \u00d6zyi\u011fit T\u00fcrkiye\u2019nin ilk kad\u0131n paratriatleti olan milli yelkenci ve y\u00fcz\u00fcc\u00fc Miray Ula\u015f\u2019\u0131 evinde ziyaret etti. Japonya&#8217;n\u0131n Hiro\u015fima kentinde d\u00fczenlenen 2022 Paralimpik D\u00fcnya Yelken \u015eampiyonas\u0131&#8217;nda d\u00fcnya &hellip; <a href=\"https:\/\/akdenizolaygazetesi.com\/?p=22715\" class=\"more-link\">Devam\u0131n\u0131 Oku&#8230;<\/a><\/p>\n","protected":false},"author":2,"featured_media":22716,"comment_status":"open","ping_status":"open","sticky":false,"template":"","format":"standard","meta":[],"categories":[2,3,5,10],"tags":[],"_links":{"self":[{"href":"https:\/\/akdenizolaygazetesi.com\/index.php?rest_route=\/wp\/v2\/posts\/22715"}],"collection":[{"href":"https:\/\/akdenizolaygazetesi.com\/index.php?rest_route=\/wp\/v2\/posts"}],"about":[{"href":"https:\/\/akdenizolaygazetesi.com\/index.php?rest_route=\/wp\/v2\/types\/post"}],"author":[{"embeddable":true,"href":"https:\/\/akdenizolaygazetesi.com\/index.php?rest_route=\/wp\/v2\/users\/2"}],"replies":[{"embeddable":true,"href":"https:\/\/akdenizolaygazetesi.com\/index.php?rest_route=%2Fwp%2Fv2%2Fcomments&post=22715"}],"version-history":[{"count":1,"href":"https:\/\/akdenizolaygazetesi.com\/index.php?rest_route=\/wp\/v2\/posts\/22715\/revisions"}],"predecessor-version":[{"id":22717,"href":"https:\/\/akdenizolaygazetesi.com\/index.php?rest_route=\/wp\/v2\/posts\/22715\/revisions\/22717"}],"wp:featuredmedia":[{"embeddable":true,"href":"https:\/\/akdenizolaygazetesi.com\/index.php?rest_route=\/wp\/v2\/media\/22716"}],"wp:attachment":[{"href":"https:\/\/akdenizolaygazetesi.com\/index.php?rest_route=%2Fwp%2Fv2%2Fmedia&parent=22715"}],"wp:term":[{"taxonomy":"category","embeddable":true,"href":"https:\/\/akdenizolaygazetesi.com\/index.php?rest_route=%2Fwp%2Fv2%2Fcategories&post=22715"},{"taxonomy":"post_tag","embeddable":true,"href":"https:\/\/akdenizolaygazetesi.com\/index.php?rest_route=%2Fwp%2Fv2%2Ftags&post=22715"}],"curies":[{"name":"wp","href":"https:\/\/api.w.org\/{rel}","templated":true}]}}