{"id":22727,"date":"2022-12-06T13:20:06","date_gmt":"2022-12-06T10:20:06","guid":{"rendered":"http:\/\/akdenizolaygazetesi.com\/?p=22727"},"modified":"2022-12-06T13:20:06","modified_gmt":"2022-12-06T10:20:06","slug":"turk-kadini-hayatin-her-alaninda-basariyla-ilerliyor","status":"publish","type":"post","link":"https:\/\/akdenizolaygazetesi.com\/?p=22727","title":{"rendered":"\u201cT\u00fcrk kad\u0131n\u0131, hayat\u0131n her alan\u0131nda ba\u015far\u0131yla ilerliyor\u201d"},"content":{"rendered":"<p>Gazi Mustafa Kemal Atat\u00fcrk taraf\u0131ndan; T\u00fcrk kad\u0131n\u0131na se\u00e7me ve se\u00e7ilme hakk\u0131n\u0131n verilmesinin 88\u2019inci y\u0131ld\u00f6n\u00fcm\u00fc ve \u20185 Aral\u0131k D\u00fcnya Kad\u0131n Haklar\u0131 G\u00fcn\u00fc\u2019 dolay\u0131s\u0131yla, Akdeniz Belediyesi Kad\u0131n ve Aile Hizmetleri M\u00fcd\u00fcrl\u00fc\u011f\u00fc\u2019nce panel d\u00fczenlendi.<br \/>\nMersin Milletvekili Zeynep G\u00fcl Y\u0131lmaz, Akdeniz Belediye Ba\u015fkan\u0131 M. Mustafa G\u00fcltak ve Avukat Hatice K\u00fcbra Turgut\u2019un sunum yapt\u0131\u011f\u0131 panele; kad\u0131n muhtarlar, k\u00fclt\u00fcr evlerinde kurs alan kad\u0131nlar ve personel kad\u0131nlar yo\u011fun ilgi g\u00f6sterdi. Sayg\u0131 Duru\u015fu ve \u0130stiklal Mar\u015f\u0131 ile ba\u015flayan etkinlikte, Akdeniz Belediyesi\u2019nin kad\u0131nlar yarar\u0131na ger\u00e7ekle\u015ftirdi\u011fi projeleri tan\u0131tan filmin g\u00f6sterimi yap\u0131ld\u0131.<br \/>\n\u201cT\u00fcrk kad\u0131n\u0131, hayat\u0131n her alan\u0131nda ba\u015far\u0131yla ilerliyor\u201d<br \/>\nPanelde s\u00f6z alan Akdeniz Belediye Ba\u015fkan\u0131 M. Mustafa G\u00fcltak, Gazi Mustafa Kemal Atat\u00fcrk\u2019\u00fcn 88 y\u0131l \u00f6nce T\u00fcrk kad\u0131n\u0131na se\u00e7me ve se\u00e7ilme hakk\u0131n\u0131 verdi\u011finin alt\u0131n\u0131 \u00e7izerek; \u201c\u0130talya\u2019da 1945, Fransa\u2019da 1944; Bel\u00e7ika 1960; \u0130svi\u00e7re 1971 y\u0131l\u0131nda kad\u0131nlara se\u00e7me ve se\u00e7ilme hakk\u0131n\u0131 kad\u0131nlara vermi\u015f. Cumhuriyetin Kurucusu Atat\u00fcrk ise 1934 y\u0131l\u0131nda yani \u00e7ok daha \u00f6nceleri bu hakk\u0131 T\u00fcrk kad\u0131n\u0131na vermi\u015ftir\u201d dedi.<br \/>\nAkdenizli kad\u0131nlara kazand\u0131r\u0131lan hizmetler\u2026<br \/>\nT\u00fcrk kad\u0131n\u0131n\u0131n bug\u00fcn hayat\u0131n her alan\u0131nda ba\u015far\u0131yla yer ald\u0131\u011f\u0131n\u0131 kaydeden Ba\u015fkan G\u00fcltak, \u201cBizler de se\u00e7ilir se\u00e7ilmez Akdenizli kad\u0131nlara pozitif ayr\u0131mc\u0131l\u0131k uygulamaya ba\u015flad\u0131k. Akdeniz\u2019de \u015fu an aktif 2 kad\u0131n kooperatifi kurduk. Kad\u0131nlar burada \u00fcretiyor, \u00fcrettiklerini de belediye olarak kendilerine tahsis etti\u011fimiz Kad\u0131n Eme\u011fi Diyar\u0131nda sat\u0131yorlar. Ayr\u0131ca son d\u00f6nemde her 2 kooperatifimiz aktif \u00fcretime ge\u00e7erek tar\u0131ma ba\u015flad\u0131. Belediyemize ait arazileri kad\u0131n kooperatiflerimize verdik. Onlar da buralarda moringa, \u015feker otu ve bir\u00e7ok bitkiyi \u00fcretmeye ba\u015flad\u0131lar.<br \/>\nKooperatifimiz \u015fu an stevia ve moringa bitkisinin \u00e7ay\u0131n\u0131 yap\u0131p, kutulad\u0131 ve sat\u0131\u015fa ba\u015flad\u0131. Bug\u00fcn bir\u00e7ok \u00fcnl\u00fc al\u0131\u015fveri\u015f sitesi de bu \u00fcr\u00fcnleri talep ediyor\u201d \u015feklinde konu\u015ftu. Kendi i\u015fini kurmak veya b\u00fcy\u00fctmek isteyen kad\u0131nlara mikro kredi sa\u011flad\u0131klar\u0131n\u0131 da belirten Ba\u015fkan G\u00fcltak, 12 mahalle k\u00fclt\u00fcr ve sanat evini a\u00e7arak kad\u0131nlar\u0131n hizmetine sunduklar\u0131n\u0131 s\u00f6yledi, \u00e7ocuklar\u0131n\u0131 buradaki kre\u015fe b\u0131rakan annelerin, diledikleri mesleki veya beceri e\u011fitimini ald\u0131klar\u0131n\u0131 ifade ederek kimisinin de okuma yazmay\u0131 \u00f6\u011frendi\u011fini s\u00f6zlerine ekledi.<\/p>\n<p>Y\u0131lmaz; \u201cKad\u0131ns\u0131z bir toplum d\u00fc\u015f\u00fcn\u00fclemez\u201d<br \/>\nMersin Milletvekili Zeynep G\u00fcl Y\u0131lmaz da konu\u015fmas\u0131nda, se\u00e7ilmi\u015f bir kad\u0131n milletvekili olarak Akdenizli kad\u0131nlarla bir arada olmaktan b\u00fcy\u00fck onur ve mutluluk duydu\u011funu ifade etti. Y\u0131lmaz, \u201cBir kad\u0131n olarak kad\u0131nlar\u0131 temsil etmek, vatana, millete hizmet edebilme f\u0131rsat\u0131 yakalamaktan onur ve gurur duyuyorum\u201d dedi.  Kad\u0131nlar\u0131n, annelerin; 1 g\u00fcn de\u011fil her g\u00fcn hat\u0131rlanmas\u0131 gerekti\u011fini ifade eden Y\u0131lmaz, \u201cBizlere bu g\u00fczel vazifeyi vesile k\u0131lan Mustafa Kemal Atat\u00fcrk\u2019\u00fc \u015f\u00fckran ve rahmetle y\u00e2d ediyorum. O\u2019nun \u00f6nderli\u011finde 1934\u2019te tam da bug\u00fcn kad\u0131nlar se\u00e7me ve se\u00e7ilme hakk\u0131na kavu\u015ftu.<br \/>\nTabi 1934 ile birlikte kad\u0131nlar, milletvekili olarak da se\u00e7me ve se\u00e7ilme hakk\u0131na kavu\u015ftular. Bu kanundan sonraki ilk se\u00e7imde de 17 kad\u0131n milletvekili parlamentoya girdi. Mersinimiz ad\u0131na da \u00e7ok gurur verici bir \u015fey ya\u015fad\u0131k; 1950 y\u0131l\u0131nda ilk kad\u0131n belediye ba\u015fkan\u0131 M\u00fcfide \u0130lhan Mersinimizden \u00e7\u0131kt\u0131. \u00c7ok onur ve gurur verici\u2026 Kad\u0131ns\u0131z bir toplum d\u00fc\u015f\u00fcn\u00fclemez. \u0130n\u015fallah daha \u00e7ok kad\u0131n vali, kad\u0131n kaymakam, kad\u0131n milletvekili, kad\u0131n belediye ba\u015fkan\u0131m\u0131z ve t\u00fcm karar alma mercilerinde daha \u00e7ok kad\u0131n\u0131 g\u00f6rmeyi y\u00fcrekten diliyorum\u201d ifadelerini kulland\u0131.<br \/>\nBulu\u015fmada Avukat Hatice K\u00fcbra Turgut da yapt\u0131\u011f\u0131 sunumda, d\u00fcnyada ve T\u00fcrkiye\u2019de kad\u0131n hareketleri ve kad\u0131n haklar\u0131n\u0131n geli\u015fimine de\u011findi, 5 Aral\u0131k 1934 y\u0131l\u0131ndaki d\u00fczenleme sayesinde kad\u0131nlar\u0131n, hayat\u0131n bir\u00e7ok alan\u0131nda s\u00f6z sahibi oldu\u011funun alt\u0131n\u0131 \u00e7izdi. Kad\u0131nlar\u0131n, t\u00fcm d\u00fcnyada \u00e7o\u011funlu\u011fu olu\u015fturdu\u011funu kaydeden Avukat Turgut, d\u00fcnya genelinde kad\u0131nlar\u0131n \u00e7al\u0131\u015fma hayat\u0131nda hak etti\u011fi oranda yer almad\u0131\u011f\u0131n\u0131, \u00fccretlerde de e\u015fitsizli\u011fe u\u011frad\u0131\u011f\u0131n\u0131 s\u00f6yledi. <\/p>\n","protected":false},"excerpt":{"rendered":"<p>Gazi Mustafa Kemal Atat\u00fcrk taraf\u0131ndan; T\u00fcrk kad\u0131n\u0131na se\u00e7me ve se\u00e7ilme hakk\u0131n\u0131n verilmesinin 88\u2019inci y\u0131ld\u00f6n\u00fcm\u00fc ve \u20185 Aral\u0131k D\u00fcnya Kad\u0131n Haklar\u0131 G\u00fcn\u00fc\u2019 dolay\u0131s\u0131yla, Akdeniz Belediyesi Kad\u0131n ve Aile Hizmetleri M\u00fcd\u00fcrl\u00fc\u011f\u00fc\u2019nce panel &hellip; <a href=\"https:\/\/akdenizolaygazetesi.com\/?p=22727\" class=\"more-link\">Devam\u0131n\u0131 Oku&#8230;<\/a><\/p>\n","protected":false},"author":2,"featured_media":22728,"comment_status":"open","ping_status":"open","sticky":false,"template":"","format":"standard","meta":[],"categories":[8,2,3,5],"tags":[],"_links":{"self":[{"href":"https:\/\/akdenizolaygazetesi.com\/index.php?rest_route=\/wp\/v2\/posts\/22727"}],"collection":[{"href":"https:\/\/akdenizolaygazetesi.com\/index.php?rest_route=\/wp\/v2\/posts"}],"about":[{"href":"https:\/\/akdenizolaygazetesi.com\/index.php?rest_route=\/wp\/v2\/types\/post"}],"author":[{"embeddable":true,"href":"https:\/\/akdenizolaygazetesi.com\/index.php?rest_route=\/wp\/v2\/users\/2"}],"replies":[{"embeddable":true,"href":"https:\/\/akdenizolaygazetesi.com\/index.php?rest_route=%2Fwp%2Fv2%2Fcomments&post=22727"}],"version-history":[{"count":1,"href":"https:\/\/akdenizolaygazetesi.com\/index.php?rest_route=\/wp\/v2\/posts\/22727\/revisions"}],"predecessor-version":[{"id":22729,"href":"https:\/\/akdenizolaygazetesi.com\/index.php?rest_route=\/wp\/v2\/posts\/22727\/revisions\/22729"}],"wp:featuredmedia":[{"embeddable":true,"href":"https:\/\/akdenizolaygazetesi.com\/index.php?rest_route=\/wp\/v2\/media\/22728"}],"wp:attachment":[{"href":"https:\/\/akdenizolaygazetesi.com\/index.php?rest_route=%2Fwp%2Fv2%2Fmedia&parent=22727"}],"wp:term":[{"taxonomy":"category","embeddable":true,"href":"https:\/\/akdenizolaygazetesi.com\/index.php?rest_route=%2Fwp%2Fv2%2Fcategories&post=22727"},{"taxonomy":"post_tag","embeddable":true,"href":"https:\/\/akdenizolaygazetesi.com\/index.php?rest_route=%2Fwp%2Fv2%2Ftags&post=22727"}],"curies":[{"name":"wp","href":"https:\/\/api.w.org\/{rel}","templated":true}]}}