{"id":22733,"date":"2022-12-07T12:08:50","date_gmt":"2022-12-07T09:08:50","guid":{"rendered":"http:\/\/akdenizolaygazetesi.com\/?p=22733"},"modified":"2022-12-07T12:08:50","modified_gmt":"2022-12-07T09:08:50","slug":"yabanci-dil-olarak-ingilizce-ogretiminde-yenilikci-yaklasimlar-ve-degisen-ogretmen-rolleri-calistayi","status":"publish","type":"post","link":"https:\/\/akdenizolaygazetesi.com\/?p=22733","title":{"rendered":"&#8220;YABANCI D\u0130L OLARAK \u0130NG\u0130L\u0130ZCE \u00d6\u011eRET\u0130M\u0130NDE YEN\u0130L\u0130K\u00c7\u0130 YAKLA\u015eIMLAR VE DE\u011e\u0130\u015eEN \u00d6\u011eRETMEN ROLLER\u0130&#8221; \u00c7ALI\u015eTAYI"},"content":{"rendered":"<p>\u0130l Milli E\u011fitim M\u00fcd\u00fcr\u00fcm\u00fcz Say\u0131n Adem KOCA; Mersin Suphi \u00d6ner \u00d6\u011fretmenevi&#8217;nde d\u00fczenlenen &#8216;Yabanc\u0131 Dil Olarak \u0130ngilizce \u00d6\u011fretiminde Yenilik\u00e7i Yakla\u015f\u0131mlar ve De\u011fi\u015fen \u00d6\u011fretmen Rolleri \u00c7al\u0131\u015ftay\u0131&#8217; na kat\u0131ld\u0131.<br \/>\n\u0130l Milli E\u011fitim M\u00fcd\u00fcr Yard\u0131mc\u0131m\u0131z Say\u0131n Baykal BA\u015eDEM\u0130R, Mersin \u00dcniversitesi akademisyenlerinden Say\u0131n Do\u00e7. Dr. D\u00f6nercan D\u00d6N\u00dcK, Say\u0131n Do\u00e7. Dr. \u00d6zge Kutlu DEM\u0130R, Say\u0131n Do\u00e7. Dr. P\u0131nar BABANO\u011eLU, Say\u0131n Dr. Esin D\u00dcNDAR,  ve \u0130ngilizce \u00f6\u011fretmenlerimizin kat\u0131ld\u0131\u011f\u0131 \u00e7al\u0131\u015ftayda yabanc\u0131 dil \u00f6\u011fretiminde yeni yakla\u015f\u0131mlar ve de\u011fi\u015fen \u00f6\u011fretmen rolleri hakk\u0131nda sunumlar yap\u0131ld\u0131.<br \/>\n\u00c7al\u0131\u015ftayda \u0130l Millli E\u011fitim M\u00fcd\u00fcr\u00fcm\u00fcz Say\u0131n Adem KOCA, &#8220;Biz, e\u011fitimin her alan\u0131nda t\u00fcm \u00fclkede \u00f6nc\u00fc ve yenilik\u00e7i ad\u0131mlar atan bir kurum olarak, \u00f6\u011frenme s\u00fcre\u00e7lerini destekleyen dijital i\u00e7erik ve beceri temelli d\u00f6n\u00fc\u015f\u00fcm ile ilimizin her yerinde ya\u015fayan \u00f6\u011frenci ve \u00f6\u011fretmenlerimizin e\u015fit \u00f6\u011frenme ve \u00f6\u011fretme f\u0131rsatlar\u0131n\u0131 yakalamalar\u0131 ve \u00f6\u011frenmenin s\u0131n\u0131f duvarlar\u0131n\u0131 a\u015fmas\u0131n\u0131 sa\u011flamay\u0131 ama\u00e7l\u0131yoruz. Biliyoruz ki gelece\u011fin okullar\u0131, kapasite ve yetkinlik geli\u015ftirme k\u00fclt\u00fcr\u00fcn\u00fc benimsemi\u015f, bilgi toplumunun geli\u015fme s\u00fcrecinde aktif rol\u00fc olan, \u00f6\u011fretmeni hem akademik hem de ki\u015fisel geli\u015fiminde destekleyen kurumlard\u0131r.<br \/>\nBu \u00e7al\u0131\u015ftay kapsam\u0131nda ortaya koyaca\u011f\u0131n\u0131z fikirlerinizin, d\u00fc\u015f\u00fcncelerinizin, yapaca\u011f\u0131n\u0131z t\u00fcm \u00e7al\u0131\u015fmalar\u0131n \u0130ngilizce \u00d6\u011fretiminin ilimiz genelinde daha da etkin hale getirilmesi i\u00e7in \u0131\u015f\u0131k tutaca\u011f\u0131na y\u00fcrekten inan\u0131yor, \u00e7al\u0131\u015ftay\u0131n ger\u00e7ekle\u015ftirilmesinde g\u00f6n\u00fcll\u00fc olarak emek harcayan, b\u00fcy\u00fck katk\u0131lar sunan Mersin \u00dcniversitesi hocalar\u0131m\u0131za ve t\u00fcm meslekta\u015flar\u0131ma en kalbi duygular\u0131mla te\u015fekk\u00fcr ediyor, hepinizi muhabbetle selaml\u0131yorum.&#8221; dedi.<\/p>\n","protected":false},"excerpt":{"rendered":"<p>\u0130l Milli E\u011fitim M\u00fcd\u00fcr\u00fcm\u00fcz Say\u0131n Adem KOCA; Mersin Suphi \u00d6ner \u00d6\u011fretmenevi&#8217;nde d\u00fczenlenen &#8216;Yabanc\u0131 Dil Olarak \u0130ngilizce \u00d6\u011fretiminde Yenilik\u00e7i Yakla\u015f\u0131mlar ve De\u011fi\u015fen \u00d6\u011fretmen Rolleri \u00c7al\u0131\u015ftay\u0131&#8217; na kat\u0131ld\u0131. \u0130l Milli E\u011fitim M\u00fcd\u00fcr &hellip; <a href=\"https:\/\/akdenizolaygazetesi.com\/?p=22733\" class=\"more-link\">Devam\u0131n\u0131 Oku&#8230;<\/a><\/p>\n","protected":false},"author":2,"featured_media":22734,"comment_status":"open","ping_status":"open","sticky":false,"template":"","format":"standard","meta":[],"categories":[2,3],"tags":[],"_links":{"self":[{"href":"https:\/\/akdenizolaygazetesi.com\/index.php?rest_route=\/wp\/v2\/posts\/22733"}],"collection":[{"href":"https:\/\/akdenizolaygazetesi.com\/index.php?rest_route=\/wp\/v2\/posts"}],"about":[{"href":"https:\/\/akdenizolaygazetesi.com\/index.php?rest_route=\/wp\/v2\/types\/post"}],"author":[{"embeddable":true,"href":"https:\/\/akdenizolaygazetesi.com\/index.php?rest_route=\/wp\/v2\/users\/2"}],"replies":[{"embeddable":true,"href":"https:\/\/akdenizolaygazetesi.com\/index.php?rest_route=%2Fwp%2Fv2%2Fcomments&post=22733"}],"version-history":[{"count":1,"href":"https:\/\/akdenizolaygazetesi.com\/index.php?rest_route=\/wp\/v2\/posts\/22733\/revisions"}],"predecessor-version":[{"id":22735,"href":"https:\/\/akdenizolaygazetesi.com\/index.php?rest_route=\/wp\/v2\/posts\/22733\/revisions\/22735"}],"wp:featuredmedia":[{"embeddable":true,"href":"https:\/\/akdenizolaygazetesi.com\/index.php?rest_route=\/wp\/v2\/media\/22734"}],"wp:attachment":[{"href":"https:\/\/akdenizolaygazetesi.com\/index.php?rest_route=%2Fwp%2Fv2%2Fmedia&parent=22733"}],"wp:term":[{"taxonomy":"category","embeddable":true,"href":"https:\/\/akdenizolaygazetesi.com\/index.php?rest_route=%2Fwp%2Fv2%2Fcategories&post=22733"},{"taxonomy":"post_tag","embeddable":true,"href":"https:\/\/akdenizolaygazetesi.com\/index.php?rest_route=%2Fwp%2Fv2%2Ftags&post=22733"}],"curies":[{"name":"wp","href":"https:\/\/api.w.org\/{rel}","templated":true}]}}