{"id":22736,"date":"2022-12-07T12:11:08","date_gmt":"2022-12-07T09:11:08","guid":{"rendered":"http:\/\/akdenizolaygazetesi.com\/?p=22736"},"modified":"2022-12-07T12:11:08","modified_gmt":"2022-12-07T09:11:08","slug":"bakan-karaismailoglundan-mtosbye-ziyaret","status":"publish","type":"post","link":"https:\/\/akdenizolaygazetesi.com\/?p=22736","title":{"rendered":"Bakan Karaismailo\u011flu&#8217;ndan MTOSB&#8217;ye ziyaret"},"content":{"rendered":"<p>MTOSB Otoyol Ba\u011flant\u0131s\u0131 ve Kav\u015fa\u011f\u0131 a\u00e7\u0131l\u0131\u015f\u0131 i\u00e7in Mersin&#8217;e gelen Ula\u015ft\u0131rma ve Altyap\u0131 Bakan\u0131 Adil Karaismailo\u011flu, Mersin Tarsus Organize Sanayi B\u00f6lgesi&#8217;ni ziyaret ederek Ba\u015fkan Sabri Tekli ve y\u00f6netim kurulu ile bir araya geldi.<\/p>\n<p>MTOSB Otoyol Ba\u011flant\u0131s\u0131 ve Kav\u015fa\u011f\u0131 a\u00e7\u0131l\u0131\u015f\u0131 i\u00e7in Mersin&#8217;e gelen Ula\u015ft\u0131rma ve Altyap\u0131 Bakan\u0131 Adil Karaismailo\u011flu, beraberinde Eski Hazine ve Maliye Bakan\u0131 L\u00fctfi Elvan, Mersin Valisi Ali Hamza Pehlivan, AK Parti Mersin Milletvekilleri Hac\u0131 \u00d6zkan, Ali Cumhur Ta\u015fk\u0131n ve Zeynep G\u00fcl Y\u0131lmaz, Karayollar\u0131 Genel M\u00fcd\u00fcr\u00fc Abdulkadir Uralo\u011flu ile birlikte MTOSB&#8217;yi ziyaret etti.<\/p>\n<p>Ziyaret s\u0131ras\u0131nda konu\u015fan Ba\u015fkan Tekli, &#8216;Sanayicilerimiz i\u00e7in b\u00fcy\u00fck \u00f6neme sahip olan bu ba\u011flant\u0131 yolu, hem zamandan, hem ekonomiden tasarruf etmemizi sa\u011flayacak. 50 Bine yak\u0131n \u00e7al\u0131\u015fan\u0131m\u0131z, 230 fabrikam\u0131z i\u00e7in bug\u00fcn bayram g\u00fcn\u00fc diyebiliriz. Ne mutlu OSB&#8217;mizin \u00fcreticilerine, \u00e7al\u0131\u015fanlar\u0131na. \u015eehrimizin bu b\u00f6lgesindeki \u00fcreticileri i\u00e7in b\u00f6yle g\u00fczide bir tesis sizlerin sayesinde hayata ge\u00e7irilmi\u015f oldu. Eme\u011fi ge\u00e7en herkese \u015fahs\u0131m, y\u00f6netim kurulum ve sanayicilerim ad\u0131na \u015f\u00fckranlar\u0131m\u0131 sunar\u0131m&#8217; dedi.<\/p>\n","protected":false},"excerpt":{"rendered":"<p>MTOSB Otoyol Ba\u011flant\u0131s\u0131 ve Kav\u015fa\u011f\u0131 a\u00e7\u0131l\u0131\u015f\u0131 i\u00e7in Mersin&#8217;e gelen Ula\u015ft\u0131rma ve Altyap\u0131 Bakan\u0131 Adil Karaismailo\u011flu, Mersin Tarsus Organize Sanayi B\u00f6lgesi&#8217;ni ziyaret ederek Ba\u015fkan Sabri Tekli ve y\u00f6netim kurulu ile bir &hellip; <a href=\"https:\/\/akdenizolaygazetesi.com\/?p=22736\" class=\"more-link\">Devam\u0131n\u0131 Oku&#8230;<\/a><\/p>\n","protected":false},"author":2,"featured_media":22737,"comment_status":"open","ping_status":"open","sticky":false,"template":"","format":"standard","meta":[],"categories":[3],"tags":[],"_links":{"self":[{"href":"https:\/\/akdenizolaygazetesi.com\/index.php?rest_route=\/wp\/v2\/posts\/22736"}],"collection":[{"href":"https:\/\/akdenizolaygazetesi.com\/index.php?rest_route=\/wp\/v2\/posts"}],"about":[{"href":"https:\/\/akdenizolaygazetesi.com\/index.php?rest_route=\/wp\/v2\/types\/post"}],"author":[{"embeddable":true,"href":"https:\/\/akdenizolaygazetesi.com\/index.php?rest_route=\/wp\/v2\/users\/2"}],"replies":[{"embeddable":true,"href":"https:\/\/akdenizolaygazetesi.com\/index.php?rest_route=%2Fwp%2Fv2%2Fcomments&post=22736"}],"version-history":[{"count":1,"href":"https:\/\/akdenizolaygazetesi.com\/index.php?rest_route=\/wp\/v2\/posts\/22736\/revisions"}],"predecessor-version":[{"id":22738,"href":"https:\/\/akdenizolaygazetesi.com\/index.php?rest_route=\/wp\/v2\/posts\/22736\/revisions\/22738"}],"wp:featuredmedia":[{"embeddable":true,"href":"https:\/\/akdenizolaygazetesi.com\/index.php?rest_route=\/wp\/v2\/media\/22737"}],"wp:attachment":[{"href":"https:\/\/akdenizolaygazetesi.com\/index.php?rest_route=%2Fwp%2Fv2%2Fmedia&parent=22736"}],"wp:term":[{"taxonomy":"category","embeddable":true,"href":"https:\/\/akdenizolaygazetesi.com\/index.php?rest_route=%2Fwp%2Fv2%2Fcategories&post=22736"},{"taxonomy":"post_tag","embeddable":true,"href":"https:\/\/akdenizolaygazetesi.com\/index.php?rest_route=%2Fwp%2Fv2%2Ftags&post=22736"}],"curies":[{"name":"wp","href":"https:\/\/api.w.org\/{rel}","templated":true}]}}