{"id":22739,"date":"2022-12-07T12:13:27","date_gmt":"2022-12-07T09:13:27","guid":{"rendered":"http:\/\/akdenizolaygazetesi.com\/?p=22739"},"modified":"2022-12-07T12:13:27","modified_gmt":"2022-12-07T09:13:27","slug":"buyuksehir-belediyesi-kadin-ve-aile-hizmetleri-dairesi-yetkilileri-programda-yer-aldi","status":"publish","type":"post","link":"https:\/\/akdenizolaygazetesi.com\/?p=22739","title":{"rendered":"B\u00dcY\u00dcK\u015eEH\u0130R BELED\u0130YES\u0130 KADIN VE A\u0130LE H\u0130ZMETLER\u0130 DA\u0130RES\u0130 YETK\u0130L\u0130LER\u0130 PROGRAMDA YER ALDI"},"content":{"rendered":"<p>Mersin B\u00fcy\u00fck\u015fehir Belediyesi Kad\u0131n ve Aile Hizmetleri Dairesi, UNICEF ve T\u00fcrkiye Belediyeler Birli\u011fi Aras\u0131 Deneyim Payla\u015f\u0131m Toplant\u0131s\u0131&#8217;na kat\u0131ld\u0131. \u0130stanbul&#8217;da ger\u00e7ekle\u015ftirilen toplant\u0131da B\u00fcy\u00fck\u015fehir Belediyesi Kad\u0131n ve Aile Hizmetleri Dairesi Aile ve \u00c7ocuk \u015eube M\u00fcd\u00fcr\u00fc \u00d6zay \u00d6zt\u00fcrk ve \u00c7ocuk Geli\u015fim Merkezleri E\u011fitim Koordinat\u00f6r\u00fc \u00d6zlem Tan\u0131\u015f\u0131k yer ald\u0131.<br \/>\nToplant\u0131da; \u00e7ocuk odakl\u0131 b\u00fct\u00e7eleme ve strateji geli\u015ftirme \u00e7al\u0131\u015fmalar\u0131, \u00e7ocuk kat\u0131l\u0131m\u0131 konusunda belediyelerin rol ve sorumluluklar\u0131, \u00e7ocuk i\u015f\u00e7ili\u011fi ile m\u00fccadele ulusal program \u00e7er\u00e7evesinde belediyelere d\u00fc\u015fen rol ve sorumluluklar konular\u0131 da ele al\u0131nd\u0131.<br \/>\nBelediyeler i\u00e7in haz\u0131rlanan &#8216;Erken \u00c7ocukluk Bak\u0131m ve E\u011fitim Hizmetleri Uygulama Rehberi&#8217;nde UNICEF ve T\u00fcrkiye Belediyeler Birli\u011fi ile s\u00fcrd\u00fcr\u00fclen yakla\u015f\u0131k 1,5 y\u0131ll\u0131k \u00e7al\u0131\u015fma sonucunda, B\u00fcy\u00fck\u015fehir&#8217;in \u00c7ocuk Geli\u015fim Merkezleri T\u00fcrkiye&#8217;de Erken \u00c7ocukluk E\u011fitimi Uygulay\u0131c\u0131s\u0131 olarak rehberde \u00f6rnek uygulamalar aras\u0131nda ilk \u00fc\u00e7 belediye aras\u0131nda yer ald\u0131.<br \/>\nBu kapsamda d\u00fczenlenen lansmanda ise Mersin B\u00fcy\u00fck\u015fehir Belediyesi E\u011fitim Koordinat\u00f6r\u00fc \u00d6zlem Tan\u0131\u015f\u0131k, panel konu\u015fmac\u0131s\u0131 olarak yer alarak, rehberde yer verilen ve yap\u0131lan uygulamalar ile ilgili kat\u0131l\u0131mc\u0131lar\u0131 bilgilendirdi.<\/p>\n","protected":false},"excerpt":{"rendered":"<p>Mersin B\u00fcy\u00fck\u015fehir Belediyesi Kad\u0131n ve Aile Hizmetleri Dairesi, UNICEF ve T\u00fcrkiye Belediyeler Birli\u011fi Aras\u0131 Deneyim Payla\u015f\u0131m Toplant\u0131s\u0131&#8217;na kat\u0131ld\u0131. \u0130stanbul&#8217;da ger\u00e7ekle\u015ftirilen toplant\u0131da B\u00fcy\u00fck\u015fehir Belediyesi Kad\u0131n ve Aile Hizmetleri Dairesi Aile ve &hellip; <a href=\"https:\/\/akdenizolaygazetesi.com\/?p=22739\" class=\"more-link\">Devam\u0131n\u0131 Oku&#8230;<\/a><\/p>\n","protected":false},"author":2,"featured_media":22740,"comment_status":"open","ping_status":"open","sticky":false,"template":"","format":"standard","meta":[],"categories":[7,2,3],"tags":[],"_links":{"self":[{"href":"https:\/\/akdenizolaygazetesi.com\/index.php?rest_route=\/wp\/v2\/posts\/22739"}],"collection":[{"href":"https:\/\/akdenizolaygazetesi.com\/index.php?rest_route=\/wp\/v2\/posts"}],"about":[{"href":"https:\/\/akdenizolaygazetesi.com\/index.php?rest_route=\/wp\/v2\/types\/post"}],"author":[{"embeddable":true,"href":"https:\/\/akdenizolaygazetesi.com\/index.php?rest_route=\/wp\/v2\/users\/2"}],"replies":[{"embeddable":true,"href":"https:\/\/akdenizolaygazetesi.com\/index.php?rest_route=%2Fwp%2Fv2%2Fcomments&post=22739"}],"version-history":[{"count":1,"href":"https:\/\/akdenizolaygazetesi.com\/index.php?rest_route=\/wp\/v2\/posts\/22739\/revisions"}],"predecessor-version":[{"id":22741,"href":"https:\/\/akdenizolaygazetesi.com\/index.php?rest_route=\/wp\/v2\/posts\/22739\/revisions\/22741"}],"wp:featuredmedia":[{"embeddable":true,"href":"https:\/\/akdenizolaygazetesi.com\/index.php?rest_route=\/wp\/v2\/media\/22740"}],"wp:attachment":[{"href":"https:\/\/akdenizolaygazetesi.com\/index.php?rest_route=%2Fwp%2Fv2%2Fmedia&parent=22739"}],"wp:term":[{"taxonomy":"category","embeddable":true,"href":"https:\/\/akdenizolaygazetesi.com\/index.php?rest_route=%2Fwp%2Fv2%2Fcategories&post=22739"},{"taxonomy":"post_tag","embeddable":true,"href":"https:\/\/akdenizolaygazetesi.com\/index.php?rest_route=%2Fwp%2Fv2%2Ftags&post=22739"}],"curies":[{"name":"wp","href":"https:\/\/api.w.org\/{rel}","templated":true}]}}