{"id":22745,"date":"2022-12-07T12:16:35","date_gmt":"2022-12-07T09:16:35","guid":{"rendered":"http:\/\/akdenizolaygazetesi.com\/?p=22745"},"modified":"2022-12-07T12:16:35","modified_gmt":"2022-12-07T09:16:35","slug":"bu-parkta-engel-degil-eglence-var","status":"publish","type":"post","link":"https:\/\/akdenizolaygazetesi.com\/?p=22745","title":{"rendered":"BU PARKTA ENGEL DE\u011e\u0130L E\u011eLENCE VAR"},"content":{"rendered":"<p>Mersin B\u00fcy\u00fck\u015fehir Belediyesi Sa\u011fl\u0131k \u0130\u015fleri Dairesi b\u00fcnyesinde hizmet veren Engelsiz Ya\u015fam Park\u0131&#8217;nda &#8216;3 Aral\u0131k D\u00fcnya Engelliler G\u00fcn\u00fc&#8217; kapsam\u0131nda piknik etkinli\u011fi d\u00fczenlendi. Havan\u0131n g\u00fczel olmas\u0131ndan yararlanan \u00f6zel bireyler, park\u0131n bah\u00e7esinde m\u00fczi\u011fin tad\u0131n\u0131 \u00e7\u0131kararak doyas\u0131ya dans etti. Birbirinden renkli anlara sahne olan etkinlikte, \u00f6zel bireyler hem e\u011flendi hem de lezzetli ikraml\u0131klar\u0131n tad\u0131n\u0131 \u00e7\u0131kartt\u0131.<\/p>\n<p>Sadece \u00f6zel g\u00fcnlerde de\u011fil, y\u0131l\u0131n her zaman\u0131 bir\u00e7ok etkinlik<br \/>\nEtkinlik hakk\u0131nda konu\u015fan Mersin B\u00fcy\u00fck\u015fehir Belediyesi Engelsiz Ya\u015fam Park\u0131 Sorumlusu Bet\u00fcl Demir, B\u00fcy\u00fck\u015fehir&#8217;in 3 Aral\u0131k D\u00fcnya Engelliler G\u00fcn\u00fc kapsam\u0131nda bir\u00e7ok etkinlik ger\u00e7ekle\u015ftirdi\u011fini belirterek, &#8220;Bu etkinliklerin i\u00e7inde park\u0131m\u0131zda \u00f6zel birey ve ailelerine piknik d\u00fczenledik. \u00d6zel bireylerimiz ve aileleri birlikte kayna\u015farak birlikte vakit ge\u00e7irdiler. Bu etkinlikleri sadece \u00f6zel g\u00fcnlerde de\u011fil farkl\u0131 zaman dilimlerinde s\u00fcrekli yap\u0131yoruz. Ayl\u0131k rutin \u00e7al\u0131\u015fmalar\u0131m\u0131z var, onlar\u0131n talepleri do\u011frultusunda ayl\u0131k program\u0131m\u0131z\u0131 g\u00fcncelleyerek ilerliyoruz. Onlar mutlu olduk\u00e7a bizler de mutlu oluyoruz&#8221; dedi.<\/p>\n<p>&#8220;Etkinliklerden \u00e7ok memnunum&#8221;<br \/>\nPiknik etkinli\u011fine kat\u0131lan \u00f6zel gereksinimli birey Nimet Altun, farkl\u0131 gereksinime sahip insanlar\u0131n bir arada bir \u015feyler yap\u0131yor olmas\u0131n\u0131n \u00e7ok g\u00fczel oldu\u011funu s\u00f6yledi. Mersin B\u00fcy\u00fck\u015fehir Belediyesi&#8217;nin yapt\u0131\u011f\u0131 etkinliklerden \u00e7ok memnun oldu\u011funu dile getiren Altun, &#8220;Kesinlikle Vahap Ba\u015fkan\u0131m\u0131 destekliyorum. Yapt\u0131klar\u0131n\u0131 g\u00f6r\u00fcyorum ve g\u00f6r\u00fclmesini istiyorum. \u00d6ncellikle sadece bedensel engelliler i\u00e7in de\u011fil b\u00fct\u00fcn herkes i\u00e7in temiz bir Mersin getirdi. Bu \u00e7ok \u00f6nemli kesinlikle. Gitti\u011finiz her yer tertemiz. Engelliler i\u00e7in de yapt\u0131klar\u0131 var. Ak\u00fc ihtiyac\u0131 art\u0131k eskisi gibi de\u011fil herkes bir \u015fekilde ak\u00fcl\u00fc sandalyeye ula\u015fabiliyor. Bunlar g\u00fczel \u015feyler&#8221; \u015feklinde konu\u015ftu.<\/p>\n<p>B\u00fcy\u00fck\u015fehir&#8217;in sundu\u011fu evde bak\u0131m hizmetinden de yararland\u0131\u011f\u0131n\u0131 s\u00f6yleyen Altun, &#8220;Ben evde bak\u0131m hizmeti g\u00f6r\u00fcyorum mesela. Ayl\u0131k geliyorlar, \u00e7ok seviyorum hepsini, \u00e7ok s\u0131cakkanl\u0131 insanlar. T\u00fcrk\u00fcler \u015fark\u0131lar s\u00f6yleyerek evlerimizi temizliyorlar. Ben memnunum. Sosyal bir belediyenin yapmas\u0131 gereken \u015feyleri Vahap Ba\u015fkan\u0131m\u0131z yap\u0131yor&#8221; ifadelerini kulland\u0131.<\/p>\n<p>&#8220;B\u00fcy\u00fck\u015fehir&#8217;in etkinlikleri bizi \u00e7ok mutlu ediyor&#8221;<br \/>\nBir bu\u00e7uk y\u0131ld\u0131r Engelsiz Ya\u015fam Park\u0131&#8217;ndaki faaliyetlere kat\u0131lan \u00f6zel gereksinimli birey 21 ya\u015f\u0131ndaki Elif \u00d6zer de park\u0131n \u00f6zellikle spor etkinliklerini \u00e7ok sevdi\u011fini belirterek, &#8220;Ben Bocce&#8217;ye kat\u0131l\u0131yorum. \u00c7ok memnunum, insanlar\u0131n kat\u0131lmas\u0131n\u0131 da isterim. Bug\u00fcnk\u00fc etkinlik de \u00e7ok g\u00fczel, \u00e7ok keyif ald\u0131m. B\u00fcy\u00fck\u015fehir de benim gibi bireyler i\u00e7in g\u00fczel etkinlikler yap\u0131yor. B\u00fcy\u00fck\u015fehir&#8217;in etkinlikleri bizi \u00e7ok mutlu ediyor&#8221; dedi.<\/p>\n","protected":false},"excerpt":{"rendered":"<p>Mersin B\u00fcy\u00fck\u015fehir Belediyesi Sa\u011fl\u0131k \u0130\u015fleri Dairesi b\u00fcnyesinde hizmet veren Engelsiz Ya\u015fam Park\u0131&#8217;nda &#8216;3 Aral\u0131k D\u00fcnya Engelliler G\u00fcn\u00fc&#8217; kapsam\u0131nda piknik etkinli\u011fi d\u00fczenlendi. Havan\u0131n g\u00fczel olmas\u0131ndan yararlanan \u00f6zel bireyler, park\u0131n bah\u00e7esinde m\u00fczi\u011fin &hellip; <a href=\"https:\/\/akdenizolaygazetesi.com\/?p=22745\" class=\"more-link\">Devam\u0131n\u0131 Oku&#8230;<\/a><\/p>\n","protected":false},"author":2,"featured_media":22746,"comment_status":"open","ping_status":"open","sticky":false,"template":"","format":"standard","meta":[],"categories":[2,3,9,10],"tags":[],"_links":{"self":[{"href":"https:\/\/akdenizolaygazetesi.com\/index.php?rest_route=\/wp\/v2\/posts\/22745"}],"collection":[{"href":"https:\/\/akdenizolaygazetesi.com\/index.php?rest_route=\/wp\/v2\/posts"}],"about":[{"href":"https:\/\/akdenizolaygazetesi.com\/index.php?rest_route=\/wp\/v2\/types\/post"}],"author":[{"embeddable":true,"href":"https:\/\/akdenizolaygazetesi.com\/index.php?rest_route=\/wp\/v2\/users\/2"}],"replies":[{"embeddable":true,"href":"https:\/\/akdenizolaygazetesi.com\/index.php?rest_route=%2Fwp%2Fv2%2Fcomments&post=22745"}],"version-history":[{"count":1,"href":"https:\/\/akdenizolaygazetesi.com\/index.php?rest_route=\/wp\/v2\/posts\/22745\/revisions"}],"predecessor-version":[{"id":22747,"href":"https:\/\/akdenizolaygazetesi.com\/index.php?rest_route=\/wp\/v2\/posts\/22745\/revisions\/22747"}],"wp:featuredmedia":[{"embeddable":true,"href":"https:\/\/akdenizolaygazetesi.com\/index.php?rest_route=\/wp\/v2\/media\/22746"}],"wp:attachment":[{"href":"https:\/\/akdenizolaygazetesi.com\/index.php?rest_route=%2Fwp%2Fv2%2Fmedia&parent=22745"}],"wp:term":[{"taxonomy":"category","embeddable":true,"href":"https:\/\/akdenizolaygazetesi.com\/index.php?rest_route=%2Fwp%2Fv2%2Fcategories&post=22745"},{"taxonomy":"post_tag","embeddable":true,"href":"https:\/\/akdenizolaygazetesi.com\/index.php?rest_route=%2Fwp%2Fv2%2Ftags&post=22745"}],"curies":[{"name":"wp","href":"https:\/\/api.w.org\/{rel}","templated":true}]}}