{"id":22755,"date":"2022-12-08T13:16:01","date_gmt":"2022-12-08T10:16:01","guid":{"rendered":"http:\/\/akdenizolaygazetesi.com\/?p=22755"},"modified":"2022-12-08T13:16:01","modified_gmt":"2022-12-08T10:16:01","slug":"gultak-akdenizdeki-spor-yatirimlarini-tufada-anlatti","status":"publish","type":"post","link":"https:\/\/akdenizolaygazetesi.com\/?p=22755","title":{"rendered":"G\u00dcLTAK, AKDEN\u0130Z\u2019DEK\u0130 SPOR YATIRIMLARINI T\u00dcFAD\u2019A ANLATTI"},"content":{"rendered":"<p>Akdeniz Belediye Ba\u015fkan\u0131 M. Mustafa G\u00fcltak, T\u00fcrkiye Futbol Antren\u00f6rleri Derne\u011fi (T\u00dcFAD) y\u00f6neticileri, spor adamlar\u0131 ve kursiyerler ile bir araya gelerek Akdeniz il\u00e7esine ge\u00e7en 3 bu\u00e7uk y\u0131l i\u00e7erisinde kazand\u0131r\u0131lan ve yak\u0131nda yap\u0131lacak olan sportif proje ve yat\u0131r\u0131mlar\u0131 anlatt\u0131.<br \/>\nBelediye konferans salonunda ger\u00e7ekle\u015fen bulu\u015fmaya; Akdeniz Belediye Ba\u015fkan\u0131 M. Mustafa G\u00fcltak\u2019\u0131n yan\u0131 s\u0131ra, T\u00dcFAD Mersin \u015eube Ba\u015fkan\u0131 Mesut Bilir, T\u00dcFAD Genel Sekreteri Ayhan G\u00f6k, antren\u00f6rler ve Camspor Futbol Kul\u00fcb\u00fc futbolcular\u0131 kat\u0131ld\u0131. Gen\u00e7leri uyu\u015fturucu ve k\u00f6t\u00fc al\u0131\u015fkanl\u0131klardan kurtarmak i\u00e7in hayata ge\u00e7irilen spor yat\u0131r\u0131mlar\u0131n\u0131n tan\u0131t\u0131m filminin g\u00f6steriminin ard\u0131ndan s\u00f6z alan Ba\u015fkan G\u00fcltak, Akdeniz\u2019e kazand\u0131r\u0131lan spor tesislerini anlatt\u0131.<br \/>\n\u201cY\u00fczme havuzlar\u0131n\u0131 \u00e7ocuklar\u0131m\u0131z\u0131n aya\u011f\u0131na getirdik\u201d<br \/>\nAkdeniz\u2019e aday oldu\u011funda, annelerin kendisinden en \u00e7ok y\u00fczme havuzu istedi\u011fini vurgulayan Ba\u015fkan G\u00fcltak, \u201cDi\u011fer il\u00e7elerde havuzlar var, \u00e7ocuklar gidebiliyor ama ya Akdeniz\u2019in \u00e7ocuklar\u0131? Akdeniz\u2019de \u00e7ocuklar\u0131n y\u00fczme \u00f6\u011frenece\u011fi bir tane havuz yoktu. Ben de o d\u00f6nem annelere s\u00f6z verdim, \u2018e\u011fer beni se\u00e7erseniz havuzu aya\u011f\u0131n\u0131za getirece\u011fim\u2019 dedim. Geldikten sonra 4 tane portatif havuz getirdik. Havuzlar\u0131 okul bah\u00e7elerine koyduk ve bug\u00fcne kadar 7 bin \u00e7ocu\u011fumuza y\u00fczme \u00f6\u011frettik\u201d dedi.<br \/>\n\u201cAmat\u00f6r spor kul\u00fcplerine destek s\u00fcr\u00fcyor\u201d<br \/>\nBa\u015fkan G\u00fcltak; Akdenizli \u00e7ocuklar\u0131n 5-6 y\u0131l \u00f6ncesine g\u00f6re \u00e7ok de\u011fi\u015fti\u011fini de ifade ederek, \u201cAkdenizli baz\u0131 \u00e7ocuklar kimi odaklar\u0131n y\u00f6nlendirmesiyle polisi ta\u015fl\u0131yordu. Bug\u00fcn ise \u00e7ocuklar\u0131m\u0131z Y\u0131lmaz G\u00fcney Gen\u00e7lik Merkezi\u2019nde spor yap\u0131yor. Mersin merkezde bu kombinede ba\u015fka bir gen\u00e7lik merkezi yok\u201d diye konu\u015ftu. Ba\u015fkan G\u00fcltak, bu sezon amat\u00f6r spor kul\u00fcplerine 317 bin TL destek sa\u011flad\u0131klar\u0131n\u0131n da alt\u0131n\u0131 \u00e7izerek, \u201cAkdeniz\u2019de 2019 y\u0131l\u0131nda 31 kul\u00fcp varken \u015fimdi bu say\u0131 61 oldu. Di\u011fer il\u00e7elerdeki baz\u0131 amat\u00f6r kul\u00fcpler ikametgahlar\u0131n\u0131 Akdeniz\u2019e ta\u015f\u0131yarak nakdi destek al\u0131yorlar \u00e7\u00fcnk\u00fc di\u011fer belediyelerde b\u00f6yle bir destek yok. Gittik\u00e7e de bu say\u0131 art\u0131yor\u201d diye konu\u015ftu.<br \/>\nSeyfi Ali T\u00fcrko\u011flu, Kazanl\u0131, Karacailyas, Karaduvar ve \u00c7ay Mahallesi Tesisleri\u2026<br \/>\nAkdeniz\u2019e kazand\u0131r\u0131lan veya tamamen yenilenerek sporcular\u0131n ve sporseverlerin hizmetine sunulan tesisler hakk\u0131nda da bilgi veren Ba\u015fkan Mustafa G\u00fcltak, \u00d6zg\u00fcrl\u00fck Mahallesi T\u0131rm\u0131l Meydan\u0131\u2019na da bir spor salonu ve futbol sahas\u0131 kazand\u0131r\u0131laca\u011f\u0131n\u0131 kaydetti. Ba\u015fkan G\u00fcltak, \u201c\u00d6zg\u00fcrl\u00fck Mahallesi\u2019nde daha \u00f6nce hayvan pazar\u0131n\u0131n yer ald\u0131\u011f\u0131 alan\u0131 temizledik. Sa\u011fl\u0131k Bakanl\u0131\u011f\u0131\u2019ndan bir k\u0131sm\u0131n tahsisini yapt\u0131k ve gerekli izni \u00e7\u0131kartt\u0131k. Orada \u0130l Gen\u00e7lik Merkezi T\u0131rm\u0131l Spor Salonu yap\u0131l\u0131yor. \u0130kinci etapta da bir futbol sahas\u0131 yap\u0131lacak. Di\u011fer bran\u015flar\u0131n yap\u0131labilece\u011fi bir kapal\u0131 salon olacak. Ayr\u0131ca 750-1000 ki\u015filik bir trib\u00fcne sahip futbol sahas\u0131 olacak. Bir ortaokul yap\u0131lmas\u0131 i\u00e7in 5 d\u00f6n\u00fcm\u00fcn\u00fc de Milli E\u011fitim M\u00fcd\u00fcrl\u00fc\u011f\u00fc\u2019ne tahsis ettik. Yani T\u0131rm\u0131l\u2019\u0131n da kaderini de\u011fi\u015ftiriyoruz\u201d dedi.<br \/>\nAkdeniz Belediye Ba\u015fkan\u0131 G\u00fcltak; Tekerlekli Sandalye Basketbol Kul\u00fcb\u00fc\u2019n\u00fcn daha \u00f6nceden belediyeye ait olmad\u0131\u011f\u0131n\u0131 ve kul\u00fcbe destek verdiklerini kaydederek, \u201cArkada\u015flar bu tak\u0131mda g\u00f6n\u00fcll\u00fc oynuyorlard\u0131. Biz de masraflar\u0131n\u0131 kar\u015f\u0131layarak destek olduk. Tak\u0131m 3\u2019\u00fcnc\u00fc Lig\u2019de m\u00fccadele ediyordu. Biz tak\u0131m\u0131 ald\u0131k, transferleri yapt\u0131k ve \u015fimdi 2\u2019nci Lig\u2019e y\u00fckselttik\u201d \u015feklinde konu\u015ftu.<br \/>\n\u201cAkdeniz\u2019de spor yat\u0131r\u0131mlar\u0131 devam edecek\u201d<br \/>\nAkdeniz Olimpiyatlar\u0131\u2019nda Mersin\u2019de tesis almayan tek il\u00e7enin Akdeniz oldu\u011funu belirten Ba\u015fkan G\u00fcltak konu\u015fmas\u0131na \u015f\u00f6yle devam etti: \u201cAkdeniz Olimpiyatlar\u0131\u2019nda 1 metre bile tesis almayan tek il\u00e7eyiz. \u00c7\u00fcnk\u00fc o d\u00f6nemin siyaseti istemiyordu. Di\u011fer belediyeler d\u00fcnya kadar tesis alm\u0131\u015f ama Akdeniz almam\u0131\u015f, \u2018yerimiz yok\u2019 demi\u015fler. H\u00e2lbuki Akdeniz o d\u00f6nem bir bir\u00e7ok tesis alabilirdi. \u015eimdi fikirler ve zikirler de\u011fi\u015fti. Biz spora, bilime, e\u011fitime, sanata \u00f6nem veriyoruz. T\u00dcFAD ve di\u011fer kurumlarla ortak projeler yapmaya \u00f6nem veriyoruz. Akdeniz art\u0131k kavga ve g\u00fcr\u00fclt\u00fc ile de\u011fil; sportif faaliyetlerle, sanatsal ve k\u00fclt\u00fcrel faaliyetlerle \u00f6n plana \u00e7\u0131k\u0131yor. Akdeniz\u2019de \u2018karde\u015flik\u2019 zaman\u0131 art\u0131k. Ben burada oldu\u011fum s\u00fcrece Akdeniz\u2019de spor yat\u0131r\u0131mlar\u0131 bitmeyecek, devam edecek.\u201d<br \/>\nT\u00dcFAD\u2019dan te\u015fekk\u00fcr\u2026<br \/>\nT\u00dcFAD Genel Sekreteri Ayhan G\u00f6k ise, \u201cAkdeniz\u2019de yap\u0131lan bu tesisler oldu\u011fu s\u00fcrece Ba\u015fkan Mustafa G\u00fcltak hep hat\u0131rlanacak. \u0130nan\u0131n \u00e7ok duyguland\u0131m. Gelecekti gen\u00e7lerin bu tesislerden yeti\u015fece\u011fini d\u00fc\u015f\u00fcnd\u00fc\u011f\u00fcm\u00fczde \u00e7ok b\u00fcy\u00fck ve sayg\u0131ya de\u011fer yat\u0131r\u0131mlar. Spora katk\u0131lar\u0131ndan ve desteklerinden dolay\u0131 Ba\u015fkan Mustafa G\u00fcltak\u2019a \u00e7ok te\u015fekk\u00fcr ederiz\u201d diye konu\u015ftu. Konu\u015fmalar\u0131n ard\u0131ndan T\u00dcFAD Mersin \u015eube Ba\u015fkan\u0131 Mesut Bilir taraf\u0131ndan Ba\u015fkan G\u00fcltak\u2019a plaket takdim edildi. <\/p>\n","protected":false},"excerpt":{"rendered":"<p>Akdeniz Belediye Ba\u015fkan\u0131 M. Mustafa G\u00fcltak, T\u00fcrkiye Futbol Antren\u00f6rleri Derne\u011fi (T\u00dcFAD) y\u00f6neticileri, spor adamlar\u0131 ve kursiyerler ile bir araya gelerek Akdeniz il\u00e7esine ge\u00e7en 3 bu\u00e7uk y\u0131l i\u00e7erisinde kazand\u0131r\u0131lan ve yak\u0131nda &hellip; <a href=\"https:\/\/akdenizolaygazetesi.com\/?p=22755\" class=\"more-link\">Devam\u0131n\u0131 Oku&#8230;<\/a><\/p>\n","protected":false},"author":2,"featured_media":22756,"comment_status":"open","ping_status":"open","sticky":false,"template":"","format":"standard","meta":[],"categories":[3,5,10],"tags":[],"_links":{"self":[{"href":"https:\/\/akdenizolaygazetesi.com\/index.php?rest_route=\/wp\/v2\/posts\/22755"}],"collection":[{"href":"https:\/\/akdenizolaygazetesi.com\/index.php?rest_route=\/wp\/v2\/posts"}],"about":[{"href":"https:\/\/akdenizolaygazetesi.com\/index.php?rest_route=\/wp\/v2\/types\/post"}],"author":[{"embeddable":true,"href":"https:\/\/akdenizolaygazetesi.com\/index.php?rest_route=\/wp\/v2\/users\/2"}],"replies":[{"embeddable":true,"href":"https:\/\/akdenizolaygazetesi.com\/index.php?rest_route=%2Fwp%2Fv2%2Fcomments&post=22755"}],"version-history":[{"count":1,"href":"https:\/\/akdenizolaygazetesi.com\/index.php?rest_route=\/wp\/v2\/posts\/22755\/revisions"}],"predecessor-version":[{"id":22757,"href":"https:\/\/akdenizolaygazetesi.com\/index.php?rest_route=\/wp\/v2\/posts\/22755\/revisions\/22757"}],"wp:featuredmedia":[{"embeddable":true,"href":"https:\/\/akdenizolaygazetesi.com\/index.php?rest_route=\/wp\/v2\/media\/22756"}],"wp:attachment":[{"href":"https:\/\/akdenizolaygazetesi.com\/index.php?rest_route=%2Fwp%2Fv2%2Fmedia&parent=22755"}],"wp:term":[{"taxonomy":"category","embeddable":true,"href":"https:\/\/akdenizolaygazetesi.com\/index.php?rest_route=%2Fwp%2Fv2%2Fcategories&post=22755"},{"taxonomy":"post_tag","embeddable":true,"href":"https:\/\/akdenizolaygazetesi.com\/index.php?rest_route=%2Fwp%2Fv2%2Ftags&post=22755"}],"curies":[{"name":"wp","href":"https:\/\/api.w.org\/{rel}","templated":true}]}}