{"id":22758,"date":"2022-12-08T13:17:36","date_gmt":"2022-12-08T10:17:36","guid":{"rendered":"http:\/\/akdenizolaygazetesi.com\/?p=22758"},"modified":"2022-12-08T13:17:36","modified_gmt":"2022-12-08T10:17:36","slug":"baskan-secer-calistayin-cok-basarili-olacagini-dusunuyorum","status":"publish","type":"post","link":"https:\/\/akdenizolaygazetesi.com\/?p=22758","title":{"rendered":"BA\u015eKAN SE\u00c7ER: &#8220;\u00c7ALI\u015eTAYIN \u00c7OK BA\u015eARILI OLACA\u011eINI D\u00dc\u015e\u00dcN\u00dcYORUM&#8221;"},"content":{"rendered":"<p>Mersin B\u00fcy\u00fck\u015fehir Belediyesi bug\u00fcn ba\u015flayan &#8216;K\u00f6pekli Arama Kurtarma \u00c7al\u0131\u015ftay\u0131&#8217; ile yine bir ilke imza att\u0131. B\u00fcy\u00fck\u015fehir Belediyesi \u0130tfaiye Dairesi Ba\u015fkanl\u0131\u011f\u0131 koordinesinde yap\u0131lan ve Ba\u015fkan Vahap Se\u00e7er&#8217;in ve yurt i\u00e7inden ilgililerin kat\u0131l\u0131m\u0131yla Nikah ve Etkinlik Salonu&#8217;nda ba\u015flayan \u00e7al\u0131\u015ftayda k\u00f6peklerle ilgili t\u00fcm konular konu\u015fulacak. 3 g\u00fcn s\u00fcrecek \u00e7al\u0131\u015ftayda, hayat kurtarma yolunda \u00f6nemli g\u00f6revleri olan k\u00f6pekli arama kurtarma konusunda yap\u0131lacak i\u015fbirli\u011fine dikkat \u00e7ekilecek. &#8216;Haydi Arama Vakti&#8217; slogan\u0131 ile hayata ge\u00e7irilen \u00e7al\u0131\u015ftay ayr\u0131ca Mersin B\u00fcy\u00fck\u015fehir Belediyesi \u0130tfaiye Dairesi Ba\u015fkanl\u0131\u011f\u0131&#8217;n\u0131n da Belediye tarihinde d\u00fczenledi\u011fi ilk \u00e7al\u0131\u015ftay olma \u00f6zelli\u011fine sahip bulunuyor.<br \/>\n &#8220;Mersin&#8217;e hizmet etmek i\u00e7in didiniyoruz,  gecemizi g\u00fcnd\u00fcz\u00fcm\u00fcze kat\u0131yoruz&#8221;<br \/>\nFarkl\u0131 illerden, kurum ve kurulu\u015flardan, sivil toplumdan \u00e7al\u0131\u015ftaya gelen kat\u0131l\u0131mc\u0131lara &#8220;Ho\u015f geldiniz&#8221; diyerek konu\u015fmas\u0131na ba\u015flayan Ba\u015fkan Se\u00e7er, &#8220;Mersin bizler i\u00e7in \u00e7ok \u00f6nemli. Biz Mersin&#8217;in \u015fehr-i eminiyiz. Mersin&#8217;i \u00e7ok \u00f6nemsiyoruz, \u00e7ok seviyoruz ki hizmet etmek i\u00e7in \u00e7al\u0131\u015f\u0131yoruz, didiniyoruz, gecemizi g\u00fcnd\u00fcze kat\u0131yoruz. Her ba\u015far\u0131l\u0131 olmak isteyen belediye ba\u015fkan\u0131n\u0131n asl\u0131nda yap\u0131s\u0131nda bu vard\u0131r. Yoksa ba\u015far\u0131l\u0131 olma \u015fans\u0131 yoktur&#8221; diye konu\u015ftu.<br \/>\nHer anlamda insan\u0131n i\u015fini sevmesi gerekti\u011fini belirten Ba\u015fkan Se\u00e7er, &#8220;Mersinimizin tan\u0131t\u0131lmas\u0131, anlat\u0131lmas\u0131 a\u00e7\u0131s\u0131ndan \u00e7ok \u00f6nemli bir misyon y\u00fcklendi\u011fimizi d\u00fc\u015f\u00fcn\u00fcyorum. Buradaki misafirlere rica ediyorum; Mersin ile ilgili g\u00f6rd\u00fcklerinizi gitti\u011finiz yerlerde anlat\u0131n. Zaten insan\u0131n g\u00f6rg\u00fcs\u00fc dedi\u011fimiz konu da bu. Gidip g\u00f6rmek, ya\u015famak, hissetmek; bu insana hep de\u011fer katar. \u0130\u015fte g\u00f6rg\u00fc dedi\u011fimiz olay da budur. Burada da \u00e7ok \u015fey g\u00f6rece\u011finizi, hissedece\u011finizi biliyorum. \u00c7\u00fcnk\u00fc Mersin&#8217;imiz \u00e7ok g\u00fczel bir kent&#8221; dedi.<br \/>\n&#8220;\u0130lk g\u00f6revimiz; bu kentin birli\u011fini, beraberli\u011fini, huzurunu tesis etmek&#8221;<br \/>\nMersin&#8217;in T\u00fcrkiye h\u00fcviyetinde bir kent oldu\u011funu an\u0131msatan Ba\u015fkan Se\u00e7er, T\u00fcrkiye&#8217;nin her noktas\u0131ndan belli bir s\u00fcre \u00f6nce farkl\u0131 gerek\u00e7elerle Mersin&#8217;e gelmi\u015f, burada hayat\u0131n\u0131 s\u00fcrd\u00fcren insanlarla kar\u015f\u0131la\u015fman\u0131n m\u00fcmk\u00fcn oldu\u011funu kaydetti. Se\u00e7er, &#8220;Mersin&#8217;i Mersin yapan \u00f6zelliklerin ba\u015f\u0131nda bu geliyor. Onun i\u00e7in biz Mersin&#8217;e hizmet ederken mutlaka yol yapmak, mutlaka park ve bah\u00e7elere,  ye\u015file \u00f6nem vermek, bir afet durumunda m\u00fcdahale etmek mutlaka bizim g\u00f6revimiz ama ilk g\u00f6revimiz; bu kentin birli\u011fini, beraberli\u011fini, huzurunu tesis etmek&#8221; diye konu\u015ftu.<br \/>\n&#8220;Afet konusunda kurumlar\u0131m\u0131z\u0131n \u00e7ok daha iyi noktalarda olmas\u0131 gerekiyor&#8221;<br \/>\n\u00c7al\u0131\u015ftay\u0131n konusunun b\u00fcy\u00fck \u00f6nem ta\u015f\u0131d\u0131\u011f\u0131n\u0131 dile getiren Ba\u015fkan Se\u00e7er, T\u00fcrkiye gibi deprem ku\u015fa\u011f\u0131nda olan bir yerde bu t\u00fcr \u00e7al\u0131\u015fmalar\u0131n \u00e7ok daha art\u0131r\u0131lmas\u0131 gerekti\u011fini vurgulad\u0131. Se\u00e7er, &#8220;Bu konuda belediyelerimizin, ilgili kurumlar\u0131m\u0131z\u0131n \u00e7ok daha iyi noktalarda olmas\u0131 gerekti\u011fini d\u00fc\u015f\u00fcn\u00fcyorum. K\u00f6t\u00fc demiyorum ama \u00e7ok daha iyi noktalarda olmas\u0131 gerekti\u011fini d\u00fc\u015f\u00fcn\u00fcyorum. Evet, kurumlar bir birim kurar ama kurdu\u011fu gibi kal\u0131rsa, \u00fczerine bir \u015fey konmazsa, bir katk\u0131 sunulmazsa hi\u00e7bir anlam ifade etmez. G\u00f6revini yapm\u0131\u015f olmak i\u00e7in, yang\u0131na m\u00fcdahale etmi\u015f olmak i\u00e7in ya da &#8216;Bir deprem an\u0131nda gidip enkaz alt\u0131nda canl\u0131 \u00e7\u0131karma gayretini g\u00f6sterdim. \u00c7\u0131kartabilirsek \u00e7\u0131kartabiliriz, \u00e7\u0131kartamazsak hay\u0131rl\u0131s\u0131 olsun&#8217; de\u011fil. Ger\u00e7ekten bilin\u00e7li bir \u015fekilde gidip bir afet an\u0131nda oraya m\u00fcdahale etmek bir kaza an\u0131nda, herhangi bir durumda ve etkin bir \u015fekilde \u00e7al\u0131\u015f\u0131p sonu\u00e7 alabilmek i\u00e7in \u00e7ok daha iyi noktalarda olmas\u0131 gerekti\u011fini d\u00fc\u015f\u00fcn\u00fcyorum&#8221; dedi.<br \/>\n&#8220;Bu \u00e7al\u0131\u015ftay\u0131n \u00e7ok ba\u015far\u0131l\u0131 olaca\u011f\u0131n\u0131 d\u00fc\u015f\u00fcn\u00fcyorum&#8221;<br \/>\nAfet durumlar\u0131nda daha etkin olunmas\u0131 i\u00e7in neyin, nas\u0131l yap\u0131laca\u011f\u0131n\u0131n iyice \u00f6\u011frenilmesi ve bunun i\u00e7in de e\u011fitim gerekti\u011fine dikkat \u00e7eken Ba\u015fkan Se\u00e7er,<br \/>\n&#8220;\u0130\u015fte bu \u00e7al\u0131\u015ftayda da \u00f6yle g\u00fczel bir ortam olacak. Bilmediklerimizi hep beraber \u00f6\u011frenmek, bildiklerimizi anlatmak. E\u011fer biliyorsak, anlatm\u0131yorsak onun da hi\u00e7bir k\u0131ymeti yok. Hayatta bir sonraki jenerasyonlara bir miras b\u0131rakacaksak, onlara bir \u015feyler \u00f6\u011fretmemiz laz\u0131m. Bir deneyim b\u0131rakmam\u0131z laz\u0131m ki onlar da al\u0131p o noktadan daha ileri bir seviyeye ta\u015f\u0131yabilsinler. Bu nedenle bu \u00e7al\u0131\u015ftay\u0131n sizlerin \u00f6nemli katk\u0131lar\u0131yla \u00e7ok ba\u015far\u0131l\u0131 olaca\u011f\u0131n\u0131 d\u00fc\u015f\u00fcn\u00fcyorum. Umut ediyorum, elbette ki afetler olmas\u0131n, ya\u015fanmas\u0131n. T\u00fcrkiye&#8217;de bu sorun alan\u0131na da de\u011finmeden ge\u00e7emeyece\u011fim ama sadece iyi bir arama kurtarma ekibi kurmak meselesi de\u011fil. Yani afet olduktan, olay olduktan, bir kaza olduktan sonra m\u00fcdahaleden ziyade, afet meydana gelmeden \u00f6nce, olas\u0131 afetin tesirini azaltmak, zarar\u0131n\u0131 azaltmak i\u00e7in yap\u0131lmas\u0131 gerekenleri yapmak \u00f6nemlidir. Bu g\u00f6rev de ba\u015fta siyaset\u00e7ilere d\u00fc\u015f\u00fcyor&#8221; dedi.<br \/>\n&#8220;T\u00fcrkiye&#8217;de herkes g\u00f6revini yaparsa T\u00fcrkiye \u00e7ok daha iyi yerlere gelecek&#8221;<br \/>\nAfetler konusunda vatanda\u015flar\u0131n kanunlara uymas\u0131n\u0131n da \u00f6nemine dikkat \u00e7eken Ba\u015fkan Se\u00e7er, &#8220;Siyaset\u00e7iler parlamentoda kanun yapar. \u00dclkeler, toplumlar kanunla y\u00f6netilir, kuralla y\u00f6netilir. \u0130stedi\u011finiz kadar kanun, kural koyun, uymad\u0131\u011f\u0131n\u0131z takdirde onun da bir k\u0131ymeti harbiyesi yoktur. T\u00fcrkiye&#8217;nin belki de en b\u00fcy\u00fck a\u00e7mazlar\u0131ndan bir tanesi budur. T\u00fcrkiye asl\u0131nda kurallar \u00fclkesidir, bir kanunlar manzumesidir ama uygulamaya bakt\u0131\u011f\u0131m\u0131z zaman hi\u00e7 de \u00f6yle de\u011fil. Sonra da afetlerin do\u011furdu\u011fu \u00e7ok b\u00fcy\u00fck hasarlar, zararlar, can kay\u0131plar\u0131, mal kay\u0131plar\u0131, her \u015feyden \u00f6te insanlar\u0131n \u00e7ekti\u011fi ac\u0131, \u0131zd\u0131rap, \u00fcz\u00fcnt\u00fc&#8230; Bu da elinizde bakiye olarak kal\u0131yor. T\u00fcrkiye&#8217;de herkes g\u00f6revini yaparsa T\u00fcrkiye \u00e7ok daha iyi yerlere gelecek. Ben Belediye Ba\u015fkanl\u0131\u011f\u0131m\u0131 en iyi \u015fekilde yapaca\u011f\u0131m, sizler kendi g\u00f6rev alanlar\u0131n\u0131zda g\u00f6revinizi yapacaks\u0131n\u0131z ama vatanda\u015f\u0131m\u0131z da vatanda\u015fl\u0131k \u00f6devini yerine getirmek durumunda. \u0130stedi\u011fimiz kadar Belediye Ba\u015fkan\u0131 olarak kat\u0131 kurallar koyal\u0131m, binalar\u0131 denetleyelim, e\u011fer vatanda\u015f kanunlara riayet etmiyor, yapt\u0131\u011f\u0131 binay\u0131 tekni\u011fe, yasaya, plana, projeye uygun yapm\u0131yorsa bir sars\u0131nt\u0131 an\u0131nda \u00e7\u00f6kmemesi gereken bina \u00e7\u00f6ker&#8221; diye konu\u015ftu.<br \/>\nT\u00fcm vatanda\u015flar\u0131n, yasalar\u0131n kendisine y\u00fckledi\u011fi vazifeyi yerine getirip, ona uygun davran\u0131rsa \u00e7ok daha g\u00fczel bir \u00fclkede ya\u015fama f\u0131rsat\u0131na sahip olaca\u011f\u0131n\u0131 da ifade eden Ba\u015fkan Se\u00e7er, &#8220;Umutlar\u0131m \u00e7ok. \u00dclkemiz \u00e7ok iyi noktalarda olacak. \u00c7\u00fcnk\u00fc \u00e7ok g\u00fc\u00e7l\u00fc bir \u00fclkeyiz. \u00c7ok g\u00fc\u00e7l\u00fc bir milletiz. Rengarengiz; Do\u011fu&#8217;dan Bat\u0131&#8217;ya, Kuzey&#8217;den G\u00fcney&#8217;e muazzam bir toplulu\u011fuz. Bu da bizi heyecanl\u0131 ve umutlu k\u0131lan en \u00f6nemli \u00f6zelli\u011fimiz&#8221; dedi.<br \/>\nMersin B\u00fcy\u00fck\u015fehir Belediyesi \u0130tfaiye Daire Ba\u015fkan\u0131 Mehmet Bahtiyar Ayd\u0131n da \u0130tfaiye biriminde ekipleri en iyi seviyeye getirmek i\u00e7in g\u00f6sterdikleri \u00e7abay\u0131 anlatarak, &#8220;\u0130\u015finin uzman\u0131 arkada\u015flar\u0131m\u0131z, Ba\u015fkan\u0131m\u0131z bilirler; bir do\u011fumda 8 tane k\u00f6pek oluyor ama bir tanesini belki yakalayabiliyoruz.  Konseptimiz i\u00e7erisinde \u00f6zellikle Tarsus&#8217;ta ya\u015fad\u0131\u011f\u0131m\u0131z i\u00e7in bir de \u00c7atalburun&#8217;u hediye vermek istiyoruz. Onun \u00fczerine gidelim dedik. \u0130stiyoruz ki biz bir yere gitti\u011fimiz zaman, in\u015fallah olmaz, ama gitti\u011fimiz zaman bu simalar tan\u0131ns\u0131n, hocalar\u0131m\u0131z bize faydal\u0131 olsun, federasyon ba\u015fkan\u0131m\u0131z, federasyonumuz, STK&#8217;lar\u0131m\u0131z bize yol \u00e7izgimizi yaps\u0131n&#8221; ifadelerini kulland\u0131.<br \/>\nKonu\u015fmalar\u0131n ard\u0131ndan Uluslararas\u0131 K\u00f6pek Irklar\u0131 Federasyonu Ba\u015fkan\u0131 Fatih \u00c7okcan ve Ba\u015fkan Yard\u0131mc\u0131s\u0131 G\u00f6ktan Eker, Mersin B\u00fcy\u00fck\u015fehir Belediyesi taraf\u0131ndan ger\u00e7ekle\u015ftirilen bu anlaml\u0131 \u00e7al\u0131\u015ftaydan dolay\u0131 Ba\u015fkan Vahap Se\u00e7er&#8217;e plaket takdim etti. Ba\u015fkan Se\u00e7er ayr\u0131ca, \u0130tfaiye Dairesi personelinin kat\u0131ld\u0131\u011f\u0131 \u00e7al\u0131\u015fma foto\u011fraflar\u0131n\u0131n yer ald\u0131\u011f\u0131 sergiyi de gezdi.<br \/>\nMersin d\u0131\u015f\u0131nda bir\u00e7ok ilden uzman konu\u015fmac\u0131n\u0131n yer ald\u0131\u011f\u0131 \u00e7al\u0131\u015ftaya; \u0130stanbul, Ankara, Adana, Antalya, Eski\u015fehir, Mu\u011fla ve Tekirda\u011f itfaiye daire ba\u015fkanlar\u0131, Mersin \u0130l Tar\u0131m ve Orman M\u00fcd\u00fcrl\u00fc\u011f\u00fc&#8217;nden veteriner hekimler, Uluslararas\u0131 K\u00f6pek Irklar\u0131 Federasyonu Ba\u015fkan\u0131 ve K\u00f6pek E\u011fitmeni, Mersin \u0130l Jandarma Komutanl\u0131\u011f\u0131&#8217;ndan uzmanlar, T\u00fcrkiye&#8217;nin tek sivil savunma ve itfaiyecilik b\u00f6l\u00fcm\u00fc olan G\u00fcm\u00fc\u015fhane \u00dcniversitesi&#8217;nden ve Mersin \u00dcniversitesi&#8217;nden akademisyenler kat\u0131l\u0131yor.<\/p>\n","protected":false},"excerpt":{"rendered":"<p>Mersin B\u00fcy\u00fck\u015fehir Belediyesi bug\u00fcn ba\u015flayan &#8216;K\u00f6pekli Arama Kurtarma \u00c7al\u0131\u015ftay\u0131&#8217; ile yine bir ilke imza att\u0131. B\u00fcy\u00fck\u015fehir Belediyesi \u0130tfaiye Dairesi Ba\u015fkanl\u0131\u011f\u0131 koordinesinde yap\u0131lan ve Ba\u015fkan Vahap Se\u00e7er&#8217;in ve yurt i\u00e7inden ilgililerin &hellip; <a href=\"https:\/\/akdenizolaygazetesi.com\/?p=22758\" class=\"more-link\">Devam\u0131n\u0131 Oku&#8230;<\/a><\/p>\n","protected":false},"author":2,"featured_media":22759,"comment_status":"open","ping_status":"open","sticky":false,"template":"","format":"standard","meta":[],"categories":[2,3,5],"tags":[],"_links":{"self":[{"href":"https:\/\/akdenizolaygazetesi.com\/index.php?rest_route=\/wp\/v2\/posts\/22758"}],"collection":[{"href":"https:\/\/akdenizolaygazetesi.com\/index.php?rest_route=\/wp\/v2\/posts"}],"about":[{"href":"https:\/\/akdenizolaygazetesi.com\/index.php?rest_route=\/wp\/v2\/types\/post"}],"author":[{"embeddable":true,"href":"https:\/\/akdenizolaygazetesi.com\/index.php?rest_route=\/wp\/v2\/users\/2"}],"replies":[{"embeddable":true,"href":"https:\/\/akdenizolaygazetesi.com\/index.php?rest_route=%2Fwp%2Fv2%2Fcomments&post=22758"}],"version-history":[{"count":1,"href":"https:\/\/akdenizolaygazetesi.com\/index.php?rest_route=\/wp\/v2\/posts\/22758\/revisions"}],"predecessor-version":[{"id":22760,"href":"https:\/\/akdenizolaygazetesi.com\/index.php?rest_route=\/wp\/v2\/posts\/22758\/revisions\/22760"}],"wp:featuredmedia":[{"embeddable":true,"href":"https:\/\/akdenizolaygazetesi.com\/index.php?rest_route=\/wp\/v2\/media\/22759"}],"wp:attachment":[{"href":"https:\/\/akdenizolaygazetesi.com\/index.php?rest_route=%2Fwp%2Fv2%2Fmedia&parent=22758"}],"wp:term":[{"taxonomy":"category","embeddable":true,"href":"https:\/\/akdenizolaygazetesi.com\/index.php?rest_route=%2Fwp%2Fv2%2Fcategories&post=22758"},{"taxonomy":"post_tag","embeddable":true,"href":"https:\/\/akdenizolaygazetesi.com\/index.php?rest_route=%2Fwp%2Fv2%2Ftags&post=22758"}],"curies":[{"name":"wp","href":"https:\/\/api.w.org\/{rel}","templated":true}]}}