{"id":22761,"date":"2022-12-08T13:18:54","date_gmt":"2022-12-08T10:18:54","guid":{"rendered":"http:\/\/akdenizolaygazetesi.com\/?p=22761"},"modified":"2022-12-08T13:18:54","modified_gmt":"2022-12-08T10:18:54","slug":"toroslar-belediye-meclisi-2022-yilinin-son-toplantisini-yapti","status":"publish","type":"post","link":"https:\/\/akdenizolaygazetesi.com\/?p=22761","title":{"rendered":"TOROSLAR BELED\u0130YE MECL\u0130S\u0130, 2022 YILININ SON TOPLANTISINI YAPTI"},"content":{"rendered":"<p>Toroslar Belediye Meclisi, Aral\u0131k Ay\u0131 Meclis Toplant\u0131s\u0131&#8217;n\u0131n 2&#8217;inci birle\u015fimini ger\u00e7ekle\u015ftirdi.<\/p>\n<p>Toroslar Belediye Ba\u015fkan\u0131 Ats\u0131z Af\u015f\u0131n Y\u0131lmaz, 2022 y\u0131l\u0131n\u0131n son meclis toplant\u0131s\u0131nda birlik ve beraberli\u011fe vurgu yaparak; &#8220;Bir ve beraber olduk\u00e7a hi\u00e7bir g\u00fc\u00e7, bizi engelleyemeyecektir. \u00c7ok \u015f\u00fck\u00fcr ki \u00fclkemizde, \u015fehrimizde, il\u00e7emizde bunu ya\u015fatmaya \u00e7al\u0131\u015f\u0131yoruz. Ortak de\u011ferlerimizi bulmak ve bunlar\u0131n alt\u0131nda birle\u015fmek bizim i\u00e7in \u00e7ok \u00f6nemli&#8221; dedi.<\/p>\n<p>Meclis \u00fcyelerine, 2022 y\u0131l\u0131nda ve bir \u00f6nceki y\u0131llarda ger\u00e7ekle\u015fen \u00e7al\u0131\u015fmalara sa\u011flad\u0131klar\u0131 katk\u0131 ve desteklerinden dolay\u0131 te\u015fekk\u00fcr eden Ba\u015fkan Y\u0131lmaz; &#8220;\u015eehrimiz, meclisimiz, insan\u0131m\u0131z i\u00e7in buralara geldiniz. Meclisimizde kat\u0131l\u0131m oran\u0131 hep y\u00fcksek oldu. Hepinize ayr\u0131 ayr\u0131 te\u015fekk\u00fcr ediyorum. Yapt\u0131\u011f\u0131m\u0131z her g\u00fczel \u00e7al\u0131\u015fmada t\u00fcm meclis \u00fcyelerimizin katk\u0131s\u0131 ve pay\u0131 vard\u0131r. \u0130n\u015fallah hep beraber daha da g\u00fczel \u00e7al\u0131\u015fmalar yapmaya devam edece\u011fiz&#8221; ifadelerini kulland\u0131.<\/p>\n<p>Ba\u015fkan Y\u0131lmaz, g\u00fcndem maddelerinin g\u00f6r\u00fc\u015f\u00fclerek karara ba\u011fland\u0131\u011f\u0131 2022 y\u0131l\u0131n\u0131n son meclis toplant\u0131s\u0131n\u0131n ard\u0131ndan dilek ve temenniler b\u00f6l\u00fcm\u00fcnde konu\u015farak, yeni y\u0131l\u0131n t\u00fcm d\u00fcnyaya ve \u00fclkemize sa\u011fl\u0131k, mutluluk, huzur ve bar\u0131\u015f getirmesini diledi.<\/p>\n<p>&#8220;\u00dclkemiz, Emin Ad\u0131mlarla G\u00fc\u00e7l\u00fc T\u00fcrkiye&#8217;ye Do\u011fru \u0130lerliyor&#8221;<\/p>\n<p>2023 y\u0131l\u0131n\u0131n T\u00fcrkiye i\u00e7in ayr\u0131 bir \u00f6nemi oldu\u011funu kaydeden Ba\u015fkan Y\u0131lmaz, Cumhuriyetimizin 100. Kurulu\u015f y\u0131l d\u00f6n\u00fcm\u00fcn\u00fc idrak edeceklerine dikkat \u00e7ekerek; &#8220;Son birka\u00e7 y\u0131ld\u0131r d\u00fcnya pandemi, sava\u015flar ve s\u0131k\u0131nt\u0131yla m\u00fccadele ediyor. Bir sanc\u0131 var d\u00fcnyada. \u00c7\u00fcnk\u00fc g\u00fc\u00e7, bat\u0131dan do\u011fuya kay\u0131yor. Burada \u00fclkemizin g\u00fcc\u00fc daha da art\u0131yor. G\u00fcc\u00fc teslim etmek zorunda olanlar g\u00fcc\u00fc teslim etmek istemiyor. Direniyor, sava\u015f olsun, insanlar birbirine d\u00fc\u015fs\u00fcn istiyor. Ama \u00fclkemiz \u00e7ok \u015f\u00fck\u00fcr ki emin ad\u0131mlarla g\u00fc\u00e7l\u00fc T\u00fcrkiye&#8217;ye do\u011fru ilerliyor. 2023 y\u0131l\u0131na girece\u011fiz. Cumhuriyetimizin 100. Kurulu\u015f y\u0131l d\u00f6n\u00fcm\u00fcn\u00fc kutlayaca\u011f\u0131z. 2023 y\u0131l\u0131nda devletimizin, toplumumuzun daha da g\u00fc\u00e7l\u00fc olmas\u0131n\u0131, birlik ve beraberli\u011fimizin daim olmas\u0131n\u0131 diliyoruz&#8221; diye konu\u015ftu.<\/p>\n<p>&#8220;Bizim Medeniyetimizin Ana Unsuru, Sevgi, Sayg\u0131 ve Ho\u015fg\u00f6r\u00fcd\u00fcr&#8221;<\/p>\n<p>Son y\u00fczy\u0131ldaki T\u00fcrk siyasi tarihinin yeniden yaz\u0131lmas\u0131 gerekti\u011fini vurgulayan Ba\u015fkan Y\u0131lmaz; &#8220;Ge\u00e7mi\u015fimizde de\u011fi\u015fik ac\u0131 olaylar var. Bu ac\u0131 olaylar\u0131n neticesinde ortaya \u00e7\u0131kanlar, siyasi husumetler \u00fczerinden yap\u0131l\u0131yor maalesef. Herkes pozisyonunu, ge\u00e7mi\u015fteki ac\u0131lar \u00fczerinden veriyor. Bug\u00fcn art\u0131k bu ac\u0131lar\u0131n, darbelerin, olaylar\u0131n d\u0131\u015f el etkisiyle yap\u0131ld\u0131\u011f\u0131, toplumun kutupla\u015ft\u0131r\u0131l\u0131p birbirine d\u00fc\u015fman edildi\u011fi, birlik ve beraberli\u011fin engellendi\u011fi art\u0131k g\u00f6r\u00fcl\u00fcyor. Son y\u00fczy\u0131ldaki T\u00fcrk siyasi tarihinin yeniden yaz\u0131lmas\u0131 gerekiyor. Birbirimizi daha \u00e7ok anlayal\u0131m, birbirimizin ac\u0131lar\u0131na daha \u00e7ok sayg\u0131 duyal\u0131m ve birbirimizi daha \u00e7ok sevelim. Bizim bak\u0131\u015f\u0131m\u0131z \u015fudur; T\u00fcrkiye Cumhuriyeti&#8217;ne ba\u011fl\u0131 her vatanda\u015f, bizim karde\u015fimizdir. Her insan bizim k\u00fclt\u00fcr\u00fcm\u00fcz, dinimiz ve \u00f6rf\u00fcm\u00fcz gere\u011fi sadece insan oldu\u011fu i\u00e7in sevgiyi, sayg\u0131y\u0131, ho\u015fg\u00f6r\u00fcy\u00fc, kucakla\u015fmay\u0131 hak eder. Bizim medeniyetimizin ana unsuru da budur. Farkl\u0131l\u0131klar\u0131m\u0131z olabilir. Hep birlikte T\u00fcrkiye&#8217;yiz diyen herkes bizim \u00f6zbe\u00f6z karde\u015fimizdir. Bayra\u011f\u0131m\u0131z\u0131n alt\u0131nda toplanabildi\u011fimiz, el ele olabildi\u011fimiz, beraber gelecek tasarlayabildi\u011fimiz herkes bizim \u00f6zbe\u00f6z karde\u015fimizdir. Sevgiyi, sayg\u0131y\u0131 hak eder ve biz de bu y\u00f6nde \u00e7al\u0131\u015fmaya devam edece\u011fiz&#8221; dedi.<\/p>\n<p>&#8220;2023 Y\u0131l\u0131nda Daha Da G\u00fczel \u00c7al\u0131\u015fmalara \u0130mza Ataca\u011f\u0131z&#8221;<\/p>\n<p>Ula\u015f\u0131mdan imara, sa\u011fl\u0131ktan e\u011fitime, spordan k\u00fclt\u00fcrel mirasa kadar sosyal ve \u00e7evik belediyecilik anlay\u0131\u015f\u0131yla \u00e7al\u0131\u015fmalar ger\u00e7ekle\u015ftirdiklerini kaydeden Ba\u015fkan Y\u0131lmaz, 2023 y\u0131l\u0131nda daha da g\u00fczel \u00e7al\u0131\u015fmalara imza atacaklar\u0131n\u0131 kaydederek;  &#8220;2023 y\u0131l\u0131n\u0131n Toroslar\u0131m\u0131za, Mersinimize, \u00fclkemize ve t\u00fcm d\u00fcnyaya sa\u011fl\u0131k, mutluluk, huzur ve bar\u0131\u015f getirmesini diliyorum. \u00c7ocuklar\u0131m\u0131z k\u00f6le olmas\u0131n diye bizim bir ve beraber olmam\u0131z gerekiyor. Etraf\u0131m\u0131zdaki \u00fclkelere bak\u0131n. Cuma g\u00fcn\u00fc Ukrayna&#8217;da her \u015fey yolunda, Ukrayna halk\u0131 Cumartesi g\u00fcn\u00fc ba\u015fka bir Ukrayna ile uyan\u0131yor. Bug\u00fcn milyarca dolar harcansa bile eski hale gelmesi zor. Birileri ittiler, \u00f6ne \u00e7\u0131kard\u0131lar sonra ortada b\u0131rakt\u0131lar. Bu hep b\u00f6yle olmu\u015ftur. Emperyal g\u00fc\u00e7ler, hi\u00e7bir zaman kulland\u0131klar\u0131 gruplar\u0131 desteklememi\u015ftir. Bizim bizden ba\u015fka dostumuz yoktur. Sevecek, sayacak, kucaklayacak kimse yoktur. Bizde de o g\u00fc\u00e7 ve kuvvet var, o sayg\u0131 ve sevgi var. \u0130n\u015fallah hep beraber daha g\u00fczel g\u00fcnler ya\u015fayaca\u011f\u0131m\u0131za can\u0131 g\u00f6n\u00fclden inan\u0131yorum. Ulu \u00d6nderimiz Gazi Mustafa Kemal Atat\u00fcrk&#8217;\u00fc, silah arkada\u015flar\u0131n\u0131 ve bu devlet ve millet i\u00e7in kan veren, can veren, al\u0131n teri ak\u0131tan t\u00fcm b\u00fcy\u00fcklerimizi sayg\u0131yla, sevgiyle, rahmetle an\u0131yorum. Y\u00fcz\u00fcnc\u00fc y\u0131l\u0131m\u0131z\u0131 \u00f6nemsiyoruz. Hep birlikte nice y\u00fczy\u0131llara diyoruz&#8221; \u015feklinde konu\u015ftu.<\/p>\n","protected":false},"excerpt":{"rendered":"<p>Toroslar Belediye Meclisi, Aral\u0131k Ay\u0131 Meclis Toplant\u0131s\u0131&#8217;n\u0131n 2&#8217;inci birle\u015fimini ger\u00e7ekle\u015ftirdi. Toroslar Belediye Ba\u015fkan\u0131 Ats\u0131z Af\u015f\u0131n Y\u0131lmaz, 2022 y\u0131l\u0131n\u0131n son meclis toplant\u0131s\u0131nda birlik ve beraberli\u011fe vurgu yaparak; &#8220;Bir ve beraber olduk\u00e7a &hellip; <a href=\"https:\/\/akdenizolaygazetesi.com\/?p=22761\" class=\"more-link\">Devam\u0131n\u0131 Oku&#8230;<\/a><\/p>\n","protected":false},"author":2,"featured_media":22762,"comment_status":"open","ping_status":"open","sticky":false,"template":"","format":"standard","meta":[],"categories":[8,2,3],"tags":[],"_links":{"self":[{"href":"https:\/\/akdenizolaygazetesi.com\/index.php?rest_route=\/wp\/v2\/posts\/22761"}],"collection":[{"href":"https:\/\/akdenizolaygazetesi.com\/index.php?rest_route=\/wp\/v2\/posts"}],"about":[{"href":"https:\/\/akdenizolaygazetesi.com\/index.php?rest_route=\/wp\/v2\/types\/post"}],"author":[{"embeddable":true,"href":"https:\/\/akdenizolaygazetesi.com\/index.php?rest_route=\/wp\/v2\/users\/2"}],"replies":[{"embeddable":true,"href":"https:\/\/akdenizolaygazetesi.com\/index.php?rest_route=%2Fwp%2Fv2%2Fcomments&post=22761"}],"version-history":[{"count":1,"href":"https:\/\/akdenizolaygazetesi.com\/index.php?rest_route=\/wp\/v2\/posts\/22761\/revisions"}],"predecessor-version":[{"id":22763,"href":"https:\/\/akdenizolaygazetesi.com\/index.php?rest_route=\/wp\/v2\/posts\/22761\/revisions\/22763"}],"wp:featuredmedia":[{"embeddable":true,"href":"https:\/\/akdenizolaygazetesi.com\/index.php?rest_route=\/wp\/v2\/media\/22762"}],"wp:attachment":[{"href":"https:\/\/akdenizolaygazetesi.com\/index.php?rest_route=%2Fwp%2Fv2%2Fmedia&parent=22761"}],"wp:term":[{"taxonomy":"category","embeddable":true,"href":"https:\/\/akdenizolaygazetesi.com\/index.php?rest_route=%2Fwp%2Fv2%2Fcategories&post=22761"},{"taxonomy":"post_tag","embeddable":true,"href":"https:\/\/akdenizolaygazetesi.com\/index.php?rest_route=%2Fwp%2Fv2%2Ftags&post=22761"}],"curies":[{"name":"wp","href":"https:\/\/api.w.org\/{rel}","templated":true}]}}