{"id":22767,"date":"2022-12-08T13:22:03","date_gmt":"2022-12-08T10:22:03","guid":{"rendered":"http:\/\/akdenizolaygazetesi.com\/?p=22767"},"modified":"2022-12-08T13:22:03","modified_gmt":"2022-12-08T10:22:03","slug":"akdenizde-demli-sohbetler","status":"publish","type":"post","link":"https:\/\/akdenizolaygazetesi.com\/?p=22767","title":{"rendered":"AKDEN\u0130Z\u2019DE DEML\u0130 SOHBETLER"},"content":{"rendered":"<p>Akdeniz Belediyesi k\u00fclt\u00fcr ve sanat evi kursiyeri kad\u0131nlar, K\u00fclt\u00fcr ve Sosyal \u0130\u015fler M\u00fcd\u00fcrl\u00fc\u011f\u00fc\u2019nce organize edilen \u201cDemli Sohbetler\u201d etkinli\u011finde bir araya geldi. Sohbete kat\u0131lan Ba\u015fkan G\u00fcltak, hem Akdeniz il\u00e7esinin \u00e7ehresini hem de Akdenizli kad\u0131nlar\u0131n hayat\u0131na dokunan hizmet ve projeleri anlatt\u0131.<br \/>\nMersin Millet Bah\u00e7esi sahil etab\u0131nda d\u00fczenlenen bulu\u015fmada Akdenizli kad\u0131nlar DJ performans\u0131 ile g\u00f6n\u00fcllerince e\u011flendi. Akdeniz Belediye Ba\u015fkan\u0131 M. Mustafa G\u00fcltak da a\u00e7\u0131k alanda d\u00fczenlenen etkinlikte Akdeniz&#8217;in emektar kad\u0131nlar\u0131n \u00e7ay keyfine ve sohbetine ortak oldu. Baz\u0131 kad\u0131nlar\u0131n kuca\u011f\u0131nda k\u00fc\u00e7\u00fck \u00e7ocuklar\u0131yla kat\u0131ld\u0131\u011f\u0131 \u2018demli sohbetler\u2019 bulu\u015fmas\u0131 renkli g\u00f6r\u00fcnt\u00fclere sahne oldu. Mersinlilere kazand\u0131r\u0131lan Millet Bah\u00e7esi\u2019ni anlatarak s\u00f6zlerine ba\u015flayan Ba\u015fkan G\u00fcltak; \u201cBuras\u0131, T\u00fcrkiye\u2019nin en g\u00fczel ve en b\u00fcy\u00fck millet bah\u00e7elerinden birisi. \u00c7e\u015fitli etkinlikler, konserler, gen\u00e7lerimize y\u00f6nelik projeler, okullar\u0131m\u0131zla birlikte programlar ve \u00e7ocuk \u015fenlikleri d\u00fczenliyoruz. Ge\u00e7mi\u015fte at\u0131l kalan bir b\u00f6lge idi ama \u015fimdi t\u00fcm ailelerimiz g\u00f6nl\u00fcnce buray\u0131 kullanabiliyor\u201d dedi.<br \/>\n\u201cKad\u0131nlar yarar\u0131na g\u00fcn\u00fcbirlik \u015fehir d\u0131\u015f\u0131 gezilerini ilk kez biz ba\u015flatt\u0131k\u201d<br \/>\nBa\u015fkan G\u00fcltak, Akdeniz\u2019e 12 mahalle k\u00fclt\u00fcr ve sanat evi kazand\u0131rd\u0131klar\u0131n\u0131 da belirterek buralarda verilen farkl\u0131 alanlarda mesleki beceri e\u011fitimi ve kurslara binlerce kad\u0131n\u0131n kat\u0131ld\u0131\u011f\u0131n\u0131 s\u00f6yledi. Kad\u0131nlar i\u00e7in hayata katt\u0131klar\u0131 g\u00fcn\u00fcbirlik \u015fehir i\u00e7i ve d\u0131\u015f\u0131 gezilerden de bahseden Ba\u015fkan G\u00fcltak, \u015f\u00f6yle konu\u015ftu; \u201cAkdeniz\u2019de ilk kez bizim ba\u015flatt\u0131\u011f\u0131m\u0131z bir projedir\u2026 Mahallesinin veya \u015fehrinin d\u0131\u015f\u0131na \u00e7\u0131kmam\u0131\u015f kad\u0131nlar\u0131, g\u00fcn\u00fcbirlik Nev\u015fehir, Hatay ve Gaziantep gibi \u015fehirlerimize veya Mut ve Silifke il\u00e7emize g\u00f6t\u00fcr\u00fcyoruz. Bizden \u00f6nce de belediyenin servis ara\u00e7lar\u0131 vard\u0131 ama hi\u00e7 kimse bunu d\u00fc\u015f\u00fcnmemi\u015f. Bu gezilerde kad\u0131nlar geziyor, e\u011fleniyorlar\u201d diye konu\u015ftu.<br \/>\n\u201cAkdenizli kad\u0131nlar \u00fcretiyor, sat\u0131yor, aile b\u00fct\u00e7esine katk\u0131 sa\u011fl\u0131yor\u201d<br \/>\nBa\u015fkan Mustafa G\u00fcltak, mahalle k\u00fclt\u00fcr ve sanat evlerine b\u00fcy\u00fck \u00f6nem verdiklerinin alt\u0131n\u0131 \u00e7izdi, binlerce kad\u0131n\u0131n meslek sahibi oldu\u011funu ve okuma-yazma \u00f6\u011frendi\u011fini dile getirdi. S\u00f6zlerini; \u201cAkdenizli kad\u0131nlar \u00fcretiyor\u201d \u015feklinde s\u00fcrd\u00fcren Ba\u015fkan G\u00fcltak; \u201c\u0130ki tane kooperatifimiz var; \u00fcye olman\u0131z\u0131 tavsiye ederim.<br \/>\n\u015eu an o kooperatifler \u00fczerinden birka\u00e7 mahallemize \u015feker otu ve moringa ektik. Belediyemizin yan\u0131nda da kad\u0131nlar\u0131n sat\u0131\u015f stantlar\u0131 var. Yaz mevsiminde kad\u0131nlar\u0131, Silifke\u2019de bulunan kampa g\u00f6t\u00fcr\u00fcyoruz. Denize giriyorlar, fark\u0131 etkinliklere kat\u0131l\u0131yorlar. Pozitif ayr\u0131mc\u0131l\u0131k ilkesiyle Akdenizli kad\u0131nlar\u0131 hep \u00f6n planda tutmaya \u00e7al\u0131\u015ft\u0131k\u201d ifadelerini kulland\u0131.<br \/>\nAkdeniz\u2019de art\u0131k kavga yok, ayr\u0131\u015ft\u0131rma yok\u201d<br \/>\nAkdeniz il\u00e7esinin, belediyecilik hizmetleri a\u00e7\u0131s\u0131ndan ge\u00e7mi\u015fte \u00e7ok ihmal edildi\u011fini vurgulad\u0131\u011f\u0131 konu\u015fmas\u0131nda Ba\u015fkan G\u00fcltak; \u201cOysa Mersin\u2019in t\u00fcm ekonomisi Akdeniz\u2019de d\u00f6n\u00fcyor, para Akdeniz\u2019de kazan\u0131l\u0131yor. Nitekim ger\u00e7ekle\u015ftirdi\u011fimiz bu hizmetlerle rant art\u0131k Akdeniz\u2019de kal\u0131yor. Bir\u00e7ok mahallemize yeni spor tesisi kazand\u0131rd\u0131k, eskiyen tesisleri yeniledik. Art\u0131k Akdeniz; insanlar\u0131n e\u011flendi\u011fi, rahat etti\u011fi, kavgan\u0131n olmad\u0131\u011f\u0131, kepenklerin kapanmad\u0131\u011f\u0131, biber gazlar\u0131n\u0131n s\u0131k\u0131lmad\u0131\u011f\u0131, insanlar\u0131n etnik k\u00f6keni veya inanc\u0131 nedeniyle ayr\u0131\u015ft\u0131r\u0131lmad\u0131\u011f\u0131 bir il\u00e7e haline geldi\u201d diye konu\u015ftu.<br \/>\n\u201cAkdeniz\u2019in \u00e7arp\u0131k yap\u0131la\u015fma sorunu ancak kentsel d\u00f6n\u00fc\u015f\u00fcmle \u00e7\u00f6z\u00fcl\u00fcr\u201d<br \/>\nBa\u015fkan G\u00fcltak, Akdeniz\u2019in en b\u00fcy\u00fck sorununun kentsel d\u00f6n\u00fc\u015f\u00fcm oldu\u011funun da alt\u0131n\u0131 \u00e7izdi\u011fi konu\u015fmas\u0131nda; \u201cMahallelerimizin ya\u015fad\u0131\u011f\u0131 sorunu \u00e7\u00f6zmek kentsel d\u00f6n\u00fc\u015f\u00fcm projelerinden ge\u00e7iyor. Ba\u015fka t\u00fcrl\u00fc \u00e7\u00f6z\u00fclmez. \u00c7\u00fcnk\u00fc bu mahallerimizde imar yok, i\u00e7 i\u00e7e, ruhsats\u0131z in\u015faatlar yap\u0131lm\u0131\u015f, hemen hepsi ka\u00e7ak\u2026<br \/>\nPeki, nas\u0131l d\u00fczeltece\u011fiz? M\u00fcmk\u00fcn de\u011fil! \u00c7ay Mahallesi\u2019nde biten evleri g\u00f6rd\u00fcn\u00fcz m\u00fc? Burada 415 konut bitti, 215\u2019i hak sahiplerine devredildi, yak\u0131nda ta\u015f\u0131nacaklar. \u00c7ay Mahallesi\u2019nde kentsel d\u00f6n\u00fc\u015f\u00fcm devam edecek. Ard\u0131ndan \u00c7ilek\u2019te, Bar\u0131\u015f, Bah\u00e7e ve Turgut Reis mahallelerimiz i\u00e7in de planlar\u0131m\u0131z var. Modern ve g\u00fcvenli, do\u011fal gazl\u0131, \u00e7ocuk oyun parklar\u0131n\u0131n oldu\u011fu bir yerde ya\u015famak istiyorsak kentsel d\u00f6n\u00fc\u015f\u00fcm \u015fartt\u0131r. \u0130\u00e7 i\u00e7e ge\u00e7mi\u015f ka\u00e7ak binalar\u0131, darac\u0131k sokaklar\u0131, zaman\u0131nda hep izin verilmi\u015f. Bunlar\u0131 da \u00c7ay Mahallesi\u2019nde oldu\u011fu gibi d\u00fczeltmek istiyoruz.\u201d<br \/>\nDemli sohbetler bulu\u015fmas\u0131 devam edecek\u2026<br \/>\nAkdeniz Belediye Ba\u015fkan\u0131 G\u00fcltak, konu\u015fmas\u0131n\u0131n ard\u0131ndan mahalle k\u00fclt\u00fcr ve sanat evlerinden gelerek sohbete kat\u0131lan kad\u0131nlar\u0131n sorular\u0131n\u0131 yan\u0131tlad\u0131, taleplerini dinleyip notlar\u0131n\u0131 ald\u0131.  Demli sohbetler etkinli\u011fi, farkl\u0131 k\u00fclt\u00fcr ve sanat evlerinde verilen kurslara kat\u0131lan kad\u0131nlar\u0131n kat\u0131l\u0131m\u0131yla s\u00fcrecek.<\/p>\n","protected":false},"excerpt":{"rendered":"<p>Akdeniz Belediyesi k\u00fclt\u00fcr ve sanat evi kursiyeri kad\u0131nlar, K\u00fclt\u00fcr ve Sosyal \u0130\u015fler M\u00fcd\u00fcrl\u00fc\u011f\u00fc\u2019nce organize edilen \u201cDemli Sohbetler\u201d etkinli\u011finde bir araya geldi. Sohbete kat\u0131lan Ba\u015fkan G\u00fcltak, hem Akdeniz il\u00e7esinin \u00e7ehresini hem &hellip; <a href=\"https:\/\/akdenizolaygazetesi.com\/?p=22767\" class=\"more-link\">Devam\u0131n\u0131 Oku&#8230;<\/a><\/p>\n","protected":false},"author":2,"featured_media":22768,"comment_status":"open","ping_status":"open","sticky":false,"template":"","format":"standard","meta":[],"categories":[2,3,5],"tags":[],"_links":{"self":[{"href":"https:\/\/akdenizolaygazetesi.com\/index.php?rest_route=\/wp\/v2\/posts\/22767"}],"collection":[{"href":"https:\/\/akdenizolaygazetesi.com\/index.php?rest_route=\/wp\/v2\/posts"}],"about":[{"href":"https:\/\/akdenizolaygazetesi.com\/index.php?rest_route=\/wp\/v2\/types\/post"}],"author":[{"embeddable":true,"href":"https:\/\/akdenizolaygazetesi.com\/index.php?rest_route=\/wp\/v2\/users\/2"}],"replies":[{"embeddable":true,"href":"https:\/\/akdenizolaygazetesi.com\/index.php?rest_route=%2Fwp%2Fv2%2Fcomments&post=22767"}],"version-history":[{"count":1,"href":"https:\/\/akdenizolaygazetesi.com\/index.php?rest_route=\/wp\/v2\/posts\/22767\/revisions"}],"predecessor-version":[{"id":22769,"href":"https:\/\/akdenizolaygazetesi.com\/index.php?rest_route=\/wp\/v2\/posts\/22767\/revisions\/22769"}],"wp:featuredmedia":[{"embeddable":true,"href":"https:\/\/akdenizolaygazetesi.com\/index.php?rest_route=\/wp\/v2\/media\/22768"}],"wp:attachment":[{"href":"https:\/\/akdenizolaygazetesi.com\/index.php?rest_route=%2Fwp%2Fv2%2Fmedia&parent=22767"}],"wp:term":[{"taxonomy":"category","embeddable":true,"href":"https:\/\/akdenizolaygazetesi.com\/index.php?rest_route=%2Fwp%2Fv2%2Fcategories&post=22767"},{"taxonomy":"post_tag","embeddable":true,"href":"https:\/\/akdenizolaygazetesi.com\/index.php?rest_route=%2Fwp%2Fv2%2Ftags&post=22767"}],"curies":[{"name":"wp","href":"https:\/\/api.w.org\/{rel}","templated":true}]}}