{"id":22773,"date":"2022-12-08T13:26:25","date_gmt":"2022-12-08T10:26:25","guid":{"rendered":"http:\/\/akdenizolaygazetesi.com\/?p=22773"},"modified":"2022-12-08T13:26:25","modified_gmt":"2022-12-08T10:26:25","slug":"bu-istismar-iktidarin-anlayisinin-sonucu","status":"publish","type":"post","link":"https:\/\/akdenizolaygazetesi.com\/?p=22773","title":{"rendered":"&#8216;BU \u0130ST\u0130SMAR \u0130KT\u0130DARIN ANLAYI\u015eININ SONUCU&#8217;"},"content":{"rendered":"<p>Hiranur Vakf\u0131&#8217;n\u0131n kurucusu Yusuf Ziya G\u00fcm\u00fc\u015fel&#8217;in k\u0131z\u0131 H.K.G.&#8217;nin 6 ya\u015f\u0131nda &#8216;evlendirilip&#8217; istismara maruz b\u0131rak\u0131lmas\u0131 skandal\u0131yla ilgili foto\u011fraflar\u0131n ortaya \u00e7\u0131kmas\u0131 sonras\u0131 tepkiler \u00e7\u0131\u011f gibi b\u00fcy\u00fcmeye devam ediyor. CHP Mersin Milletvekili Alpay Antmen, bug\u00fcn Mecliste d\u00fczenledi\u011fi bas\u0131n toplant\u0131s\u0131nda &#8220;Buradan AKP&#8217;ye ve saray iktidar\u0131na sesleniyorum; harekete ge\u00e7meniz i\u00e7in size istismar edilmi\u015f ka\u00e7 \u00e7ocuk laz\u0131m! Bu istismarc\u0131lar\u0131 mahkeme \u00f6n\u00fcne \u00e7\u0131karmak i\u00e7in, \u00e7ocuklar\u0131 korumak i\u00e7in ka\u00e7 \u00e7ocu\u011fumuzun daha yok olmas\u0131 laz\u0131m?&#8221; ifadelerini kulland\u0131.<\/p>\n<p>Antmen, a\u00e7\u0131klamas\u0131 esnas\u0131nda \u00e7ocuk tacizleriyle ilgili Mecliste verilen ara\u015ft\u0131rma \u00f6nergesine hay\u0131r dedikten sonra d\u00f6nemin Aile Bakan\u0131 Sema Ramazano\u011flu&#8217;nu tebrik kuyru\u011funa giren AKP&#8217;li Vekillerin ve 6 ya\u015f\u0131nda gelinlik giydirilen H.K.G.&#8217;nin foto\u011fraf\u0131n\u0131 yan yana g\u00f6stererek &#8220;\u00c7ocuklar\u0131 korumakla y\u00fck\u00fcml\u00fc olan ama &#8216;Bir kereden bir \u015fey olmaz&#8217; diyen d\u00f6nemin bakan\u0131 s\u0131r\u0131t\u0131yor, hay\u0131r diye oy veren AKP&#8217;li vekillerin tebriklerini kabul ediyor. \u00c7ocuklar tacize u\u011fruyor; AKP&#8217;liler g\u00fcl\u00fcyor. \u0130kinci foto\u011fraf ise iktidar\u0131n bu tutumun sonucudur. A\u00e7\u0131k\u00e7a s\u00f6yl\u00fcyorum, \u00e7ocuklar tacize u\u011frarken hepiniz oradayd\u0131n\u0131z&#8221; dedi.<\/p>\n<p>Alpay Antmen&#8217;in a\u00e7\u0131klamas\u0131nda \u00f6ne \u00e7\u0131kanlar \u015fu \u015fekilde;<\/p>\n<p>BU \u0130ST\u0130SMAR \u0130KT\u0130DARIN ANLAYI\u015eININ SONUCU<\/p>\n<p>&#8220;6 ya\u015f\u0131nda bir \u00e7ocu\u011fa gelinlik giydiriliyor ve evlendiriliyor. Utanc\u0131n, rezaletin, tacizin, istismar\u0131n, sadece kad\u0131nlar\u0131 de\u011fil, \u00e7ocuklar\u0131 da korumaya alan \u0130stanbul S\u00f6zle\u015fmesinden \u00e7\u0131k\u0131lmas\u0131n\u0131n, tacizi durdurmak i\u00e7in verilen m\u00fccadeleye hay\u0131r oyu vermenin, cezas\u0131zl\u0131\u011f\u0131n, &#8216;K\u00fc\u00e7\u00fc\u011f\u00fcn r\u0131zas\u0131 var&#8221; diyen bug\u00fcn\u00fcn Adalet Bakan\u0131n\u0131n, \u00e7ocuk istismarc\u0131lar\u0131n\u0131 serbest b\u0131rakan hukuk d\u00fczeninin ve &#8216;bir kereden bir \u015fey olmaz&#8217; diyen tebrik kuyruklar\u0131n\u0131n sonucudur bu istismar.&#8221;<\/p>\n<p>HAREKET GE\u00c7MEN\u0130Z \u0130\u00c7\u0130N KA\u00c7 \u00c7OCU\u011eUN YOK OLMASI LAZIM<\/p>\n<p>&#8220;Buradan; Adalet Bakan\u0131 Bekir Bozda\u011f&#8217;a; Aile, \u00c7al\u0131\u015fma ve Sosyal Hizmetler Bakan\u0131 Derya Yan\u0131k&#8217;a, Milli E\u011fitim Bakan\u0131 Mahmut \u00d6zer&#8217;e sesleniyorum; \u015fu foto\u011frafa bak\u0131n say\u0131n bakanlar. Harekete ge\u00e7ecek misiniz? Bu istismara ve benzerlerini yol a\u00e7anlara mahkemeye \u00e7\u0131karacak m\u0131s\u0131n\u0131z? Yoksa &#8216;Bir kereden bir \u015fey olmaz&#8217; deyip seyretmeye devam m\u0131 edeceksiniz? Art\u0131k bir de\u011fil; istismar edilen \u00e7ocuk say\u0131s\u0131 binler oldu, on binlere dayand\u0131. Harekete ge\u00e7meniz i\u00e7in size ka\u00e7 \u00e7ocu\u011fun istismar edilmesi, ka\u00e7\u0131n\u0131n yok edilmesi laz\u0131m?&#8221;<\/p>\n","protected":false},"excerpt":{"rendered":"<p>Hiranur Vakf\u0131&#8217;n\u0131n kurucusu Yusuf Ziya G\u00fcm\u00fc\u015fel&#8217;in k\u0131z\u0131 H.K.G.&#8217;nin 6 ya\u015f\u0131nda &#8216;evlendirilip&#8217; istismara maruz b\u0131rak\u0131lmas\u0131 skandal\u0131yla ilgili foto\u011fraflar\u0131n ortaya \u00e7\u0131kmas\u0131 sonras\u0131 tepkiler \u00e7\u0131\u011f gibi b\u00fcy\u00fcmeye devam ediyor. CHP Mersin Milletvekili Alpay &hellip; <a href=\"https:\/\/akdenizolaygazetesi.com\/?p=22773\" class=\"more-link\">Devam\u0131n\u0131 Oku&#8230;<\/a><\/p>\n","protected":false},"author":2,"featured_media":22774,"comment_status":"open","ping_status":"open","sticky":false,"template":"","format":"standard","meta":[],"categories":[3,5],"tags":[],"_links":{"self":[{"href":"https:\/\/akdenizolaygazetesi.com\/index.php?rest_route=\/wp\/v2\/posts\/22773"}],"collection":[{"href":"https:\/\/akdenizolaygazetesi.com\/index.php?rest_route=\/wp\/v2\/posts"}],"about":[{"href":"https:\/\/akdenizolaygazetesi.com\/index.php?rest_route=\/wp\/v2\/types\/post"}],"author":[{"embeddable":true,"href":"https:\/\/akdenizolaygazetesi.com\/index.php?rest_route=\/wp\/v2\/users\/2"}],"replies":[{"embeddable":true,"href":"https:\/\/akdenizolaygazetesi.com\/index.php?rest_route=%2Fwp%2Fv2%2Fcomments&post=22773"}],"version-history":[{"count":1,"href":"https:\/\/akdenizolaygazetesi.com\/index.php?rest_route=\/wp\/v2\/posts\/22773\/revisions"}],"predecessor-version":[{"id":22775,"href":"https:\/\/akdenizolaygazetesi.com\/index.php?rest_route=\/wp\/v2\/posts\/22773\/revisions\/22775"}],"wp:featuredmedia":[{"embeddable":true,"href":"https:\/\/akdenizolaygazetesi.com\/index.php?rest_route=\/wp\/v2\/media\/22774"}],"wp:attachment":[{"href":"https:\/\/akdenizolaygazetesi.com\/index.php?rest_route=%2Fwp%2Fv2%2Fmedia&parent=22773"}],"wp:term":[{"taxonomy":"category","embeddable":true,"href":"https:\/\/akdenizolaygazetesi.com\/index.php?rest_route=%2Fwp%2Fv2%2Fcategories&post=22773"},{"taxonomy":"post_tag","embeddable":true,"href":"https:\/\/akdenizolaygazetesi.com\/index.php?rest_route=%2Fwp%2Fv2%2Ftags&post=22773"}],"curies":[{"name":"wp","href":"https:\/\/api.w.org\/{rel}","templated":true}]}}