{"id":22782,"date":"2022-12-08T13:30:43","date_gmt":"2022-12-08T10:30:43","guid":{"rendered":"http:\/\/akdenizolaygazetesi.com\/?p=22782"},"modified":"2022-12-08T13:30:43","modified_gmt":"2022-12-08T10:30:43","slug":"minipaint-2-sergisi-acildi","status":"publish","type":"post","link":"https:\/\/akdenizolaygazetesi.com\/?p=22782","title":{"rendered":"\u201cminipaint-2\u201d sergisi a\u00e7\u0131ld\u0131"},"content":{"rendered":"<p>Yeni\u015fehir Belediyesi Ahmet Ye\u015fil Sanat Galerisi ve Yeni\u015fehir Belediyesi Sanat Galerisi\u2019nde y\u0131l\u0131n son sergisi olan \u201cminipaint-2\u201dulusal karma resim sergisi yo\u011fun kat\u0131l\u0131mla a\u00e7\u0131ld\u0131. \u201cYeni Y\u0131lda Yine Galerideyiz\u201d mottosuyla a\u00e7\u0131lan sergide T\u00fcrkiye\u2019nin farkl\u0131 illerinden 74 sanat\u00e7\u0131n\u0131n toplam 296 eseri bulunuyor. Sergi a\u00e7\u0131l\u0131\u015f\u0131nda konu\u015fan Mersin Yeni\u015fehir Belediye Ba\u015fkan\u0131 Abdullah \u00d6zyi\u011fit \u201cMersin\u2019i sanatla bulu\u015fturmaya devam edece\u011fiz, bu kent her alanda geli\u015fmeli ve biz de bunun i\u00e7in elimizden geleni yapaca\u011f\u0131z\u201d \u015feklinde konu\u015ftu.<br \/>\nA\u00e7\u0131ld\u0131klar\u0131 g\u00fcnden bu yana birbirinden de\u011ferli sergileri sanatseverler ile bulu\u015fturan Yeni\u015fehir Belediyesi Sanat Galerisi ve Yeni\u015fehir Belediyesi Ahmet Ye\u015fil Sanat Galerisi, y\u0131l\u0131n son sergisi olan \u201cminipaint-2\u201d sergisine  ev sahipli\u011fi yap\u0131yor. 7 Ocak 2023 tarihine kadar a\u00e7\u0131k olacak sergide Mersin ba\u015fta olmak \u00fczere T\u00fcrkiye\u2019nin farkl\u0131 illerinden 74 kat\u0131l\u0131mc\u0131n\u0131n 296 eseri sergileniyor. Serginin amac\u0131, gen\u00e7 sanat\u00e7\u0131lar\u0131 te\u015fvik ederken yeni y\u0131lda \u201cher eve bir sanat nesnesi\u201d d\u00fc\u015f\u00fcncesiyle sanatseverlere de bu eserleri kazand\u0131rmak.<br \/>\nYo\u011fun kat\u0131l\u0131m ile ger\u00e7ekle\u015fen serginin a\u00e7\u0131l\u0131\u015f\u0131nda konu\u015fan Mersin Yeni\u015fehir Belediye Ba\u015fkan\u0131 Abdullah \u00d6zyi\u011fit, sergiyi haz\u0131rlarken her evi bir sanat eseriyle bulu\u015fturmak i\u00e7in \u00e7aba i\u00e7erisinde olduklar\u0131n\u0131 vurgulayarak \u201cSanat \u00fcreten 74 sanat\u00e7\u0131m\u0131z\u0131n 296 eserleriyle olu\u015fturulan sergimizin a\u00e7\u0131l\u0131\u015f\u0131na ho\u015f geldiniz. Serginin amac\u0131 gen\u00e7 sanat\u00e7\u0131lar\u0131 te\u015fvik etmek ve onlar\u0131n eserleriyle sanatseverleri bulu\u015fturmak. Burada insanlar\u0131n birbirine y\u0131lba\u015f\u0131 hediyesi olarak sanat hediye etmesi de ayr\u0131 bir farkl\u0131l\u0131k. Bir sevdi\u011finize hediye alacaksan\u0131z onun bir sanat eseri olmas\u0131 \u00e7ok da makbul ge\u00e7er. Kentimizde sanat\u0131 geli\u015ftirme, insanlar\u0131 sanatla bulu\u015fturma noktas\u0131nda emek veren ba\u015fta Ahmet Ye\u015fil hocam\u0131za, meclis \u00fcyelerimize, Aynur, Veli ve Nida hocalar\u0131m\u0131za ayr\u0131 ayr\u0131 te\u015fekk\u00fcr ediyorum.\u201d ifadelerine yer verdi.<br \/>\nRessam Ahmet Ye\u015fil de Mini Paint 2 ulusal karma resim sergisinin a\u00e7\u0131l\u0131\u015f\u0131nda yapt\u0131\u011f\u0131 konu\u015fmas\u0131nda \u201cSanat\u0131 ya\u015famak, sanat\u0131 ya\u015fatmak, sanatla beraber olmak ya\u015fam bi\u00e7imimizin en g\u00fczel hediyesi olacak.\u201d ifadelerine yer verdi. Ye\u015fil, eserler i\u00e7in herkesin alabilece\u011fi bir rakam belirlendi\u011fini s\u00f6yleyerek \u201c\u00d6yle eserler ve gen\u00e7ler var ki hepsi birbirinden de\u011ferli ve inan\u0131n 1500 TL\u2019ye bug\u00fcn alaca\u011f\u0131n\u0131z eserlere belki 3-4 y\u0131l sonra ekonomik g\u00fcc\u00fcn\u00fcz yetmeyecek. \u015eimdiden e\u015finize, dostunuza verebilece\u011finiz orijinal eserlerle en g\u00fczel jesti yapacaks\u0131n\u0131z.\u201d\u015feklinde konu\u015ftu.<\/p>\n","protected":false},"excerpt":{"rendered":"<p>Yeni\u015fehir Belediyesi Ahmet Ye\u015fil Sanat Galerisi ve Yeni\u015fehir Belediyesi Sanat Galerisi\u2019nde y\u0131l\u0131n son sergisi olan \u201cminipaint-2\u201dulusal karma resim sergisi yo\u011fun kat\u0131l\u0131mla a\u00e7\u0131ld\u0131. \u201cYeni Y\u0131lda Yine Galerideyiz\u201d mottosuyla a\u00e7\u0131lan sergide T\u00fcrkiye\u2019nin &hellip; <a href=\"https:\/\/akdenizolaygazetesi.com\/?p=22782\" class=\"more-link\">Devam\u0131n\u0131 Oku&#8230;<\/a><\/p>\n","protected":false},"author":2,"featured_media":22783,"comment_status":"open","ping_status":"open","sticky":false,"template":"","format":"standard","meta":[],"categories":[2,3],"tags":[],"_links":{"self":[{"href":"https:\/\/akdenizolaygazetesi.com\/index.php?rest_route=\/wp\/v2\/posts\/22782"}],"collection":[{"href":"https:\/\/akdenizolaygazetesi.com\/index.php?rest_route=\/wp\/v2\/posts"}],"about":[{"href":"https:\/\/akdenizolaygazetesi.com\/index.php?rest_route=\/wp\/v2\/types\/post"}],"author":[{"embeddable":true,"href":"https:\/\/akdenizolaygazetesi.com\/index.php?rest_route=\/wp\/v2\/users\/2"}],"replies":[{"embeddable":true,"href":"https:\/\/akdenizolaygazetesi.com\/index.php?rest_route=%2Fwp%2Fv2%2Fcomments&post=22782"}],"version-history":[{"count":1,"href":"https:\/\/akdenizolaygazetesi.com\/index.php?rest_route=\/wp\/v2\/posts\/22782\/revisions"}],"predecessor-version":[{"id":22784,"href":"https:\/\/akdenizolaygazetesi.com\/index.php?rest_route=\/wp\/v2\/posts\/22782\/revisions\/22784"}],"wp:featuredmedia":[{"embeddable":true,"href":"https:\/\/akdenizolaygazetesi.com\/index.php?rest_route=\/wp\/v2\/media\/22783"}],"wp:attachment":[{"href":"https:\/\/akdenizolaygazetesi.com\/index.php?rest_route=%2Fwp%2Fv2%2Fmedia&parent=22782"}],"wp:term":[{"taxonomy":"category","embeddable":true,"href":"https:\/\/akdenizolaygazetesi.com\/index.php?rest_route=%2Fwp%2Fv2%2Fcategories&post=22782"},{"taxonomy":"post_tag","embeddable":true,"href":"https:\/\/akdenizolaygazetesi.com\/index.php?rest_route=%2Fwp%2Fv2%2Ftags&post=22782"}],"curies":[{"name":"wp","href":"https:\/\/api.w.org\/{rel}","templated":true}]}}