{"id":22794,"date":"2022-12-09T13:19:30","date_gmt":"2022-12-09T10:19:30","guid":{"rendered":"http:\/\/akdenizolaygazetesi.com\/?p=22794"},"modified":"2022-12-09T13:19:30","modified_gmt":"2022-12-09T10:19:30","slug":"tarsus-cicekli-grup-yolunun-%50lik-kismi-tamamlandi","status":"publish","type":"post","link":"https:\/\/akdenizolaygazetesi.com\/?p=22794","title":{"rendered":"TARSUS \u00c7\u0130\u00c7EKL\u0130 GRUP YOLUNUN %50&#8217;L\u0130K KISMI TAMAMLANDI"},"content":{"rendered":"<p>Mersin B\u00fcy\u00fck\u015fehir Belediyesi Yol Yap\u0131m Bak\u0131m ve Onar\u0131m Dairesi Ba\u015fkanl\u0131\u011f\u0131&#8217;na ba\u011fl\u0131 ekipler, kritik b\u00f6lgelerde ya\u015fanan ula\u015f\u0131m problemlerini bir bir \u00e7\u00f6z\u00fcme kavu\u015fturmaya devam ediyor. Tarsus&#8217;a ba\u011fl\u0131 olan ve \u00c7ukurova&#8217;n\u0131n g\u00f6be\u011finde yer alan \u00c7i\u00e7ekli Mahallesi&#8217;ni D-400 karayoluna ula\u015ft\u0131ran 13 kilometre uzunlu\u011funda ki grup yolunda Mersin B\u00fcy\u00fck\u015fehir Belediyesi taraf\u0131ndan ba\u015flat\u0131lan asfaltlama \u00e7al\u0131\u015fmas\u0131 t\u00fcm h\u0131z\u0131yla s\u00fcr\u00fcyor.<\/p>\n<p>Tar\u0131msal \u00fcretimin olduk\u00e7a yo\u011fun \u015fekilde yap\u0131ld\u0131\u011f\u0131 ve b\u00f6lgede bulunan bir\u00e7ok yerle\u015fim yerinde ya\u015fayan vatanda\u015flar\u0131nda s\u0131kl\u0131kla kulland\u0131\u011f\u0131 \u00c7i\u00e7ekli grup yolu, bozuk zemini nedeniyle \u015fikayetlere neden oluyordu.<\/p>\n<p>Ba\u015fkan Vahap Se\u00e7er&#8217;in ticari alanlarda ve \u00fcretim b\u00f6lgelerinde ba\u015flatt\u0131\u011f\u0131 altyap\u0131 g\u00fc\u00e7lendirme seferberli\u011fi kapsam\u0131nda bozuk zemini s\u00f6k\u00fclen \u00c7i\u00e7ekli grup yolunda, kademe kademe asfalt serim faaliyetleri de uygulan\u0131yor  <\/p>\n<p>Zemin iyile\u015ftirme faaliyetinin yerine getirilmesinden sonra ger\u00e7ekle\u015ftirilen asfalt d\u00f6k\u00fcm i\u015fleminde, \u015fu ana kadar 6.5 kilometrelik b\u00f6l\u00fcm tamamland\u0131. Yenice&#8217;ye kadar uzanan grup yolunda ekiplerin hummal\u0131 \u00e7al\u0131\u015fmas\u0131 ise devam ediyor.<\/p>\n<p>Muhtar Kenarl\u0131: &#8220;Cumhuriyet tarihinde olmayan bir yol yap\u0131ld\u0131&#8221;<\/p>\n<p>\u00c7i\u00e7ekli Mahallesi Muhtar\u0131 Sad\u0131k Kenarl\u0131, grup yolunun b\u00f6lge a\u00e7\u0131s\u0131ndan b\u00fcy\u00fck \u00f6nem arz etti\u011fini belirterek, &#8220;Cumhuriyet tarihinde olmayan bir yol yap\u0131ld\u0131. Bu konuda \u015fahs\u0131m ve k\u00f6y\u00fcm ad\u0131na Say\u0131n B\u00fcy\u00fck\u015fehir Belediye Ba\u015fkan\u0131m\u0131z Vahap Ba\u015fkan\u0131ma te\u015fekk\u00fcr ediyorum&#8221; dedi.<\/p>\n<p>&#8220;Tarla yolundan k\u00f6t\u00fcyd\u00fc&#8221;<\/p>\n<p>B\u00f6lgede ya\u015fayan vatanda\u015flardan \u0130brahim Bulut ise &#8220;Belediyemizden Allah raz\u0131 olsun. Y\u0131llarca yap\u0131lmayan yolumuz yap\u0131ld\u0131, \u00e7ok \u015f\u00fck\u00fcr. Gidilece\u011fi gelinece\u011fi yoktu. Tarla yolundan k\u00f6t\u00fcyd\u00fc. Eme\u011fi ge\u00e7en herkesten Allah raz\u0131 olsun, sa\u011folsun var olsunlar&#8221; ifadelerini kulland\u0131.<\/p>\n","protected":false},"excerpt":{"rendered":"<p>Mersin B\u00fcy\u00fck\u015fehir Belediyesi Yol Yap\u0131m Bak\u0131m ve Onar\u0131m Dairesi Ba\u015fkanl\u0131\u011f\u0131&#8217;na ba\u011fl\u0131 ekipler, kritik b\u00f6lgelerde ya\u015fanan ula\u015f\u0131m problemlerini bir bir \u00e7\u00f6z\u00fcme kavu\u015fturmaya devam ediyor. Tarsus&#8217;a ba\u011fl\u0131 olan ve \u00c7ukurova&#8217;n\u0131n g\u00f6be\u011finde yer &hellip; <a href=\"https:\/\/akdenizolaygazetesi.com\/?p=22794\" class=\"more-link\">Devam\u0131n\u0131 Oku&#8230;<\/a><\/p>\n","protected":false},"author":2,"featured_media":22795,"comment_status":"open","ping_status":"open","sticky":false,"template":"","format":"standard","meta":[],"categories":[3],"tags":[],"_links":{"self":[{"href":"https:\/\/akdenizolaygazetesi.com\/index.php?rest_route=\/wp\/v2\/posts\/22794"}],"collection":[{"href":"https:\/\/akdenizolaygazetesi.com\/index.php?rest_route=\/wp\/v2\/posts"}],"about":[{"href":"https:\/\/akdenizolaygazetesi.com\/index.php?rest_route=\/wp\/v2\/types\/post"}],"author":[{"embeddable":true,"href":"https:\/\/akdenizolaygazetesi.com\/index.php?rest_route=\/wp\/v2\/users\/2"}],"replies":[{"embeddable":true,"href":"https:\/\/akdenizolaygazetesi.com\/index.php?rest_route=%2Fwp%2Fv2%2Fcomments&post=22794"}],"version-history":[{"count":1,"href":"https:\/\/akdenizolaygazetesi.com\/index.php?rest_route=\/wp\/v2\/posts\/22794\/revisions"}],"predecessor-version":[{"id":22796,"href":"https:\/\/akdenizolaygazetesi.com\/index.php?rest_route=\/wp\/v2\/posts\/22794\/revisions\/22796"}],"wp:featuredmedia":[{"embeddable":true,"href":"https:\/\/akdenizolaygazetesi.com\/index.php?rest_route=\/wp\/v2\/media\/22795"}],"wp:attachment":[{"href":"https:\/\/akdenizolaygazetesi.com\/index.php?rest_route=%2Fwp%2Fv2%2Fmedia&parent=22794"}],"wp:term":[{"taxonomy":"category","embeddable":true,"href":"https:\/\/akdenizolaygazetesi.com\/index.php?rest_route=%2Fwp%2Fv2%2Fcategories&post=22794"},{"taxonomy":"post_tag","embeddable":true,"href":"https:\/\/akdenizolaygazetesi.com\/index.php?rest_route=%2Fwp%2Fv2%2Ftags&post=22794"}],"curies":[{"name":"wp","href":"https:\/\/api.w.org\/{rel}","templated":true}]}}