{"id":22797,"date":"2022-12-09T13:20:43","date_gmt":"2022-12-09T10:20:43","guid":{"rendered":"http:\/\/akdenizolaygazetesi.com\/?p=22797"},"modified":"2022-12-09T13:20:43","modified_gmt":"2022-12-09T10:20:43","slug":"baskan-gultak-asfalt-yol-ve-kaldirim-rakamlarini-meclis-uyeleri-ile-paylasti","status":"publish","type":"post","link":"https:\/\/akdenizolaygazetesi.com\/?p=22797","title":{"rendered":"BA\u015eKAN G\u00dcLTAK; ASFALT, YOL VE KALDIRIM RAKAMLARINI MECL\u0130S \u00dcYELER\u0130 \u0130LE PAYLA\u015eTI"},"content":{"rendered":"<p>Akdeniz\u2019de, son 3 bu\u00e7uk y\u0131lda ger\u00e7ekle\u015fen asfalt, yol ve kald\u0131r\u0131m \u00e7al\u0131\u015fmalar\u0131 hakk\u0131nda Meclis \u00fcyelerini bilgilendiren Ba\u015fkan G\u00fcltak; \u201cAkdeniz\u2019in bu g\u00fcne kadar s\u0131cak asfalt d\u00f6kecek bir plenti yoktu. Bug\u00fcn ise Akdeniz\u2019e kazand\u0131rd\u0131\u011f\u0131m\u0131z bir asfalt \u00fcretim tesisimiz var. Yine bizim d\u00f6nemimizde so\u011fuk asfalt tesisimizi 1 lira harcamadan, tamamen hibe ile Akdeniz Belediyemize kazand\u0131rm\u0131\u015f olduk\u201d dedi.<br \/>\nAkdeniz Belediye Meclisi Aral\u0131k ay\u0131 ikinci birle\u015fimi, M. Mustafa G\u00fcltak Ba\u015fkanl\u0131\u011f\u0131\u2019nda konferans salonunda ger\u00e7ekle\u015fti. Yoklama, Sayg\u0131 Duru\u015fu ve \u0130stiklal Mar\u015f\u0131 ile ba\u015flayan toplant\u0131da bir \u00f6nceki birle\u015fime ait tutanak \u00f6zeti kabul edildi. Bu ay\u0131n ilk Meclisinde, \u00fcyelerin sorular\u0131yla g\u00fcndeme gelmesi \u00fczerine Ba\u015fkan G\u00fcltak, Akdeniz\u2019e kazand\u0131r\u0131lan s\u0131cak ve so\u011fuk asfalt plent tesisi ile asfalt serimi, yol ve kald\u0131r\u0131m \u00e7al\u0131\u015fmalar\u0131 hakk\u0131nda k\u0131sa film e\u015fli\u011finde sunum yapt\u0131.<br \/>\nAkdeniz\u2019de toplam 65 mahalle 7 bin sokak var\u2026<br \/>\nSe\u00e7imlerin \u00fczerinden ge\u00e7en 3 bu\u00e7uk y\u0131lda ger\u00e7ekle\u015fen asfalt ve yol \u00e7al\u0131\u015fmalar\u0131n\u0131n rakamlar\u0131n\u0131 da payla\u015fan Ba\u015fkan G\u00fcltak, \u201cAkdeniz\u2019de, toplam 65 mahalle ve yakla\u015f\u0131k olarak 7 bin soka\u011f\u0131m\u0131z bulunuyor. Toplam yol a\u011f\u0131 uzunlu\u011fumuz 812 km, asfalt olan yollar\u0131m\u0131z\u0131n uzunlu\u011fu 183 km, kilitli parke ta\u015f\u0131 kapl\u0131 olan yol uzunlu\u011fumuz 85 km, stabilize olan yol uzunlu\u011fumuz 205 km, tesviye edilmi\u015f yollar\u0131m\u0131z\u0131n uzunlu\u011fu 152 km, ham, i\u015flenmemi\u015f ve d\u00fczenlenmemi\u015f yollar\u0131m\u0131z\u0131n uzunlu\u011fu ise 187 km\u2019dir.<br \/>\n2019 y\u0131l\u0131ndan bu yana yap\u0131lan asfalt \u00e7al\u0131\u015fmalar\u0131m\u0131z\u0131n yol uzunlu\u011fu yakla\u015f\u0131k olarak 80 km iken kilit ta\u015f\u0131 \u00e7al\u0131\u015fmalar\u0131m\u0131z\u0131n yol uzunlu\u011fu ise yakla\u015f\u0131k 33 km\u2019dir. Yine kald\u0131r\u0131m karo \u00e7al\u0131\u015fmalar\u0131m\u0131z\u0131n yol uzunlu\u011fu yakla\u015f\u0131k olarak 36 km ve kald\u0131r\u0131m bord\u00fcr ta\u015f\u0131 d\u00f6\u015feme \u00e7al\u0131\u015fmalar\u0131m\u0131z\u0131n yol uzunlu\u011fu yakla\u015f\u0131k 87 km\u2019dir\u201d diye konu\u015ftu.<br \/>\n\u201c\u00c7ok \u00f6nemli tesisleri Belediyemize kazand\u0131rd\u0131k\u201d<br \/>\nToplam 91.066,73 ton asfalt kaplama ve yama \u00e7al\u0131\u015fmas\u0131 yapt\u0131klar\u0131n\u0131 belirten Ba\u015fkan G\u00fcltak, 98.873,53 metrekare kilitli parke ta\u015f\u0131 d\u00f6\u015feme \u00e7al\u0131\u015fmas\u0131 yapt\u0131klar\u0131n\u0131 kaydederek \u015f\u00f6yle devam etti; \u201cYakla\u015f\u0131k 3 bu\u00e7uk 5 y\u0131lda toplam 71.512,04 metrekare kald\u0131r\u0131m karo d\u00f6\u015feme ve 86.792,91 metre t\u00fcl bord\u00fcr d\u00f6\u015feme \u00e7al\u0131\u015fmas\u0131 yap\u0131ld\u0131. Nitekim Akdeniz\u2019in bu g\u00fcne kadar s\u0131cak asfalt d\u00f6kecek bir plenti yoktu. \u015eimdi ise bizim d\u00f6nemimizde Akdeniz\u2019e 1 lira dahi harcamadan, tamamen hibe ile kazand\u0131rd\u0131\u011f\u0131m\u0131z bir asfalt plent tesisimiz var. Bu d\u00f6nemde \u00e7ok \u00f6nemli tesisleri belediyemize kazand\u0131rd\u0131k.\u201d<br \/>\nBa\u015fkan G\u00fcltak\u2019tan Yeni Y\u0131l Mesaj\u0131\u2026<br \/>\n2022 y\u0131l\u0131n\u0131n son birle\u015fiminin ger\u00e7ekle\u015fti\u011fini kaydeden Akdeniz Belediye Ba\u015fkan\u0131 Mustafa G\u00fcltak, \u201cBir sonraki toplant\u0131m\u0131z\u0131 yeni y\u0131lda yapaca\u011f\u0131z. T\u00fcm Meclis \u00fcyelerimizin, b\u00fcrokratlar\u0131m\u0131z\u0131n, bas\u0131n mensuplar\u0131m\u0131z\u0131n ve t\u00fcm vatanda\u015flar\u0131m\u0131z\u0131n 2023 y\u0131l\u0131n\u0131 \u015fimdiden kutluyorum. 2023 y\u0131l\u0131n\u0131n; bar\u0131\u015f, sa\u011fl\u0131k, karde\u015flik getirmesini temenni ediyorum. Ba\u015fta Akdeniz olmak \u00fczere sa\u011fl\u0131kl\u0131 ve bar\u0131\u015f dolu bir y\u0131l ge\u00e7iririz\u201d ifadelerini kulland\u0131.<br \/>\nAkdeniz Belediye Meclisi\u2019nin bir sonraki oturumu, 2 Ocak 2023 Pazartesi g\u00fcn\u00fc saat 10:00\u2019da belediye konferans salonunda yap\u0131lacak.<\/p>\n","protected":false},"excerpt":{"rendered":"<p>Akdeniz\u2019de, son 3 bu\u00e7uk y\u0131lda ger\u00e7ekle\u015fen asfalt, yol ve kald\u0131r\u0131m \u00e7al\u0131\u015fmalar\u0131 hakk\u0131nda Meclis \u00fcyelerini bilgilendiren Ba\u015fkan G\u00fcltak; \u201cAkdeniz\u2019in bu g\u00fcne kadar s\u0131cak asfalt d\u00f6kecek bir plenti yoktu. Bug\u00fcn ise Akdeniz\u2019e &hellip; <a href=\"https:\/\/akdenizolaygazetesi.com\/?p=22797\" class=\"more-link\">Devam\u0131n\u0131 Oku&#8230;<\/a><\/p>\n","protected":false},"author":2,"featured_media":22798,"comment_status":"open","ping_status":"open","sticky":false,"template":"","format":"standard","meta":[],"categories":[8,2,3,5],"tags":[],"_links":{"self":[{"href":"https:\/\/akdenizolaygazetesi.com\/index.php?rest_route=\/wp\/v2\/posts\/22797"}],"collection":[{"href":"https:\/\/akdenizolaygazetesi.com\/index.php?rest_route=\/wp\/v2\/posts"}],"about":[{"href":"https:\/\/akdenizolaygazetesi.com\/index.php?rest_route=\/wp\/v2\/types\/post"}],"author":[{"embeddable":true,"href":"https:\/\/akdenizolaygazetesi.com\/index.php?rest_route=\/wp\/v2\/users\/2"}],"replies":[{"embeddable":true,"href":"https:\/\/akdenizolaygazetesi.com\/index.php?rest_route=%2Fwp%2Fv2%2Fcomments&post=22797"}],"version-history":[{"count":1,"href":"https:\/\/akdenizolaygazetesi.com\/index.php?rest_route=\/wp\/v2\/posts\/22797\/revisions"}],"predecessor-version":[{"id":22799,"href":"https:\/\/akdenizolaygazetesi.com\/index.php?rest_route=\/wp\/v2\/posts\/22797\/revisions\/22799"}],"wp:featuredmedia":[{"embeddable":true,"href":"https:\/\/akdenizolaygazetesi.com\/index.php?rest_route=\/wp\/v2\/media\/22798"}],"wp:attachment":[{"href":"https:\/\/akdenizolaygazetesi.com\/index.php?rest_route=%2Fwp%2Fv2%2Fmedia&parent=22797"}],"wp:term":[{"taxonomy":"category","embeddable":true,"href":"https:\/\/akdenizolaygazetesi.com\/index.php?rest_route=%2Fwp%2Fv2%2Fcategories&post=22797"},{"taxonomy":"post_tag","embeddable":true,"href":"https:\/\/akdenizolaygazetesi.com\/index.php?rest_route=%2Fwp%2Fv2%2Ftags&post=22797"}],"curies":[{"name":"wp","href":"https:\/\/api.w.org\/{rel}","templated":true}]}}