{"id":22800,"date":"2022-12-09T16:33:08","date_gmt":"2022-12-09T13:33:08","guid":{"rendered":"http:\/\/akdenizolaygazetesi.com\/?p=22800"},"modified":"2022-12-09T16:33:08","modified_gmt":"2022-12-09T13:33:08","slug":"her-sey-gelecek-nesillerin-saglikli-buyumesi-icin","status":"publish","type":"post","link":"https:\/\/akdenizolaygazetesi.com\/?p=22800","title":{"rendered":"HER \u015eEY GELECEK NES\u0130LLER\u0130N SA\u011eLIKLI B\u00dcY\u00dcMES\u0130 \u0130\u00c7\u0130N"},"content":{"rendered":"<p>E\u011fitimle ilgili yapt\u0131\u011f\u0131 her konu\u015fmada, konunun \u00f6nemine ve e\u011fitimde f\u0131rsat e\u015fitli\u011fine dikkat \u00e7eken Mersin B\u00fcy\u00fck\u015fehir Belediye Ba\u015fkan\u0131 Vahap Se\u00e7er, dezavantajl\u0131 b\u00f6lgelerde e\u011fitim-\u00f6\u011fretim g\u00f6ren \u00e7ocuklara g\u00f6nderdi\u011fi s\u00fct\u00fcn yan\u0131na kuruyemi\u015f eklettirdi.<\/p>\n<p>Ba\u015far\u0131l\u0131 bir gelece\u011fin sa\u011fl\u0131kl\u0131 nesiller ile m\u00fcmk\u00fcn olabilece\u011fi d\u00fc\u015f\u00fcncesi ile hayata ge\u00e7irilen proje kapsam\u0131nda ilk olarak Tece Cumhuriyet \u0130lk ve Ortaokulu&#8217;nda e\u011fitim-\u00f6\u011fretim g\u00f6re \u00e7ocuklara s\u00fct ve kuruyemi\u015f da\u011f\u0131t\u0131ld\u0131. I\u015f\u0131l \u0131\u015f\u0131l parlayan g\u00f6zlerle kendilerine verilen s\u00fct ve kuruyemi\u015ften dolay\u0131 ya\u015fad\u0131klar\u0131 mutlulu\u011fu y\u00fczlerine yans\u0131tan \u00e7ocuklar ise Vahap Amca&#8217;lar\u0131na te\u015fekk\u00fcr ettiler.<\/p>\n<p>&#8220;Sa\u011fl\u0131kl\u0131, bir \u00f6\u011f\u00fcn at\u0131\u015ft\u0131rmal\u0131k kuruyemi\u015fler \u00e7ocuklar\u0131m\u0131zla bug\u00fcn bulu\u015ftu&#8221;<\/p>\n<p>Mersin B\u00fcy\u00fck\u015fehir Belediyesi Sosyal Hizmetler Dairesi&#8217;nde Sosyal Yard\u0131mlar \u015eube M\u00fcd\u00fcr\u00fc \u00d6zlem Ya\u015far, B\u00fcy\u00fck\u015fehir Belediye Ba\u015fkan\u0131 Vahap Se\u00e7er&#8217;in en \u00e7ok \u00f6nemsedi\u011fi konular\u0131n ba\u015f\u0131nda e\u011fitim geldi\u011fini ve bu do\u011frultuda \u00f6\u011frencilere kent genelinde \u00e7e\u015fitli imkanlar sunmaya \u00e7al\u0131\u015ft\u0131klar\u0131n\u0131 belirtti. Ya\u015far, &#8220;Bu kapsamdaki \u00e7al\u0131\u015fmalar\u0131m\u0131zdan biri 2019 y\u0131l\u0131nda ba\u015flayan s\u00fct da\u011f\u0131t\u0131m\u0131m\u0131z.  Dezavantajl\u0131 ko\u015fullardaki okullar\u0131m\u0131za s\u00fct da\u011f\u0131tmaya ba\u015flam\u0131\u015ft\u0131k. Bug\u00fcnden de \u00e7ocuklar\u0131m\u0131za bu s\u00fct\u00fcn yan\u0131nda kuruyemi\u015f vermeye ba\u015flad\u0131k. Sa\u011fl\u0131kl\u0131, bir \u00f6\u011f\u00fcn at\u0131\u015ft\u0131rmal\u0131k kuruyemi\u015fler \u00e7ocuklar\u0131m\u0131zla bug\u00fcn bulu\u015ftu. Hem \u00e7ocuklar\u0131n sa\u011fl\u0131kl\u0131 beslenmesine hem de aile b\u00fct\u00e7esine katk\u0131 olarak d\u00fc\u015f\u00fcnd\u00fck bu projeyi.  Yayg\u0131nla\u015ft\u0131rarak devam ettirmeyi d\u00fc\u015f\u00fcn\u00fcyoruz&#8221; dedi.<\/p>\n<p>&#8220;Haftada bir defa bile bu s\u00fct\u00fc da\u011f\u0131tt\u0131\u011f\u0131m\u0131zda sadece burada i\u00e7ebilen \u00e7ocuklar var&#8221;<\/p>\n<p>Tece Cumhuriyet \u0130lk ve Ortaokulu Rehber \u00d6\u011fretmeni \u00c7i\u011fdem Akkoyun, \u00e7ok g\u00fczel bir proje oldu\u011fundan s\u00f6z ederek, &#8220;B\u00f6lge olarak biraz daha dezavantajl\u0131 bir b\u00f6lgede bizim okulumuz, ki sosyo-ekonomik d\u00fczeyleri de \u00e7ok d\u00fc\u015f\u00fck bir yer buras\u0131. \u00c7ocuklar i\u00e7in \u00e7ok iyi oluyor diyebilirim. Belki haftada bir defa bile bu s\u00fct\u00fc da\u011f\u0131tt\u0131\u011f\u0131m\u0131zda sadece burada i\u00e7ebilen \u00e7ocuklar var. Ayn\u0131 zamanda \u00f6zellikle kuruyemi\u015fe bakt\u0131\u011f\u0131m\u0131zda, o alanda da \u00e7ocuklar \u00e7ok yetersiz. Sa\u011fl\u0131kl\u0131 beslenmede temel ihtiya\u00e7lar hiyerar\u015fisinde en altta olan yeme ve i\u00e7mede yetersizler. Bunun haftada 1, 2 haftada bir d\u00fczenlenmesi, getirilmesi bizim i\u00e7in \u00e7ok \u00e7ok \u00f6nemli. \u00c7ocuklar i\u00e7in de \u00e7ok \u00f6nemli. \u00c7ok mutlu oluyorlar, biz de \u00e7ok mutlu oluyoruz ayn\u0131 zamanda&#8221; dedi ve B\u00fcy\u00fck\u015fehir Belediyesi&#8217;nin b\u00fct\u00fcn \u00e7al\u0131\u015fmalar\u0131 i\u00e7in te\u015fekk\u00fcrlerini iletti.<\/p>\n<p>&#8220;\u00c7ocuklar tam \u015fu an bir geli\u015fim \u00e7a\u011f\u0131ndalar&#8221;<\/p>\n<p>Okul Aile Birli\u011fi Ba\u015fkan\u0131, \u00f6zel e\u011fitim \u00f6\u011frencisi velisi ve halk oyunlar\u0131 e\u011fitmeni Esra Ko\u00e7ak da bu hizmetten dolay\u0131 B\u00fcy\u00fck\u015fehir Belediyesi&#8217;ne te\u015fekk\u00fcr ederek, &#8220;\u00c7ocuklar\u0131m\u0131z\u0131n geli\u015fimine, e\u011fitimine bu kadar her alana yetmeye \u00e7al\u0131\u015fmas\u0131, yard\u0131mlar\u0131, ayn\u0131 zamanda kitap, k\u0131rtasiye bir\u00e7ok yard\u0131mlarda da bulundular okulumuza. \u00c7ok sa\u011f olsunlar. Bu emekleri i\u00e7in \u00e7ok \u00e7ok te\u015fekk\u00fcr ediyoruz&#8221; diye konu\u015ftu.<\/p>\n<p>Dezavantajl\u0131 bir b\u00f6lgede olduklar\u0131n\u0131 da belirten Ko\u00e7ak, &#8220;\u00c7ocuklar tam \u015fu an bir geli\u015fim \u00e7a\u011f\u0131ndalar ve burada ay\u0131rt edilmiyor. Durumu olan olmayan diye bir ayr\u0131m yok. T\u00fcm \u00e7ocuklar faydalan\u0131yor. Bir servis, ula\u015f\u0131m olsun, herhangi bir kitap, k\u0131rtasiye, s\u00fct, \u00fcz\u00fcm, meyve, kuruyemi\u015f; her t\u00fcrl\u00fc Belediye&#8217;nin yapm\u0131\u015f oldu\u011fu kat\u0131l\u0131mlardan t\u00fcm \u00f6\u011frencilerimiz faydalan\u0131yor. Burada durumu olan olmayan gibi bir ayr\u0131m hi\u00e7bir zaman olmad\u0131&#8221; ifadelerini kulland\u0131. <\/p>\n<p>\u00c7ocuklar \u00e7ok mutlu oldular, Vahap Amcalar\u0131n\u0131 okullar\u0131na davet ettiler<\/p>\n<p>S\u00fct ve kuruyemi\u015fi afiyet ile yiyen G\u00fcney U\u011fuz isimli \u00f6\u011frenci &#8220;\u00c7ok be\u011fendim, g\u00fczeldi. Vahap Amca&#8217;ya te\u015fekk\u00fcr ederim bana s\u00fct ve kuruyemi\u015f g\u00f6nderdi\u011fi i\u00e7in&#8221; diye konu\u015furken Kumsal Ak isimli \u00f6\u011frenci ise &#8220;\u00c7ok be\u011fendim, te\u015fekk\u00fcr ederiz bize \u00e7erez ve s\u00fct da\u011f\u0131t\u0131ld\u0131\u011f\u0131 i\u00e7in. Vahap amca seni okulumuza bekliyoruz&#8221; ifadelerini kulland\u0131.<\/p>\n<p>Mersin B\u00fcy\u00fck\u015fehir Belediye Ba\u015fkan\u0131 Vahap Se\u00e7er&#8217;i \u00e7ok sevdi\u011fini s\u00f6yleyen Akyol ise &#8220;\u00c7ok be\u011fendim, yedim bitirdim hemen. Vahap amcay\u0131 \u00e7ok seviyorum, g\u00f6nderdikleri i\u00e7in \u00e7ok te\u015fekk\u00fcr ederim. Karn\u0131m doydu, s\u00fct\u00fcm\u00fc de i\u00e7tim. \u00c7erezi yiyip hemen b\u00fcy\u00fcmek istiyorum&#8221; dedi.<\/p>\n<p>R\u00fczgar U\u011fuz isimli \u00f6\u011frenci ise &#8220;Vahap Amcaya \u00e7ok te\u015fekk\u00fcr ediyorum, onu \u00e7ok seviyorum, onu okulumuza davet ediyorum. Vahap Amca bize s\u00fct ve \u00e7erez da\u011f\u0131tt\u0131, karn\u0131m doydu ve b\u00fcy\u00fcd\u00fcm. \u00c7ok g\u00fc\u00e7lendim \u00e7ok b\u00fcy\u00fcd\u00fcm, \u00e7ok mutlu oldum, Vahap Amcaya \u00e7ok te\u015fekk\u00fcr ediyorum&#8221; diye konu\u015ftu.<\/p>\n","protected":false},"excerpt":{"rendered":"<p>E\u011fitimle ilgili yapt\u0131\u011f\u0131 her konu\u015fmada, konunun \u00f6nemine ve e\u011fitimde f\u0131rsat e\u015fitli\u011fine dikkat \u00e7eken Mersin B\u00fcy\u00fck\u015fehir Belediye Ba\u015fkan\u0131 Vahap Se\u00e7er, dezavantajl\u0131 b\u00f6lgelerde e\u011fitim-\u00f6\u011fretim g\u00f6ren \u00e7ocuklara g\u00f6nderdi\u011fi s\u00fct\u00fcn yan\u0131na kuruyemi\u015f eklettirdi. Ba\u015far\u0131l\u0131 &hellip; <a href=\"https:\/\/akdenizolaygazetesi.com\/?p=22800\" class=\"more-link\">Devam\u0131n\u0131 Oku&#8230;<\/a><\/p>\n","protected":false},"author":2,"featured_media":22801,"comment_status":"open","ping_status":"open","sticky":false,"template":"","format":"standard","meta":[],"categories":[3,5,9],"tags":[],"_links":{"self":[{"href":"https:\/\/akdenizolaygazetesi.com\/index.php?rest_route=\/wp\/v2\/posts\/22800"}],"collection":[{"href":"https:\/\/akdenizolaygazetesi.com\/index.php?rest_route=\/wp\/v2\/posts"}],"about":[{"href":"https:\/\/akdenizolaygazetesi.com\/index.php?rest_route=\/wp\/v2\/types\/post"}],"author":[{"embeddable":true,"href":"https:\/\/akdenizolaygazetesi.com\/index.php?rest_route=\/wp\/v2\/users\/2"}],"replies":[{"embeddable":true,"href":"https:\/\/akdenizolaygazetesi.com\/index.php?rest_route=%2Fwp%2Fv2%2Fcomments&post=22800"}],"version-history":[{"count":1,"href":"https:\/\/akdenizolaygazetesi.com\/index.php?rest_route=\/wp\/v2\/posts\/22800\/revisions"}],"predecessor-version":[{"id":22802,"href":"https:\/\/akdenizolaygazetesi.com\/index.php?rest_route=\/wp\/v2\/posts\/22800\/revisions\/22802"}],"wp:featuredmedia":[{"embeddable":true,"href":"https:\/\/akdenizolaygazetesi.com\/index.php?rest_route=\/wp\/v2\/media\/22801"}],"wp:attachment":[{"href":"https:\/\/akdenizolaygazetesi.com\/index.php?rest_route=%2Fwp%2Fv2%2Fmedia&parent=22800"}],"wp:term":[{"taxonomy":"category","embeddable":true,"href":"https:\/\/akdenizolaygazetesi.com\/index.php?rest_route=%2Fwp%2Fv2%2Fcategories&post=22800"},{"taxonomy":"post_tag","embeddable":true,"href":"https:\/\/akdenizolaygazetesi.com\/index.php?rest_route=%2Fwp%2Fv2%2Ftags&post=22800"}],"curies":[{"name":"wp","href":"https:\/\/api.w.org\/{rel}","templated":true}]}}