{"id":22803,"date":"2022-12-09T16:35:01","date_gmt":"2022-12-09T13:35:01","guid":{"rendered":"http:\/\/akdenizolaygazetesi.com\/?p=22803"},"modified":"2022-12-09T16:35:01","modified_gmt":"2022-12-09T13:35:01","slug":"aladag-mahallesinden-baskan-yilmaz-ve-ekibine-tesekkur","status":"publish","type":"post","link":"https:\/\/akdenizolaygazetesi.com\/?p=22803","title":{"rendered":"ALADA\u011e MAHALLES\u0130&#8217;NDEN, BA\u015eKAN YILMAZ VE EK\u0130B\u0130NE TE\u015eEKK\u00dcR"},"content":{"rendered":"<p>Mersin&#8217;in merkez il\u00e7esi Toroslar Belediye Ba\u015fkan\u0131 Ats\u0131z Af\u015f\u0131n Y\u0131lmaz, il\u00e7enin t\u00fcm mahallelerine y\u00f6nelik ger\u00e7ekle\u015ftirdi\u011fi farkl\u0131 hizmetlerle mahalle sakinleri ve muhtarlar\u0131n takdirini kazan\u0131yor.<\/p>\n<p>Ba\u015fkan Y\u0131lmaz, teknik ekibiyle birlikte Alada\u011f Mahallesi&#8217;nin misafiri oldu. Mahalle muhtar\u0131 Ahmet Ertun\u00e7, Ba\u015fkan Y\u0131lmaz ve ekibini \u00f6\u011fle yeme\u011finde a\u011f\u0131rlayarak mahallesine sunulan hizmetlerden dolay\u0131 te\u015fekk\u00fcr etti.<\/p>\n<p> &#8220;Ba\u015fkan\u0131m\u0131z Ayr\u0131m Yapmadan Hizmet Ediyor&#8221;<\/p>\n<p>Mahalle Muhtar\u0131 Ahmet Ertun\u00e7, Ba\u015fkan Y\u0131lmaz ve ekibiyle her zaman ileti\u015fime ge\u00e7ebildi\u011fini ve mahallelerinin sorunlar\u0131n\u0131n en k\u0131sa s\u00fcrede \u00e7\u00f6z\u00fcld\u00fc\u011f\u00fcn\u00fc ifade ederek; &#8220;Mahallemize imece usul\u00fc kazand\u0131r\u0131lan \u00c7ok Ama\u00e7l\u0131 K\u00fclt\u00fcr Sanat ve Taziye Evi&#8217;nin yap\u0131m\u0131nda belediyemiz b\u00fcy\u00fck bir destek verdi. Alada\u011f Camimizin ve \u00e7evresinin bak\u0131m ve onar\u0131m\u0131na kadar bir\u00e7ok \u00e7al\u0131\u015fmalar yap\u0131ld\u0131. Kap\u0131s\u0131n\u0131 ve y\u00fcre\u011fini bizlere her zaman a\u00e7an Ba\u015fkan\u0131m\u0131z Say\u0131n Ats\u0131z Af\u015f\u0131n Y\u0131lmaz&#8217;a, mahalle sakinlerim ad\u0131na te\u015fekk\u00fcr ediyorum&#8221; dedi.<\/p>\n<p> &#8220;Mahalle Ziyaretlerimizde Yeni Projeler Planl\u0131yor ve Hedefliyoruz&#8221;<\/p>\n<p>Mahallede yap\u0131m\u0131 devam eden \u00e7al\u0131\u015fmalar\u0131 da inceleyen Ba\u015fkan Y\u0131lmaz; &#8220;Mersin&#8217;in en geni\u015f hizmet alan\u0131na sahip il\u00e7elerden biriyiz. Toroslar\u0131m\u0131zda birbirinden k\u0131ymetli 67 mahallemiz var. De\u011ferli muhtarlar\u0131m\u0131zla el ele vererek mahallelerimize hizmetin en g\u00fczelini sunman\u0131n gayreti i\u00e7erisindeyiz. Mahallelerimizi her ziyaret etti\u011fimizde yeni projeler planl\u0131yor ve hedefliyoruz. Bu \u00e7er\u00e7evede Alada\u011f Mahallemizde ger\u00e7ekle\u015ftirdi\u011fimiz hizmetlerden \u00f6t\u00fcr\u00fc mahalle muhtar\u0131m\u0131z ve mahalle sakinlerimiz bizleri \u00f6\u011fle yeme\u011finde a\u011f\u0131rlad\u0131lar.  Misafirperverliklerinden dolay\u0131 te\u015fekk\u00fcr ediyorum. Allah, birlik ve beraberli\u011fimizi bozmas\u0131n&#8221; diye konu\u015ftu.<\/p>\n","protected":false},"excerpt":{"rendered":"<p>Mersin&#8217;in merkez il\u00e7esi Toroslar Belediye Ba\u015fkan\u0131 Ats\u0131z Af\u015f\u0131n Y\u0131lmaz, il\u00e7enin t\u00fcm mahallelerine y\u00f6nelik ger\u00e7ekle\u015ftirdi\u011fi farkl\u0131 hizmetlerle mahalle sakinleri ve muhtarlar\u0131n takdirini kazan\u0131yor. Ba\u015fkan Y\u0131lmaz, teknik ekibiyle birlikte Alada\u011f Mahallesi&#8217;nin misafiri &hellip; <a href=\"https:\/\/akdenizolaygazetesi.com\/?p=22803\" class=\"more-link\">Devam\u0131n\u0131 Oku&#8230;<\/a><\/p>\n","protected":false},"author":2,"featured_media":22804,"comment_status":"open","ping_status":"open","sticky":false,"template":"","format":"standard","meta":[],"categories":[2,3,5],"tags":[],"_links":{"self":[{"href":"https:\/\/akdenizolaygazetesi.com\/index.php?rest_route=\/wp\/v2\/posts\/22803"}],"collection":[{"href":"https:\/\/akdenizolaygazetesi.com\/index.php?rest_route=\/wp\/v2\/posts"}],"about":[{"href":"https:\/\/akdenizolaygazetesi.com\/index.php?rest_route=\/wp\/v2\/types\/post"}],"author":[{"embeddable":true,"href":"https:\/\/akdenizolaygazetesi.com\/index.php?rest_route=\/wp\/v2\/users\/2"}],"replies":[{"embeddable":true,"href":"https:\/\/akdenizolaygazetesi.com\/index.php?rest_route=%2Fwp%2Fv2%2Fcomments&post=22803"}],"version-history":[{"count":1,"href":"https:\/\/akdenizolaygazetesi.com\/index.php?rest_route=\/wp\/v2\/posts\/22803\/revisions"}],"predecessor-version":[{"id":22805,"href":"https:\/\/akdenizolaygazetesi.com\/index.php?rest_route=\/wp\/v2\/posts\/22803\/revisions\/22805"}],"wp:featuredmedia":[{"embeddable":true,"href":"https:\/\/akdenizolaygazetesi.com\/index.php?rest_route=\/wp\/v2\/media\/22804"}],"wp:attachment":[{"href":"https:\/\/akdenizolaygazetesi.com\/index.php?rest_route=%2Fwp%2Fv2%2Fmedia&parent=22803"}],"wp:term":[{"taxonomy":"category","embeddable":true,"href":"https:\/\/akdenizolaygazetesi.com\/index.php?rest_route=%2Fwp%2Fv2%2Fcategories&post=22803"},{"taxonomy":"post_tag","embeddable":true,"href":"https:\/\/akdenizolaygazetesi.com\/index.php?rest_route=%2Fwp%2Fv2%2Ftags&post=22803"}],"curies":[{"name":"wp","href":"https:\/\/api.w.org\/{rel}","templated":true}]}}