{"id":22809,"date":"2022-12-10T20:00:58","date_gmt":"2022-12-10T17:00:58","guid":{"rendered":"http:\/\/akdenizolaygazetesi.com\/?p=22809"},"modified":"2022-12-10T20:00:58","modified_gmt":"2022-12-10T17:00:58","slug":"buyuksehir-besyol-plaza-kavsaginda-duzenleme-calismasini-baslatiyor","status":"publish","type":"post","link":"https:\/\/akdenizolaygazetesi.com\/?p=22809","title":{"rendered":"B\u00dcY\u00dcK\u015eEH\u0130R, BE\u015eYOL PLAZA KAV\u015eA\u011eI&#8217;NDA D\u00dcZENLEME \u00c7ALI\u015eMASINI BA\u015eLATIYOR"},"content":{"rendered":"<p>Mersin B\u00fcy\u00fck\u015fehir Belediyesi, kent genelini daha g\u00fcvenli ve daha konforlu yol a\u011flar\u0131yla \u00f6rmek i\u00e7in \u00e7al\u0131\u015fmalar\u0131n\u0131 aral\u0131ks\u0131z s\u00fcrd\u00fcr\u00fcyor. Bu \u00e7al\u0131\u015fmalar\u0131na bir yenisini ekleyecek olan B\u00fcy\u00fck\u015fehir Belediyesi, Yol Yap\u0131m Bak\u0131m ve Onar\u0131m Dairesi taraf\u0131ndan Ula\u015f\u0131m Dairesi&#8217;nin &#8216;Trafik Master Plan\u0131&#8217; kapsam\u0131nda; Yeni\u015fehir il\u00e7esi H\u00fcseyin Okan Merzeci Bulvar\u0131 ve Barbaros Bulvar\u0131 kesi\u015fimindeki Be\u015fyol Plaza Kav\u015fa\u011f\u0131&#8217;nda d\u00fczenleme \u00e7al\u0131\u015fmas\u0131n\u0131 ba\u015flat\u0131yor. Yo\u011fun trafi\u011fin ya\u015fand\u0131\u011f\u0131 b\u00f6lgeye ili\u015fkin vatanda\u015flardan gelen talep \u00fczerine 13 Aral\u0131k Sal\u0131 g\u00fcn\u00fc ba\u015flat\u0131lacak olan \u00e7al\u0131\u015fman\u0131n 22 Aral\u0131k Per\u015fembe g\u00fcn\u00fc tamamlamas\u0131 planlan\u0131yor.<\/p>\n<p>\u00c7al\u0131\u015fma b\u00f6lgesinde kuzey ve g\u00fcney akslar\u0131n\u0131 kullanan ara\u00e7lar i\u00e7in alternatif g\u00fczerg\u00e2hlar belirlendi<\/p>\n<p>Kuzey aks\u0131ndan gelen ara\u00e7lar H\u00fcseyin Okan Merzeci Bulvar\u0131 \u00fczerinden bat\u0131 istikametine y\u00f6nelerek G\u00f6\u00e7men Katl\u0131 Kav\u015fa\u011f\u0131&#8217;ndan, g\u00fcney aks\u0131ndan gelen ara\u00e7lar ise H\u00fcseyin Okan Merzeci Bulvar\u0131 \u00fczerinden do\u011fu aks\u0131na y\u00f6nelerek Sevgi Katl\u0131 Kav\u015fa\u011f\u0131&#8217;ndan yola devam edebilecek.<\/p>\n<p>&#8220;Kuzey- g\u00fcney aks\u0131n\u0131 trafi\u011fe komple kapataca\u011f\u0131z&#8221;<\/p>\n<p>Ula\u015f\u0131m Dairesinde teknik \u015fef olarak g\u00f6rev yapan Bilal Ay, \u00e7al\u0131\u015fma hakk\u0131nda \u015fu bilgileri verdi:<\/p>\n<p> &#8220;B\u00f6lgeden gelen \u015fikayetler \u00fczerine yapm\u0131\u015f oldu\u011fumuz say\u0131mlar ve &#8216;Trafik Master Plan\u0131&#8217; \u00e7er\u00e7evesinde vatanda\u015flar\u0131m\u0131z\u0131n trafikteki aksamalar\u0131n\u0131n ve karbon emisyon sal\u0131n\u0131m\u0131n\u0131n en aza indirgenmesi i\u00e7in yapaca\u011f\u0131m\u0131z \u00e7al\u0131\u015fmalarda kuzey- g\u00fcney aks\u0131n\u0131 trafi\u011fe komple kapataca\u011f\u0131z. \u00c7al\u0131\u015fma esnas\u0131nda vatanda\u015flar\u0131m\u0131z\u0131n ma\u011fduriyet ya\u015famamas\u0131 i\u00e7in b\u00f6lgede \u015ferit daraltma (k\u0131smi kapatma) sistemine gidece\u011fiz. Aksi bir durum ya\u015fanmas\u0131 halinde ise \u00e7al\u0131\u015fma b\u00f6lgesinde trafi\u011fi komple kapat\u0131p vatanda\u015flar\u0131m\u0131z\u0131n trafik i\u015faret ve i\u015faret\u00e7ilerine uyarak alternatif g\u00fczergahlara girmelerini sa\u011flayaca\u011f\u0131z.&#8221;<\/p>\n<p>&#8220;Vatanda\u015flar\u0131m\u0131z i\u00e7in 7\/24 t\u00fcm ekibimizle sahada aktif bir \u015fekilde \u00e7al\u0131\u015fmaya devam edece\u011fiz&#8221;<\/p>\n<p>\u00c7al\u0131\u015fman\u0131n 13 Aral\u0131k&#8217;ta ba\u015flay\u0131p 22 Aral\u0131k&#8217;ta tamamlanaca\u011f\u0131n\u0131 da s\u00f6zlerine ekleyen Ay, &#8220;Barbaros Bulvar\u0131&#8217;ndan Dumlup\u0131nar Caddesi&#8217;ne ve Barbaros Bulvar\u0131&#8217;ndan kuzey k\u0131sm\u0131na &#8216;U&#8217; d\u00f6n\u00fc\u015f\u00fc sa\u011flanarak vatanda\u015flar\u0131m\u0131z\u0131n do\u011fu-bat\u0131 aks\u0131n\u0131 ve Dikenliyol Alt Ge\u00e7idi&#8217;ni kullanmalar\u0131 sa\u011flanacakt\u0131r. Mersin&#8217;de vatanda\u015flar\u0131m\u0131z\u0131n evine daha g\u00fcvenli bir \u015fekilde gitmesini sa\u011flama ve trafikteki bekleme s\u00fcrelerini en aza indirme amac\u0131yla yapm\u0131\u015f oldu\u011fumuz \u00e7al\u0131\u015fmalara bir yenisini daha ekliyoruz. Vatanda\u015flar\u0131m\u0131z i\u00e7in 7\/24 t\u00fcm ekibimizle sahada aktif bir \u015fekilde \u00e7al\u0131\u015fmaya devam edece\u011fiz&#8221; dedi.  <\/p>\n","protected":false},"excerpt":{"rendered":"<p>Mersin B\u00fcy\u00fck\u015fehir Belediyesi, kent genelini daha g\u00fcvenli ve daha konforlu yol a\u011flar\u0131yla \u00f6rmek i\u00e7in \u00e7al\u0131\u015fmalar\u0131n\u0131 aral\u0131ks\u0131z s\u00fcrd\u00fcr\u00fcyor. Bu \u00e7al\u0131\u015fmalar\u0131na bir yenisini ekleyecek olan B\u00fcy\u00fck\u015fehir Belediyesi, Yol Yap\u0131m Bak\u0131m ve Onar\u0131m &hellip; <a href=\"https:\/\/akdenizolaygazetesi.com\/?p=22809\" class=\"more-link\">Devam\u0131n\u0131 Oku&#8230;<\/a><\/p>\n","protected":false},"author":2,"featured_media":22810,"comment_status":"open","ping_status":"open","sticky":false,"template":"","format":"standard","meta":[],"categories":[2,3],"tags":[],"_links":{"self":[{"href":"https:\/\/akdenizolaygazetesi.com\/index.php?rest_route=\/wp\/v2\/posts\/22809"}],"collection":[{"href":"https:\/\/akdenizolaygazetesi.com\/index.php?rest_route=\/wp\/v2\/posts"}],"about":[{"href":"https:\/\/akdenizolaygazetesi.com\/index.php?rest_route=\/wp\/v2\/types\/post"}],"author":[{"embeddable":true,"href":"https:\/\/akdenizolaygazetesi.com\/index.php?rest_route=\/wp\/v2\/users\/2"}],"replies":[{"embeddable":true,"href":"https:\/\/akdenizolaygazetesi.com\/index.php?rest_route=%2Fwp%2Fv2%2Fcomments&post=22809"}],"version-history":[{"count":1,"href":"https:\/\/akdenizolaygazetesi.com\/index.php?rest_route=\/wp\/v2\/posts\/22809\/revisions"}],"predecessor-version":[{"id":22811,"href":"https:\/\/akdenizolaygazetesi.com\/index.php?rest_route=\/wp\/v2\/posts\/22809\/revisions\/22811"}],"wp:featuredmedia":[{"embeddable":true,"href":"https:\/\/akdenizolaygazetesi.com\/index.php?rest_route=\/wp\/v2\/media\/22810"}],"wp:attachment":[{"href":"https:\/\/akdenizolaygazetesi.com\/index.php?rest_route=%2Fwp%2Fv2%2Fmedia&parent=22809"}],"wp:term":[{"taxonomy":"category","embeddable":true,"href":"https:\/\/akdenizolaygazetesi.com\/index.php?rest_route=%2Fwp%2Fv2%2Fcategories&post=22809"},{"taxonomy":"post_tag","embeddable":true,"href":"https:\/\/akdenizolaygazetesi.com\/index.php?rest_route=%2Fwp%2Fv2%2Ftags&post=22809"}],"curies":[{"name":"wp","href":"https:\/\/api.w.org\/{rel}","templated":true}]}}