{"id":22812,"date":"2022-12-10T20:02:30","date_gmt":"2022-12-10T17:02:30","guid":{"rendered":"http:\/\/akdenizolaygazetesi.com\/?p=22812"},"modified":"2022-12-10T20:02:30","modified_gmt":"2022-12-10T17:02:30","slug":"mersin-buyuksehirin-otogar-danisma-merkezi-projesi-odule-layik-goruldu","status":"publish","type":"post","link":"https:\/\/akdenizolaygazetesi.com\/?p=22812","title":{"rendered":"MERS\u0130N B\u00dcY\u00dcK\u015eEH\u0130R&#8217;\u0130N OTOGAR DANI\u015eMA MERKEZ\u0130 PROJES\u0130 \u00d6D\u00dcLE LAYIK G\u00d6R\u00dcLD\u00dc"},"content":{"rendered":"<p>Sosyal Demokrasi Vakf\u0131 (SODEV), T\u00fcrkiye \u00e7ap\u0131ndaki belediyelerin cinsiyet e\u015fitli\u011fini sa\u011flamaya d\u00f6n\u00fck \u00e7al\u0131\u015fmalar\u0131n\u0131 \u00f6d\u00fcllendirdi. \u0130sve\u00e7 merkezli Olof Palme International Center i\u015f birli\u011fiyle organize edilen ve 389 proje ba\u015fvurusunun yap\u0131ld\u0131\u011f\u0131 &#8216;Cinsiyet E\u015fitlik\u00e7i D\u00f6n\u00fc\u015f\u00fcm \u00d6d\u00fclleri&#8217; program\u0131nda, 13 kategoriden biri olan &#8216;Kad\u0131na Y\u00f6nelik \u015eiddetle (KY\u015e) M\u00fccadele Alan\u0131nda Sunulan En \u0130yi Uygulama&#8217;  kategorisinde Mersin B\u00fcy\u00fck\u015fehir Belediyesi Kad\u0131n ve Aile Hizmetleri Dairesi Ba\u015fkanl\u0131\u011f\u0131 hizmetlerinden Otogar Dan\u0131\u015fma Merkezi Projesi \u00f6d\u00fcle lay\u0131k g\u00f6r\u00fcld\u00fc.<\/p>\n<p>\u00d6d\u00fcl\u00fc, \u0130stanbul K\u00fc\u00e7\u00fck\u00e7ekmece&#8217;de ger\u00e7ekle\u015ftirilen t\u00f6rende Mersin B\u00fcy\u00fck\u015fehir Belediyesi Kad\u0131n ve Aile Hizmetleri Dairesi Ba\u015fkan\u0131 \u015eerife Haso\u011flu Dokucu teslim ald\u0131.<\/p>\n<p>T\u00f6rende; T\u00fcrkiye&#8217;nin sosyal demokrat belediyelerinin kentsel hizmetlerinde toplumsal cinsiyet e\u015fitli\u011fi ve \u00f6zg\u00fcrl\u00fck ili\u015fkisinden hareketle kad\u0131nlar\u0131n toplumsal stat\u00fclerini y\u00fckseltmek, korumak, ihtiya\u00e7lar\u0131n\u0131n kar\u015f\u0131lanmas\u0131na yard\u0131mc\u0131 olmak ve kad\u0131nlar\u0131n toplumun her alan\u0131nda g\u00fc\u00e7lenmesine destek olmak amac\u0131yla sunulan en iyi uygulamalar, kategorilerine g\u00f6re de\u011ferlendirildi.<\/p>\n","protected":false},"excerpt":{"rendered":"<p>Sosyal Demokrasi Vakf\u0131 (SODEV), T\u00fcrkiye \u00e7ap\u0131ndaki belediyelerin cinsiyet e\u015fitli\u011fini sa\u011flamaya d\u00f6n\u00fck \u00e7al\u0131\u015fmalar\u0131n\u0131 \u00f6d\u00fcllendirdi. \u0130sve\u00e7 merkezli Olof Palme International Center i\u015f birli\u011fiyle organize edilen ve 389 proje ba\u015fvurusunun yap\u0131ld\u0131\u011f\u0131 &#8216;Cinsiyet E\u015fitlik\u00e7i &hellip; <a href=\"https:\/\/akdenizolaygazetesi.com\/?p=22812\" class=\"more-link\">Devam\u0131n\u0131 Oku&#8230;<\/a><\/p>\n","protected":false},"author":2,"featured_media":22813,"comment_status":"open","ping_status":"open","sticky":false,"template":"","format":"standard","meta":[],"categories":[1,3,5],"tags":[],"_links":{"self":[{"href":"https:\/\/akdenizolaygazetesi.com\/index.php?rest_route=\/wp\/v2\/posts\/22812"}],"collection":[{"href":"https:\/\/akdenizolaygazetesi.com\/index.php?rest_route=\/wp\/v2\/posts"}],"about":[{"href":"https:\/\/akdenizolaygazetesi.com\/index.php?rest_route=\/wp\/v2\/types\/post"}],"author":[{"embeddable":true,"href":"https:\/\/akdenizolaygazetesi.com\/index.php?rest_route=\/wp\/v2\/users\/2"}],"replies":[{"embeddable":true,"href":"https:\/\/akdenizolaygazetesi.com\/index.php?rest_route=%2Fwp%2Fv2%2Fcomments&post=22812"}],"version-history":[{"count":1,"href":"https:\/\/akdenizolaygazetesi.com\/index.php?rest_route=\/wp\/v2\/posts\/22812\/revisions"}],"predecessor-version":[{"id":22814,"href":"https:\/\/akdenizolaygazetesi.com\/index.php?rest_route=\/wp\/v2\/posts\/22812\/revisions\/22814"}],"wp:featuredmedia":[{"embeddable":true,"href":"https:\/\/akdenizolaygazetesi.com\/index.php?rest_route=\/wp\/v2\/media\/22813"}],"wp:attachment":[{"href":"https:\/\/akdenizolaygazetesi.com\/index.php?rest_route=%2Fwp%2Fv2%2Fmedia&parent=22812"}],"wp:term":[{"taxonomy":"category","embeddable":true,"href":"https:\/\/akdenizolaygazetesi.com\/index.php?rest_route=%2Fwp%2Fv2%2Fcategories&post=22812"},{"taxonomy":"post_tag","embeddable":true,"href":"https:\/\/akdenizolaygazetesi.com\/index.php?rest_route=%2Fwp%2Fv2%2Ftags&post=22812"}],"curies":[{"name":"wp","href":"https:\/\/api.w.org\/{rel}","templated":true}]}}