{"id":22815,"date":"2022-12-10T20:04:06","date_gmt":"2022-12-10T17:04:06","guid":{"rendered":"http:\/\/akdenizolaygazetesi.com\/?p=22815"},"modified":"2022-12-10T20:04:06","modified_gmt":"2022-12-10T17:04:06","slug":"vali-pehlivandan-ozaltin-mobilyaya-ziyaret","status":"publish","type":"post","link":"https:\/\/akdenizolaygazetesi.com\/?p=22815","title":{"rendered":"Vali Pehlivan&#8217;dan \u00d6zalt\u0131n Mobilya&#8217;ya ziyaret"},"content":{"rendered":"<p>Mersin Valisi Ali Hamza Pehlivan, MTOSB Ba\u015fkan\u0131 Sabri Tekli ve m\u00fcte\u015febbis heyet \u00fcyeleri ile birlikte Mersin- Tarsus Organize Sanayi b\u00f6lgesinde faaliyet g\u00f6steren \u00d6zalt\u0131n Mobilya-Negna firmas\u0131n\u0131 ziyaret etti.<\/p>\n<p>Vali Pehlivan, beraberindeki heyet ile birlikte fabrika i\u00e7erisinde incelemelerde bulundu, \u00d6zalt\u0131n Mobilya Y\u00f6netim Kurulu Ba\u015fkan\u0131 \u00d6zkan Alt\u0131n, Y\u00f6netim Kurulu \u00fcyeleri Hilmican ve \u0130smail Alt\u0131n&#8217;dan y\u00fcr\u00fct\u00fclmekte olan \u00e7al\u0131\u015fmalar, \u00fcretim ve pazarlama s\u00fcre\u00e7lerine ili\u015fkin konular hakk\u0131nda bilgiler ald\u0131.<\/p>\n<p>OSB i\u00e7erisinde 27 d\u00f6n\u00fcml\u00fck alan \u00fczerine 2007 y\u0131l\u0131ndan bu yana faaliyette bulunan ve 250 ki\u015fi istihdam eden \u00d6zalt\u0131n Mobilya&#8217;da; mobilya, kap\u0131, do\u011frama, mutfak, banyo dekorasyon \u00fcr\u00fcnlerinin \u00fcretimi ger\u00e7ekle\u015ftiriliyor. 1997 y\u0131l\u0131nda kurulan \u00d6zalt\u0131n Mobilya; Kanada, Irak, \u0130ngiltere, \u0130rlanda, Katar, Bel\u00e7ika, \u0130sve\u00e7 gibi \u00fclkelere ihracat yap\u0131yor.<\/p>\n<p>Vali Pehlivan&#8217;a ziyaretinde, MTOSB Ba\u015fkan\u0131 Sabri Tekli ve m\u00fcte\u015febbis heyeti \u00fcyeleri e\u015flik etti.<\/p>\n","protected":false},"excerpt":{"rendered":"<p>Mersin Valisi Ali Hamza Pehlivan, MTOSB Ba\u015fkan\u0131 Sabri Tekli ve m\u00fcte\u015febbis heyet \u00fcyeleri ile birlikte Mersin- Tarsus Organize Sanayi b\u00f6lgesinde faaliyet g\u00f6steren \u00d6zalt\u0131n Mobilya-Negna firmas\u0131n\u0131 ziyaret etti. Vali Pehlivan, beraberindeki &hellip; <a href=\"https:\/\/akdenizolaygazetesi.com\/?p=22815\" class=\"more-link\">Devam\u0131n\u0131 Oku&#8230;<\/a><\/p>\n","protected":false},"author":2,"featured_media":22816,"comment_status":"open","ping_status":"open","sticky":false,"template":"","format":"standard","meta":[],"categories":[3],"tags":[],"_links":{"self":[{"href":"https:\/\/akdenizolaygazetesi.com\/index.php?rest_route=\/wp\/v2\/posts\/22815"}],"collection":[{"href":"https:\/\/akdenizolaygazetesi.com\/index.php?rest_route=\/wp\/v2\/posts"}],"about":[{"href":"https:\/\/akdenizolaygazetesi.com\/index.php?rest_route=\/wp\/v2\/types\/post"}],"author":[{"embeddable":true,"href":"https:\/\/akdenizolaygazetesi.com\/index.php?rest_route=\/wp\/v2\/users\/2"}],"replies":[{"embeddable":true,"href":"https:\/\/akdenizolaygazetesi.com\/index.php?rest_route=%2Fwp%2Fv2%2Fcomments&post=22815"}],"version-history":[{"count":1,"href":"https:\/\/akdenizolaygazetesi.com\/index.php?rest_route=\/wp\/v2\/posts\/22815\/revisions"}],"predecessor-version":[{"id":22817,"href":"https:\/\/akdenizolaygazetesi.com\/index.php?rest_route=\/wp\/v2\/posts\/22815\/revisions\/22817"}],"wp:featuredmedia":[{"embeddable":true,"href":"https:\/\/akdenizolaygazetesi.com\/index.php?rest_route=\/wp\/v2\/media\/22816"}],"wp:attachment":[{"href":"https:\/\/akdenizolaygazetesi.com\/index.php?rest_route=%2Fwp%2Fv2%2Fmedia&parent=22815"}],"wp:term":[{"taxonomy":"category","embeddable":true,"href":"https:\/\/akdenizolaygazetesi.com\/index.php?rest_route=%2Fwp%2Fv2%2Fcategories&post=22815"},{"taxonomy":"post_tag","embeddable":true,"href":"https:\/\/akdenizolaygazetesi.com\/index.php?rest_route=%2Fwp%2Fv2%2Ftags&post=22815"}],"curies":[{"name":"wp","href":"https:\/\/api.w.org\/{rel}","templated":true}]}}