{"id":22818,"date":"2022-12-10T20:06:25","date_gmt":"2022-12-10T17:06:25","guid":{"rendered":"http:\/\/akdenizolaygazetesi.com\/?p=22818"},"modified":"2022-12-10T20:06:25","modified_gmt":"2022-12-10T17:06:25","slug":"akdeniz-belediyesinden-roman-vatandaslara-ozel-cok-amacli-mahalle-kultur-evi","status":"publish","type":"post","link":"https:\/\/akdenizolaygazetesi.com\/?p=22818","title":{"rendered":"AKDEN\u0130Z BELED\u0130YES\u0130\u2019NDEN, ROMAN VATANDA\u015eLARA \u00d6ZEL \u2018\u00c7OK AMA\u00c7LI MAHALLE K\u00dcLT\u00dcR EV\u0130\u2019"},"content":{"rendered":"<p>Akdeniz Belediye Ba\u015fkan\u0131 M. Mustafa G\u00fcltak, Roman vatanda\u015flar\u0131n yo\u011funlukta ya\u015fad\u0131\u011f\u0131 Turgut Reis Mahallesi\u2019nde bulunan Romanlar Park\u0131 i\u00e7inde yap\u0131m\u0131 devam eden \u2018\u00c7ok Ama\u00e7l\u0131 K\u00fclt\u00fcr Merkezi\u2019ni yerinde inceledi.<br \/>\nAkdeniz Belediyesi, Turgut Reis Mahallesine \u00e7ok ama\u00e7l\u0131 k\u00fclt\u00fcr ve sanat evi kazand\u0131r\u0131yor. Merkezin bitmesiyle Akdeniz 13\u2019\u00fcnc\u00fc K\u00fclt\u00fcr Evi\u2019ni kazanm\u0131\u015f olacak. Merkezin yap\u0131m \u00e7al\u0131\u015fmalar\u0131n\u0131 inceleyen Ba\u015fkan G\u00fcltak; \u201cBu k\u00fclt\u00fcr merkezimizin farkl\u0131 bir \u00f6zelli\u011fi var. \u00c7\u00fcnk\u00fc bu merkezi, daha \u00e7ok bu b\u00f6lgede ya\u015fayan Roman karde\u015flerimiz i\u00e7in hizmete a\u00e7\u0131yoruz. Yakla\u015f\u0131k 100 metrekarelik alan\u0131 d\u00fczenledik. Roman karde\u015flerimizin \u00e7e\u015fitli kurs ve mesleki e\u011fitimler alacaklar\u0131 s\u0131n\u0131flar ve salon olacak. Ayr\u0131ca \u00e7ocuklar\u0131m\u0131z i\u00e7in k\u00fc\u00e7\u00fck bir kre\u015f ve bir b\u00fcro da yer alacak\u201d dedi.<br \/>\n\u201cKad\u0131nlara pozitif ayr\u0131mc\u0131l\u0131k yap\u0131yoruz\u201d<br \/>\nBa\u015fkan G\u00fcltak, Akdenizli kad\u0131nlara pozitif ayr\u0131mc\u0131l\u0131k yapt\u0131klar\u0131n\u0131 belirtti\u011fi konu\u015fmas\u0131nda; \u201cBu anlamda \u00f6zellikle Roman kad\u0131nlar bu merkezi g\u00f6n\u00fcl rahatl\u0131\u011f\u0131yla kullanabilecek. \u00c7ocuklar\u0131yla e\u011flenceli vakit ge\u00e7irecek, hem e\u011fitim alacak hem de meslek sahibi olacaklar. Vatanda\u015flar\u0131m\u0131z, \u00e7ocuklar\u0131yla birlikte parka gelerek dinlenebilecek, yorgunluklar\u0131n\u0131 atabilecek. K\u0131sa s\u00fcre i\u00e7inde Roman karde\u015flerimiz i\u00e7in yapt\u0131\u011f\u0131m\u0131z k\u00fclt\u00fcr evini hizmete a\u00e7aca\u011f\u0131z. \u015eimdiden hay\u0131rl\u0131 olsun\u201d ifadelerini kulland\u0131.<br \/>\n13\u2019\u00fcnc\u00fc mahalle k\u00fclt\u00fcr evi\u2026<br \/>\nYakla\u015f\u0131k 100 metrekare alana sahip prefabrik yap\u0131n\u0131n i\u00e7inde 1 bekleme salonu, 1 \u00e7al\u0131\u015fma ofisi ile mutfak ve WC\u2019lerin yer ald\u0131\u011f\u0131n\u0131 kaydeden Ba\u015fkan G\u00fcltak; \u201c\u00c7ok ama\u00e7l\u0131 k\u00fclt\u00fcr merkezinin yap\u0131m\u0131 bittikten sonra Roman vatanda\u015flar\u0131m\u0131z ve derne\u011fimizin hizmetine sunaca\u011f\u0131z. Mutluyuz, gururluyuz. Zira Huzurkent&#8217;in ard\u0131ndan, Romanlar Park\u0131 i\u00e7inde yapaca\u011f\u0131m\u0131z bu merkezle birlikte Akdeniz il\u00e7emize kazand\u0131rd\u0131\u011f\u0131m\u0131z mahalle k\u00fclt\u00fcr evlerimizin say\u0131s\u0131 13\u2019e y\u00fckselmi\u015f olacak&#8221; diye konu\u015ftu.<br \/>\n\u201cRoman k\u00fclt\u00fcr\u00fc, \u00fclkemizin zenginli\u011fidir\u201d<br \/>\nBa\u015fkan Mustafa G\u00fcltak, Roman vatanda\u015flar\u0131n her zaman yan\u0131nda oldu\u011funu dile getirdi\u011fi konu\u015fmas\u0131nda \u015funlar\u0131 s\u00f6yledi: \u201cHer t\u00fcrl\u00fc zorlu\u011fa ra\u011fmen hayata hep pozitif bakan Roman vatanda\u015flar\u0131m\u0131z, renkli k\u00fclt\u00fcrleri, farkl\u0131 gelenek ve g\u00f6renekleri ve \u00f6zellikle de m\u00fczikteki yetenekleri ile \u00fclkemizin en b\u00fcy\u00fck zenginlik kaynaklar\u0131nda birisidir. Bu zenginli\u011fi en iyi ve en g\u00fczel \u015fekilde i\u015flemek, koruyup sahip \u00e7\u0131kmak da bizlerin g\u00f6revidir.\u201d<br \/>\n\u201cRoman kad\u0131nlar bu merkezde meslek \u00f6\u011frenecek\u201d<br \/>\nRaman vatanda\u015flar\u0131n merkez sayesinde meslek edindirme kurslar\u0131ndan faydalanaca\u011f\u0131n\u0131 kaydeden G\u00fcltak \u015f\u00f6yle konu\u015ftu; &#8220;\u00d6zellikle mahalleli kad\u0131nlar, k\u00fclt\u00fcr evimizde verilmesini istedi\u011fi farkl\u0131 alanlardaki mesleki kurs ve e\u011fitimlere kat\u0131labilecek, b\u00f6ylece alt\u0131n bilezik sahibi olabilecek. Verilmesini \u00f6zellikle istedi\u011finiz mesleki beceri kursu ve e\u011fitimler varsa bizlere iletmeniz yeterlidir.<br \/>\nHep s\u00f6yledi\u011fim \u00fczere, hayat\u0131n hemen her alan\u0131nda ihmal edilen Akdenizli kad\u0131nlara pozitif ayr\u0131mc\u0131l\u0131k uyguluyoruz. \u0130\u015fte bug\u00fcn burada hizmete a\u00e7aca\u011f\u0131m\u0131z k\u00fclt\u00fcr evimiz bunun bir g\u00f6stergesidir. \u00c7\u00fcnk\u00fc \u2018mutlu kad\u0131n, mutlu aile; mutlu toplum, mutlu ve g\u00fc\u00e7l\u00fc devlet&#8217; demektir. Kad\u0131nlara inan\u0131yor ve g\u00fcveniyorum. Onlar, se\u00e7im zaman\u0131 geldi\u011finde kendilerine, e\u015f ve \u00e7ocuklar\u0131na farkl\u0131 imk\u00e2nlar\u0131n sunulabilece\u011fini g\u00f6rd\u00fc. Bu f\u0131rsat\u0131 ka\u00e7\u0131racaklar\u0131n\u0131 d\u00fc\u015f\u00fcnm\u00fcyorum\u201d \u015feklinde konu\u015ftu.<\/p>\n","protected":false},"excerpt":{"rendered":"<p>Akdeniz Belediye Ba\u015fkan\u0131 M. Mustafa G\u00fcltak, Roman vatanda\u015flar\u0131n yo\u011funlukta ya\u015fad\u0131\u011f\u0131 Turgut Reis Mahallesi\u2019nde bulunan Romanlar Park\u0131 i\u00e7inde yap\u0131m\u0131 devam eden \u2018\u00c7ok Ama\u00e7l\u0131 K\u00fclt\u00fcr Merkezi\u2019ni yerinde inceledi. Akdeniz Belediyesi, Turgut Reis &hellip; <a href=\"https:\/\/akdenizolaygazetesi.com\/?p=22818\" class=\"more-link\">Devam\u0131n\u0131 Oku&#8230;<\/a><\/p>\n","protected":false},"author":2,"featured_media":22819,"comment_status":"open","ping_status":"open","sticky":false,"template":"","format":"standard","meta":[],"categories":[2,3,5],"tags":[],"_links":{"self":[{"href":"https:\/\/akdenizolaygazetesi.com\/index.php?rest_route=\/wp\/v2\/posts\/22818"}],"collection":[{"href":"https:\/\/akdenizolaygazetesi.com\/index.php?rest_route=\/wp\/v2\/posts"}],"about":[{"href":"https:\/\/akdenizolaygazetesi.com\/index.php?rest_route=\/wp\/v2\/types\/post"}],"author":[{"embeddable":true,"href":"https:\/\/akdenizolaygazetesi.com\/index.php?rest_route=\/wp\/v2\/users\/2"}],"replies":[{"embeddable":true,"href":"https:\/\/akdenizolaygazetesi.com\/index.php?rest_route=%2Fwp%2Fv2%2Fcomments&post=22818"}],"version-history":[{"count":1,"href":"https:\/\/akdenizolaygazetesi.com\/index.php?rest_route=\/wp\/v2\/posts\/22818\/revisions"}],"predecessor-version":[{"id":22820,"href":"https:\/\/akdenizolaygazetesi.com\/index.php?rest_route=\/wp\/v2\/posts\/22818\/revisions\/22820"}],"wp:featuredmedia":[{"embeddable":true,"href":"https:\/\/akdenizolaygazetesi.com\/index.php?rest_route=\/wp\/v2\/media\/22819"}],"wp:attachment":[{"href":"https:\/\/akdenizolaygazetesi.com\/index.php?rest_route=%2Fwp%2Fv2%2Fmedia&parent=22818"}],"wp:term":[{"taxonomy":"category","embeddable":true,"href":"https:\/\/akdenizolaygazetesi.com\/index.php?rest_route=%2Fwp%2Fv2%2Fcategories&post=22818"},{"taxonomy":"post_tag","embeddable":true,"href":"https:\/\/akdenizolaygazetesi.com\/index.php?rest_route=%2Fwp%2Fv2%2Ftags&post=22818"}],"curies":[{"name":"wp","href":"https:\/\/api.w.org\/{rel}","templated":true}]}}