{"id":22824,"date":"2022-12-10T20:09:31","date_gmt":"2022-12-10T17:09:31","guid":{"rendered":"http:\/\/akdenizolaygazetesi.com\/?p=22824"},"modified":"2022-12-10T20:09:31","modified_gmt":"2022-12-10T17:09:31","slug":"baskan-gultak-baris-mahallesi-toki-proje-sahasini-ziyaret-etti","status":"publish","type":"post","link":"https:\/\/akdenizolaygazetesi.com\/?p=22824","title":{"rendered":"Ba\u015fkan G\u00fcltak, Bar\u0131\u015f Mahallesi TOK\u0130 Proje Sahas\u0131n\u0131 Ziyaret Etti"},"content":{"rendered":"<p>Yerinde kentsel d\u00f6n\u00fc\u015f\u00fcm projesinin aral\u0131ks\u0131z s\u00fcrd\u00fc\u011f\u00fc Bar\u0131\u015f Mahallesi\u2019nde \u00e7al\u0131\u015fmalar\u0131 yerinde inceleyip yetkililerden bilgi alan Akdeniz Belediye Ba\u015fkan\u0131 M. Mustafa G\u00fcltak, her y\u00f6n\u00fcyle modern ve g\u00fcvenli konutlar\u0131n 2023 y\u0131l\u0131 sonuna do\u011fru hak sahiplerine teslim edilmesinin hedeflendi\u011fini a\u00e7\u0131klad\u0131.<br \/>\nProje alan\u0131ndaki \u00e7al\u0131\u015fmalar\u0131n aral\u0131ks\u0131z ve sorunsuz \u015fekilde y\u00fcr\u00fcd\u00fc\u011f\u00fcn\u00fc belirten Ba\u015fkan G\u00fcltak, projenin hedeflenen zamandan \u00f6nce bitmesi i\u00e7in y\u00fcklenici firma yetkilileri ile g\u00f6r\u00fc\u015ft\u00fc\u011f\u00fcn\u00fc s\u00f6yledi. Ba\u015fkan G\u00fcltak, \u201c\u015eehrin ortas\u0131nda, Mersin\u2019in g\u00f6be\u011findeyiz. En az 100 y\u0131ll\u0131k bir mahalleden bahsediyoruz. Bug\u00fcne dek kimsenin el atmad\u0131\u011f\u0131, kentsel d\u00f6n\u00fc\u015f\u00fcm ba\u015flatmad\u0131\u011f\u0131 bir yerde in\u015fallah 2023 y\u0131l\u0131nda, en k\u00f6t\u00fc ihtimalle Eyl\u00fcl-Ekim aylar\u0131 i\u00e7erisinde, hak sahiplerine teslim edece\u011fiz\u201d dedi.<br \/>\n\u201c\u00c7ok g\u00fczel bir proje\u201d<br \/>\nMahallede s\u00fcren \u00e7al\u0131\u015fmalar\u0131 s\u0131k s\u0131k takip etti\u011fini ifade eden ve anla\u015fma sa\u011flanan hak sahiplerine kira yard\u0131m\u0131n\u0131n s\u00fcrd\u00fc\u011f\u00fcn\u00fc kaydeden Ba\u015fkan G\u00fcltak;  \u201cModern konutlar\u0131 ile camisi, k\u00fclt\u00fcr evleri, kre\u015fi ve sosyal donat\u0131 alanlar\u0131yla ger\u00e7ekten Mersin\u2019in g\u00f6be\u011finde \u00e7ok g\u00fczel bir proje bitecek. Ba\u015fta Cumhurba\u015fkan\u0131m\u0131z Say\u0131n Recep Tayyip Erdo\u011fan olmak \u00fczere,  \u00c7evre ve \u015eehircilik Bakan\u0131m\u0131z Say\u0131n Murat Kurum\u2019a, bizlere verdi\u011fi desteklerden dolay\u0131 te\u015fekk\u00fcr ediyorum\u201d diye konu\u015ftu.<br \/>\n\u201cYeni d\u00f6nemde 4-5 mahallemizde birden d\u00f6n\u00fc\u015f\u00fcm hedefliyoruz\u201d<br \/>\nBa\u015fkan G\u00fcltak, \u00c7ay Mahallesi yerinde kentsel d\u00f6n\u00fc\u015f\u00fcm projesinin ilk etab\u0131n\u0131n tamamland\u0131\u011f\u0131n\u0131 kaydederek, ge\u00e7en haftalarda yap\u0131lan kura \u00e7ekili\u015fine kat\u0131lan hak sahiplerinin birka\u00e7 ay i\u00e7inde yeni evlerine ta\u015f\u0131nacaklar\u0131n\u0131 ifade etti. \u201cAsl\u0131nda biz bir de\u011fil, birka\u00e7 projeden bahsediyoruz\u201d diyen Ba\u015fkan G\u00fcltak, \u201cBu projelerden birini bitirdik. Bar\u0131\u015f Mahallesi kentsel d\u00f6n\u00fc\u015f\u00fcm projesi de bizi d\u00f6nemimizde tamamlanacak. \u0130n\u015fallah 2024 y\u0131l\u0131ndan sonra da Akdeniz\u2019de 4-5 mahallemizde birden ba\u015flayacak planlar\u0131m\u0131z haz\u0131r. Kentsel d\u00f6n\u00fc\u015f\u00fcm\u00fc bu mahallelerimizde de hayata ge\u00e7irece\u011fiz\u201d ifadelerini kulland\u0131.<\/p>\n<p>Bar\u0131\u015f Mahallesi Kentsel D\u00f6n\u00fc\u015f\u00fcm Projesi Hakk\u0131nda\u2026<br \/>\nGe\u00e7en y\u0131l Eyl\u00fcl ay\u0131nda y\u0131k\u0131m\u0131n ba\u015flad\u0131\u011f\u0131 Bar\u0131\u015f Mahallesi\u2019nde; toplamda 3,75 hektarl\u0131k alan \u00fczerinde 261 adet 2+1 oturumlu; 154 adet 3+1 oturumlu dair olmak \u00fczere toplamda 415 konut in\u015fa edilecek.<br \/>\nProje alan\u0131nda ayr\u0131ca 294 metrekare alana sahip bir k\u00fclt\u00fcr merkezi, 760 metrekare kre\u015f alan\u0131, 800 metrekare cami, 45 adet konut alt\u0131 d\u00fckk\u00e2n ve i\u015fyeri, 5 adet ticari \u00fcnite, \u00e7ocuk park\u0131, ye\u015fil alanlar ve otopark yer alacak.<br \/>\nBug\u00fcn itibariyle b\u00f6lgede hak sahibi vatanda\u015flar\u0131n y\u00fczde 94\u2019\u00fc ile anla\u015fma sa\u011flan\u0131rken, y\u00fczde 84,5\u2019inin de tapu devir i\u015flemleri ger\u00e7ekle\u015fti. Tapu devri ger\u00e7eklesen 314 hak sahibi vatanda\u015fa kira deste\u011fi, yeni y\u0131lda da devam edecek.<\/p>\n","protected":false},"excerpt":{"rendered":"<p>Yerinde kentsel d\u00f6n\u00fc\u015f\u00fcm projesinin aral\u0131ks\u0131z s\u00fcrd\u00fc\u011f\u00fc Bar\u0131\u015f Mahallesi\u2019nde \u00e7al\u0131\u015fmalar\u0131 yerinde inceleyip yetkililerden bilgi alan Akdeniz Belediye Ba\u015fkan\u0131 M. Mustafa G\u00fcltak, her y\u00f6n\u00fcyle modern ve g\u00fcvenli konutlar\u0131n 2023 y\u0131l\u0131 sonuna do\u011fru &hellip; <a href=\"https:\/\/akdenizolaygazetesi.com\/?p=22824\" class=\"more-link\">Devam\u0131n\u0131 Oku&#8230;<\/a><\/p>\n","protected":false},"author":2,"featured_media":22825,"comment_status":"open","ping_status":"open","sticky":false,"template":"","format":"standard","meta":[],"categories":[34,1,2,3],"tags":[],"_links":{"self":[{"href":"https:\/\/akdenizolaygazetesi.com\/index.php?rest_route=\/wp\/v2\/posts\/22824"}],"collection":[{"href":"https:\/\/akdenizolaygazetesi.com\/index.php?rest_route=\/wp\/v2\/posts"}],"about":[{"href":"https:\/\/akdenizolaygazetesi.com\/index.php?rest_route=\/wp\/v2\/types\/post"}],"author":[{"embeddable":true,"href":"https:\/\/akdenizolaygazetesi.com\/index.php?rest_route=\/wp\/v2\/users\/2"}],"replies":[{"embeddable":true,"href":"https:\/\/akdenizolaygazetesi.com\/index.php?rest_route=%2Fwp%2Fv2%2Fcomments&post=22824"}],"version-history":[{"count":1,"href":"https:\/\/akdenizolaygazetesi.com\/index.php?rest_route=\/wp\/v2\/posts\/22824\/revisions"}],"predecessor-version":[{"id":22826,"href":"https:\/\/akdenizolaygazetesi.com\/index.php?rest_route=\/wp\/v2\/posts\/22824\/revisions\/22826"}],"wp:featuredmedia":[{"embeddable":true,"href":"https:\/\/akdenizolaygazetesi.com\/index.php?rest_route=\/wp\/v2\/media\/22825"}],"wp:attachment":[{"href":"https:\/\/akdenizolaygazetesi.com\/index.php?rest_route=%2Fwp%2Fv2%2Fmedia&parent=22824"}],"wp:term":[{"taxonomy":"category","embeddable":true,"href":"https:\/\/akdenizolaygazetesi.com\/index.php?rest_route=%2Fwp%2Fv2%2Fcategories&post=22824"},{"taxonomy":"post_tag","embeddable":true,"href":"https:\/\/akdenizolaygazetesi.com\/index.php?rest_route=%2Fwp%2Fv2%2Ftags&post=22824"}],"curies":[{"name":"wp","href":"https:\/\/api.w.org\/{rel}","templated":true}]}}