{"id":22827,"date":"2022-12-11T10:23:43","date_gmt":"2022-12-11T07:23:43","guid":{"rendered":"http:\/\/akdenizolaygazetesi.com\/?p=22827"},"modified":"2022-12-11T10:23:43","modified_gmt":"2022-12-11T07:23:43","slug":"mersin-birlik-ve-beraberligi-ile-turkiyeye-ornek-bir-kent","status":"publish","type":"post","link":"https:\/\/akdenizolaygazetesi.com\/?p=22827","title":{"rendered":"&#8220;MERS\u0130N, B\u0130RL\u0130K VE BERABERL\u0130\u011e\u0130 \u0130LE T\u00dcRK\u0130YE&#8217;YE \u00d6RNEK B\u0130R KENT&#8221;"},"content":{"rendered":"<p>Mersin&#8217;e en iyi hizmetleri sunmak i\u00e7in yo\u011fun mesai y\u00fcr\u00fcten Mersin B\u00fcy\u00fck\u015fehir Belediye Ba\u015fkan\u0131 Vahap Se\u00e7er, bir yandan da esnaf ve vatanda\u015flarla bulu\u015fup sorun ve taleplerini dinlemeye devam ediyor. Vatanda\u015flarla bir araya gelmekten b\u00fcy\u00fck mutluluk duydu\u011funu her f\u0131rsatta dile getiren Ba\u015fkan Se\u00e7er, Yeni\u015fehir Belediye Ba\u015fkan\u0131 Abdullah \u00d6zyi\u011fit ile birlikte Yeni\u015fehir Akkent Mahallesi Semt Pazar\u0131 ve Bah\u00e7elievler Mahallesi 16. Cadde&#8217;deki esnaf\u0131 ziyaret ederek, &#8220;Hay\u0131rl\u0131 \u0130\u015fler&#8221; diledi.<\/p>\n<p>Kente de\u011fer katan kaliteli hizmet ve sosyal projelerle Mersinlilerin g\u00f6nl\u00fcnde yer edinen Ba\u015fkan Se\u00e7er, bu saha ziyaretinde de esnaf ve vatanda\u015flardan yo\u011fun ilgi g\u00f6rd\u00fc ve hay\u0131r dualar\u0131n\u0131 ald\u0131. Ba\u015fkan Se\u00e7er ayr\u0131ca, Akkent Mahallesi Semt Pazar\u0131&#8217;nda pazar esnaf\u0131ndan al\u0131\u015fveri\u015f yapt\u0131. Se\u00e7er, esnaftan ve vatanda\u015flardan gelen talepleri de b\u00fcrokratlar\u0131na tek tek not ald\u0131rd\u0131. Sorunlara dair \u00e7\u00f6z\u00fcm \u00f6nerilerini payla\u015ft\u0131.<\/p>\n<p>Mersin B\u00fcy\u00fck\u015fehir Belediye Ba\u015fkan\u0131 Vahap Se\u00e7er&#8217;e esnaf ziyaretleri esnas\u0131nda; Yeni\u015fehir Belediye Ba\u015fkan\u0131 Abdullah \u00d6zyi\u011fit, CHP Yeni\u015fehir \u0130l\u00e7e Ba\u015fkan\u0131 Tayar Tahiro\u011flu, Meclis \u00fcyeleri ve B\u00fcy\u00fck\u015fehir Belediyesi b\u00fcrokratlar\u0131 da e\u015flik etti.<\/p>\n<p>&#8220;Gelecek g\u00fcnlerimiz, \u00e7ok daha g\u00fczel olacak. Buna can\u0131 g\u00f6n\u00fclden inan\u0131yorum&#8221;<\/p>\n<p>Ba\u015fkan Se\u00e7er esnaf ziyareti \u00f6ncesinde \u00f6zel bir i\u015f yerinin de a\u00e7\u0131l\u0131\u015f\u0131na kat\u0131ld\u0131. A\u00e7\u0131l\u0131\u015f\u0131n\u0131 yapt\u0131\u011f\u0131 i\u015f yerinin sahiplerine &#8220;Hay\u0131rl\u0131 olsun&#8221; dile\u011finde bulunarak konu\u015fmas\u0131na ba\u015flayan Ba\u015fkan Se\u00e7er, &#8220;\u0130n\u015fallah, aya\u011f\u0131m\u0131z u\u011furlu gelir ve bereketli bir d\u00fckkan\u0131n a\u00e7\u0131l\u0131\u015f\u0131na hepimiz vesile oluruz&#8221; dedi.  Mersin&#8217;in \u00e7al\u0131\u015fkan insanlar\u0131n kenti oldu\u011fu ifadesini kullanan Ba\u015fkan Se\u00e7er, bir\u00e7ok insan\u0131n farkl\u0131 gerek\u00e7elerle bu kente gelerek ya\u015fam\u0131n\u0131 idame ettirdi\u011fini an\u0131msatt\u0131. &#8220;Mersin, f\u0131rsatlar kenti&#8221; vurgusunu da yapan Ba\u015fkan Se\u00e7er, \u015f\u00f6yle devam etti:<\/p>\n<p>&#8220;Mersin T\u00fcrkiye&#8217;nin \u00f6zeti. D\u00fcnya \u00f6l\u00e7e\u011finde Amerika nas\u0131l f\u0131rsatlar \u00fclkesi ise Mersin de \u0130stanbul&#8217;dan da \u00f6nce \u015fu anda f\u0131rsatlar kentidir. Farkl\u0131 renkler olsun, renk c\u00fcmb\u00fc\u015f\u00fc olsun; \u00e7ok daha g\u00fczel oluruz. Farkl\u0131l\u0131ktan kimse korkmas\u0131n, kimse savunmaya ge\u00e7mesin, gard\u0131n\u0131 almas\u0131n. Rahat olsun insanlar. B\u0131rakal\u0131m insanlar \u00f6zg\u00fcrce ve kendi ya\u015fam bi\u00e7imlerinde ya\u015fas\u0131n, dilini kullans\u0131n. Hi\u00e7bir sorun yok. Hangi inan\u00e7taysa rit\u00fcellerine sayg\u0131 duyal\u0131m, \u00fcrkmeyelim bu insanlardan, \u00fcrk\u00fctmeyelim de. Bu kent \u00e7ok \u00f6nemli ve \u00e7ok hassas bir kent. Bu kent farkl\u0131l\u0131klar\u0131n kenti ama birlik ve beraberlik kenti. Mersin deyip ge\u00e7meyin. Mersin&#8217;de ya\u015fay\u0131p ge\u00e7meyin. Mersin&#8217;i \u00f6nemsememezlik yapmay\u0131n. \u00d6zellikle Ankara siyaset\u00e7ileri, Mersin \u00fczerinde de\u011ferlendirme yaparken 5 d\u00fc\u015f\u00fcn\u00fcp 1 konu\u015fun. Mersin \u00fczerinde de\u011ferlendirme yaparken, program yaparken 5 d\u00fc\u015f\u00fcn\u00fcp 1 yap\u0131n. Mersin her \u015feyin en iyisine lay\u0131k, T\u00fcrkiye&#8217;ye \u00f6rnek bir kent. Birli\u011fi, beraberli\u011fi, \u00e7e\u015fitlili\u011fi, karde\u015fli\u011fi ve insanlar\u0131n g\u00fczelli\u011fiyle Mersin sembol bir kenttir. \u0130n\u015fallah, gelecek g\u00fcnlerimiz bug\u00fcnlerden \u00e7ok daha g\u00fczel olacak. Ben Belediye Ba\u015fkan\u0131n\u0131z olarak buna can\u0131 g\u00f6n\u00fclden inan\u0131yorum. Hepinizi \u00e7ok seviyorum. B\u00fct\u00fcn renkleri, b\u00fct\u00fcn insanlar\u0131m\u0131z\u0131 kucakl\u0131yorum. Mersin&#8217;de rahat olun; bizim anlay\u0131\u015f\u0131m\u0131zda y\u00f6neticiler oldu\u011fu s\u00fcrede Mersin&#8217;de karde\u015flik hakim olacakt\u0131r.&#8221;<\/p>\n","protected":false},"excerpt":{"rendered":"<p>Mersin&#8217;e en iyi hizmetleri sunmak i\u00e7in yo\u011fun mesai y\u00fcr\u00fcten Mersin B\u00fcy\u00fck\u015fehir Belediye Ba\u015fkan\u0131 Vahap Se\u00e7er, bir yandan da esnaf ve vatanda\u015flarla bulu\u015fup sorun ve taleplerini dinlemeye devam ediyor. Vatanda\u015flarla bir &hellip; <a href=\"https:\/\/akdenizolaygazetesi.com\/?p=22827\" class=\"more-link\">Devam\u0131n\u0131 Oku&#8230;<\/a><\/p>\n","protected":false},"author":2,"featured_media":22828,"comment_status":"open","ping_status":"open","sticky":false,"template":"","format":"standard","meta":[],"categories":[2,3,5],"tags":[],"_links":{"self":[{"href":"https:\/\/akdenizolaygazetesi.com\/index.php?rest_route=\/wp\/v2\/posts\/22827"}],"collection":[{"href":"https:\/\/akdenizolaygazetesi.com\/index.php?rest_route=\/wp\/v2\/posts"}],"about":[{"href":"https:\/\/akdenizolaygazetesi.com\/index.php?rest_route=\/wp\/v2\/types\/post"}],"author":[{"embeddable":true,"href":"https:\/\/akdenizolaygazetesi.com\/index.php?rest_route=\/wp\/v2\/users\/2"}],"replies":[{"embeddable":true,"href":"https:\/\/akdenizolaygazetesi.com\/index.php?rest_route=%2Fwp%2Fv2%2Fcomments&post=22827"}],"version-history":[{"count":1,"href":"https:\/\/akdenizolaygazetesi.com\/index.php?rest_route=\/wp\/v2\/posts\/22827\/revisions"}],"predecessor-version":[{"id":22829,"href":"https:\/\/akdenizolaygazetesi.com\/index.php?rest_route=\/wp\/v2\/posts\/22827\/revisions\/22829"}],"wp:featuredmedia":[{"embeddable":true,"href":"https:\/\/akdenizolaygazetesi.com\/index.php?rest_route=\/wp\/v2\/media\/22828"}],"wp:attachment":[{"href":"https:\/\/akdenizolaygazetesi.com\/index.php?rest_route=%2Fwp%2Fv2%2Fmedia&parent=22827"}],"wp:term":[{"taxonomy":"category","embeddable":true,"href":"https:\/\/akdenizolaygazetesi.com\/index.php?rest_route=%2Fwp%2Fv2%2Fcategories&post=22827"},{"taxonomy":"post_tag","embeddable":true,"href":"https:\/\/akdenizolaygazetesi.com\/index.php?rest_route=%2Fwp%2Fv2%2Ftags&post=22827"}],"curies":[{"name":"wp","href":"https:\/\/api.w.org\/{rel}","templated":true}]}}