{"id":22830,"date":"2022-12-11T10:26:05","date_gmt":"2022-12-11T07:26:05","guid":{"rendered":"http:\/\/akdenizolaygazetesi.com\/?p=22830"},"modified":"2022-12-11T10:26:05","modified_gmt":"2022-12-11T07:26:05","slug":"projeyi-biz-yaptigimiz-icin-birileri-engellemek-istiyor","status":"publish","type":"post","link":"https:\/\/akdenizolaygazetesi.com\/?p=22830","title":{"rendered":"\u201cPROJEY\u0130 B\u0130Z YAPTI\u011eIMIZ \u0130\u00c7\u0130N, B\u0130R\u0130LER\u0130 ENGELLEMEK \u0130ST\u0130YOR!\u201d"},"content":{"rendered":"<p>Ba\u015fkan G\u00fcltak, \u2018\u00c7aml\u0131bel Su Sporlar\u0131 Merkezi\u2019 ile ilgili kent kamuoyunda yarat\u0131lmak istenen bilgi kirlili\u011fine ve \u00e7e\u015fitli iddialara kar\u015f\u0131 yapt\u0131\u011f\u0131 a\u00e7\u0131klamada; \u201c\u00c7aml\u0131bel\u2019e oteller, y\u00fcksek binalar, AVM\u2019ler veya marina yap\u0131laca\u011f\u0131 iddialar\u0131 do\u011fru de\u011fildir. Mersin\u2019in bir marka de\u011feri olu\u015facakken birileri \u2018Biz yap\u0131yoruz\u2019 diye; \u2018Cumhur \u0130ttifak\u0131\u2019n\u0131n aday\u0131 yap\u0131yor\u2019 diye projeyi engellemeye \u00e7al\u0131\u015f\u0131yor\u201d dedi.<br \/>\n\u00c7aml\u0131bel esnaf\u0131 ve sakinleri ile bir araya gelen Akdeniz Belediye Ba\u015fkan\u0131 M. Mustafa G\u00fcltak, b\u00f6lge esnaf\u0131 ve vatanda\u015flarla yap\u0131lan g\u00f6r\u00fc\u015fmeler sonucunda proje haz\u0131rland\u0131\u011f\u0131n\u0131 belirterek; \u201cSay\u0131n L\u00fctfi Elvan ile Ula\u015ft\u0131rma ve Altyap\u0131 Bakan\u0131m\u0131z Say\u0131n Adil Karaismailo\u011flu ile birlikte projeyi vatanda\u015flar\u0131m\u0131za anlatt\u0131k. Fakat Mersin Kent Konseyi ad\u0131 alt\u0131nda birileri ve baz\u0131 gazetecilerin bilgi kirlili\u011fi yaratt\u0131\u011f\u0131n\u0131 duyuyor ve g\u00f6r\u00fcyorum.<br \/>\nBunca sahili olan Mersin\u2019de Su Sporlar\u0131 Merkezi maalesef yok ve biz bunu yapmak istiyoruz. Yakla\u015f\u0131k 13 bin metrekare kapal\u0131 alan olacak. Bu alanlar\u0131n \u00e7o\u011fu da su sporlar\u0131 merkezi olacak. Yerli ve yabanc\u0131 sporcular gelecek, Avrupa Yelken \u015eampiyonas\u0131\u2019n\u0131n baz\u0131 ayaklar\u0131 ger\u00e7ekle\u015fecek. Dolay\u0131s\u0131yla birilerinin s\u00f6yledi\u011fi gibi buraya otel veya y\u00fcksek binalar yap\u0131laca\u011f\u0131 do\u011fru de\u011fil\u201d \u015feklinde konu\u015ftu.<br \/>\n\u201cAnayasas\u0131 haz\u0131rland\u0131, imar\u0131 bitti ama kavga s\u00fcr\u00fcyor\u201d<br \/>\nBa\u015fkan G\u00fcltak, Mersin Kent Konseyi\u2019nde \u00c7aml\u0131bel esnaf\u0131 ve sakinlerine aktar\u0131lan bilgilerin yanl\u0131\u015f oldu\u011funu belirterek \u015f\u00f6yle konu\u015ftu; \u201cBuran\u0131n imar \u00e7al\u0131\u015fmalar\u0131n\u0131 yaparken \u015eehir Planc\u0131lar\u0131 Odas\u0131 Ba\u015fkan\u0131m\u0131z, Mimarlar Odas\u0131 Ba\u015fkan\u0131m\u0131z ve STK\u2019larla g\u00f6r\u00fc\u015ft\u00fck. \u0130mar \u00e7al\u0131\u015fmalar\u0131n\u0131 B\u00fcy\u00fck\u015fehir Belediye Ba\u015fkan\u0131 Say\u0131n Vahap Se\u00e7er\u2019e g\u00f6stermemize ra\u011fmen bug\u00fcn kavga s\u00fcr\u00fcyor. Buran\u0131n yo\u011funlu\u011fu 0,2\u2019dir, yap\u0131lacak binalar\u0131n maksimum y\u00fcksekli\u011fi 7 bu\u00e7uk metredir.<br \/>\nYap\u0131lacak kapal\u0131 alan\u0131n da 13 bin metrekareyi ge\u00e7me \u015fans\u0131 yoktur. Anayasas\u0131 haz\u0131rland\u0131, imar\u0131 bitti, fizibilite \u00e7al\u0131\u015fmalar\u0131 tamamland\u0131 ve Bakan\u0131m\u0131z Karaismailo\u011flu\u2019nun imzas\u0131yla Strateji Daire Ba\u015fkanl\u0131\u011f\u0131\u2019na, Cumhurba\u015fkanl\u0131\u011f\u0131\u2019na g\u00f6nderildi. Oradan \u00c7aml\u0131bel Su Sporlar\u0131 Merkezi Bar\u0131naklar\u0131n\u0131n \u2018Yap-\u0130\u015flet-Devret Modeli\u2019 ile ihaleye \u00e7\u0131kmas\u0131 i\u00e7in izin isteniyor. Fizibilite raporlar\u0131na bak\u0131lacak. Yak\u0131n tarihte Cumhurba\u015fkanl\u0131\u011f\u0131\u2019n\u0131n onay\u0131 ile Bakanl\u0131\u011f\u0131m\u0131z a\u00e7\u0131k ihale yapacak. \u0130hale a\u015famas\u0131nda da proje ortaya \u00e7\u0131km\u0131\u015f olacak.\u201d<br \/>\n\u201cOteller, y\u00fcksek binalar veya AVM yap\u0131laca\u011f\u0131 iddialar\u0131 do\u011fru de\u011fildir\u201d<br \/>\nMersin kamuoyunda bilgi kirlili\u011fi yarat\u0131ld\u0131\u011f\u0131n\u0131 ifade eden Ba\u015fkan G\u00fcltak; \u201c\u00d6yle \u015feyler anlat\u0131l\u0131yor ki sanki buraya oteller, y\u00fcksek binalar, AVM\u2019ler, marinalar yap\u0131l\u0131yor\u2026 Bunlar\u0131n hi\u00e7biri do\u011fru de\u011fildir. Yap\u0131lacak tek \u015fey 13 bin metrekarelik kapal\u0131 alan ve bu alanlar\u0131n da 7 bu\u00e7uk metre y\u00fckseklikte olaca\u011f\u0131d\u0131r. \u0130halenin ard\u0131ndan ba\u015fta \u00c7aml\u0131bel sakinleri olmak \u00fczere t\u00fcm Mersinliler ile projeyi payla\u015faca\u011f\u0131mdan kimsenin \u015f\u00fcphesi olmas\u0131n\u201d ifadelerini kulland\u0131. <\/p>\n<p>\u201cProjeyi biz yap\u0131yoruz diye, birileri engellemek istiyor\u201d<br \/>\nBa\u015fkan G\u00fcltak, Mersin B\u00fcy\u00fck\u015fehir Belediyesi ve Atat\u00fcrk\u00e7\u00fc D\u00fc\u015f\u00fcnce Derne\u011fi taraf\u0131ndan projeye kar\u015f\u0131 \u2018y\u00fcr\u00fctmeyi durdurma davas\u0131\u2019 a\u00e7\u0131ld\u0131\u011f\u0131n\u0131 da kaydederek; \u201c\u00c7aml\u0131bel esnaf\u0131 ve vatanda\u015flar\u0131m\u0131z\u0131n kabul etti\u011fi bir projeye neden y\u00fcr\u00fctmeyi durdurma davas\u0131 a\u00e7arlar, anlam\u0131\u015f de\u011filim. Su sporlar\u0131 ve Avrupa \u015fampiyonalar\u0131n\u0131n baz\u0131 ayaklar\u0131 burada oynanacak. Hem \u00c7aml\u0131bel hem Mersin hem de T\u00fcrkiye\u2019nin bir marka de\u011feri olu\u015facakken birileri \u2018biz yap\u0131yoruz\u2019 diye, \u2018Cumhur \u0130ttifak\u0131\u2019n\u0131n aday\u0131 yap\u0131yor\u2019 diye engellemeye \u00e7al\u0131\u015f\u0131yor\u201d dedi.<br \/>\n\u201cMersin i\u00e7in bir vizyon projesidir\u201d<br \/>\nHer t\u00fcrl\u00fc engelleme giri\u015fimine ra\u011fmen projenin hayata ge\u00e7ece\u011finden emin oldu\u011funu dile getiren Ba\u015fkan G\u00fcltak, s\u00f6zlerini \u015f\u00f6yle bitirdi; \u201cB\u00f6yle sahillere sahip Mersin\u2019de bug\u00fcne kadar herhangi bir belediye ba\u015fkan\u0131n\u0131n tesis ve \u00e7al\u0131\u015fma yapmamas\u0131 vizyonsuzluktur. Mersin sahiline g\u00fczel bir tesis kazand\u0131rmay\u0131 hedefliyoruz. Kent Konseyi\u2019nde konu\u015fulan ve baz\u0131 gazetecilerin k\u00f6\u015fe yaz\u0131lar\u0131nda yazd\u0131klar\u0131 bilgiler do\u011fru de\u011fildir. Herkes rahat etsin, Mersin\u2019e vizyon sahibi olan bu projeyi kazand\u0131rm\u0131\u015f olaca\u011f\u0131z.\u201d<br \/>\n\u201c\u00c7aml\u0131bel ilgi g\u00f6ren bir alan olacak\u201d<br \/>\nK\u00fclt\u00fcr Mahallesi Muhtar\u0131 Ali Karadeniz de b\u00f6lge esnaf\u0131 ve sakinlerinin projenin ger\u00e7ekle\u015fmesini istedi\u011fini belirterek; \u201cEsnaf\u0131m\u0131z sadece kazan\u00e7lar\u0131na mani olacak bir proje istemiyor. Mahallem ve Mersin ad\u0131na g\u00fczel bir proje olaca\u011f\u0131n\u0131 d\u00fc\u015f\u00fcn\u00fcyorum. \u00c7aml\u0131bel g\u00fczel ve ilgi g\u00f6ren bir yer olacak. Kent Konseyi\u2019nde bize anlat\u0131lan, AVM\u2019ler ve otel yap\u0131laca\u011f\u0131yd\u0131. Ancak Ba\u015fkan\u0131m\u0131z Say\u0131n G\u00fcltak, bunlar\u0131n do\u011fu olmad\u0131\u011f\u0131n\u0131 s\u00f6yledi; 7 bu\u00e7uk metre y\u00fcksekli\u011fi ge\u00e7meyecek kafe ve i\u015fyerlerinin olaca\u011f\u0131n\u0131 anlatt\u0131. Biz de bunu istiyoruz\u201d dedi.<br \/>\n\u201c\u00c7aml\u0131bel\u2019in yeniden canlanmas\u0131n\u0131 istiyoruz\u201d<br \/>\nMahalle sakinlerinden Fevzi Karaca ise 30 y\u0131ld\u0131r \u00c7aml\u0131bel\u2019de ya\u015fad\u0131\u011f\u0131n\u0131 belirterek, \u201c\u00c7aml\u0131bel Mersin\u2019in en nezih semtlerinden biriydi. Fakat AVM\u2019ler a\u00e7\u0131ld\u0131ktan sonra d\u00fc\u015f\u00fc\u015f ya\u015fad\u0131, i\u015fyerleri kapand\u0131. Biz tekrar canlanmas\u0131n\u0131 istiyoruz. Projenin maket halini de g\u00f6rmek isteriz. Her t\u00fcrl\u00fc g\u00fczel projeye var\u0131z ve \u00c7aml\u0131belliler olarak destekleriz. Bu bizim hakk\u0131m\u0131z\u201d dedi.<br \/>\n\u201cProjeye ideolojik bir yakla\u015f\u0131m g\u00f6rd\u00fck\u201d<br \/>\n\u00c2dem Hakan Bilgi\u00e7 ise, 1972 y\u0131l\u0131ndan beri \u00c7aml\u0131bel\u2019de ya\u015fad\u0131\u011f\u0131n\u0131 ve esnafl\u0131k yapt\u0131\u011f\u0131n\u0131 ifade ederek; \u201cB\u00f6lgede Su Sporlar\u0131 Merkezi yap\u0131lmas\u0131n\u0131 hem mahalle sakini hem de esnaf olarak destekliyorum. Kent Konseyi\u2019nde bize g\u00f6sterilen projede baz\u0131 ideolojik \u015feyler g\u00f6rd\u00fck. Kent Konseyinde bize anlat\u0131lanlarla Ba\u015fkan\u0131m\u0131z G\u00fcltak\u2019\u0131n anlatt\u0131klar\u0131 aras\u0131nda b\u00fcy\u00fck farkl\u0131l\u0131klar var. Dernek olarak B\u00fcy\u00fck\u015fehir Belediye Ba\u015fkan\u0131\u2019ndan randevu istedik ancak alamad\u0131k\u201d dedi.<br \/>\n\u201cBilgi kirlili\u011fi vard\u0131\u201d<br \/>\nTekneler Kooperatifi Y\u00f6netim Kurulu \u00fcyesi \u0130lhan Faydaver de Mersin Kent Konseyi toplant\u0131s\u0131na kendisinin de kat\u0131ld\u0131\u011f\u0131n\u0131 belirterek \u015f\u00f6yle konu\u015ftu; \u201cOrada bilgi kirlili\u011fi vard\u0131. Herkes (projeyi) ba\u015fka \u015fekilde anlatmaya \u00e7al\u0131\u015ft\u0131. Bir e\u011fitimci olarak sorular sordum fakat verilen bilgiler kopuktu. Belli katlarda otel ve binalar\u0131n yap\u0131laca\u011f\u0131 s\u00f6ylendi. Burada yer alan teknelerle ilgili net bilgi verilmemi\u015fti. \u00c7aml\u0131bel, Mersin\u2019in merkezinde bir yer fakat y\u0131llar i\u00e7erisinde gerilerde kald\u0131. Projenin buraya yap\u0131lmas\u0131yla birlikte buraya de\u011fer kataca\u011f\u0131na inan\u0131yorum.\u201d<\/p>\n","protected":false},"excerpt":{"rendered":"<p>Ba\u015fkan G\u00fcltak, \u2018\u00c7aml\u0131bel Su Sporlar\u0131 Merkezi\u2019 ile ilgili kent kamuoyunda yarat\u0131lmak istenen bilgi kirlili\u011fine ve \u00e7e\u015fitli iddialara kar\u015f\u0131 yapt\u0131\u011f\u0131 a\u00e7\u0131klamada; \u201c\u00c7aml\u0131bel\u2019e oteller, y\u00fcksek binalar, AVM\u2019ler veya marina yap\u0131laca\u011f\u0131 iddialar\u0131 do\u011fru &hellip; <a href=\"https:\/\/akdenizolaygazetesi.com\/?p=22830\" class=\"more-link\">Devam\u0131n\u0131 Oku&#8230;<\/a><\/p>\n","protected":false},"author":2,"featured_media":22831,"comment_status":"open","ping_status":"open","sticky":false,"template":"","format":"standard","meta":[],"categories":[8,2,3,5,10],"tags":[],"_links":{"self":[{"href":"https:\/\/akdenizolaygazetesi.com\/index.php?rest_route=\/wp\/v2\/posts\/22830"}],"collection":[{"href":"https:\/\/akdenizolaygazetesi.com\/index.php?rest_route=\/wp\/v2\/posts"}],"about":[{"href":"https:\/\/akdenizolaygazetesi.com\/index.php?rest_route=\/wp\/v2\/types\/post"}],"author":[{"embeddable":true,"href":"https:\/\/akdenizolaygazetesi.com\/index.php?rest_route=\/wp\/v2\/users\/2"}],"replies":[{"embeddable":true,"href":"https:\/\/akdenizolaygazetesi.com\/index.php?rest_route=%2Fwp%2Fv2%2Fcomments&post=22830"}],"version-history":[{"count":1,"href":"https:\/\/akdenizolaygazetesi.com\/index.php?rest_route=\/wp\/v2\/posts\/22830\/revisions"}],"predecessor-version":[{"id":22832,"href":"https:\/\/akdenizolaygazetesi.com\/index.php?rest_route=\/wp\/v2\/posts\/22830\/revisions\/22832"}],"wp:featuredmedia":[{"embeddable":true,"href":"https:\/\/akdenizolaygazetesi.com\/index.php?rest_route=\/wp\/v2\/media\/22831"}],"wp:attachment":[{"href":"https:\/\/akdenizolaygazetesi.com\/index.php?rest_route=%2Fwp%2Fv2%2Fmedia&parent=22830"}],"wp:term":[{"taxonomy":"category","embeddable":true,"href":"https:\/\/akdenizolaygazetesi.com\/index.php?rest_route=%2Fwp%2Fv2%2Fcategories&post=22830"},{"taxonomy":"post_tag","embeddable":true,"href":"https:\/\/akdenizolaygazetesi.com\/index.php?rest_route=%2Fwp%2Fv2%2Ftags&post=22830"}],"curies":[{"name":"wp","href":"https:\/\/api.w.org\/{rel}","templated":true}]}}