{"id":22833,"date":"2022-12-11T10:28:11","date_gmt":"2022-12-11T07:28:11","guid":{"rendered":"http:\/\/akdenizolaygazetesi.com\/?p=22833"},"modified":"2022-12-11T10:28:11","modified_gmt":"2022-12-11T07:28:11","slug":"buyuksehir-antika-tutkunlarini-bulusturdu","status":"publish","type":"post","link":"https:\/\/akdenizolaygazetesi.com\/?p=22833","title":{"rendered":"B\u00dcY\u00dcK\u015eEH\u0130R ANT\u0130KA TUTKUNLARINI BULU\u015eTURDU"},"content":{"rendered":"<p>Mersin B\u00fcy\u00fck\u015fehir Belediyesi Kad\u0131n ve Aile Hizmetleri Dairesi Ba\u015fkanl\u0131\u011f\u0131 b\u00fcnyesinde kurulan Antika Pazar\u0131, B\u00fcy\u00fck\u015fehir Belediye Ba\u015fkan\u0131 Vahap Se\u00e7er&#8217;in e\u015fi Meral Se\u00e7er&#8217;in kat\u0131l\u0131m\u0131yla ziyarete a\u00e7\u0131ld\u0131. Yeni\u015fehir \u0130stemihan Talay Caddesi&#8217;nde kurulan ve her Cumartesi ziyaret\u00e7ilere a\u00e7\u0131k olacak olan pazar\u0131n ilk g\u00fcn\u00fcnde; gramofon, radyo, bak\u0131r e\u015fyalar, diki\u015f makineleri, gaz lambalar\u0131, \u00e7antalar, vazolar, biblolar, kitaplar, plaklar, foto\u011fraf makineleri, daktilolar, eski paralar ve antika saatler ile bir\u00e7ok par\u00e7a, vatanda\u015flar\u0131n be\u011fenisine sunuldu. Mersin ile \u00e7evre illerden pazar i\u00e7in gelen antikac\u0131lar \u00fcr\u00fcnlerini sat\u0131\u015fa sunarken, antika tutkunlar\u0131 da pazarda y\u00fckselen nostaljik \u015fark\u0131lar e\u015fli\u011finde ge\u00e7mi\u015fe yolculuk yapt\u0131.<\/p>\n<p>Meral Se\u00e7er: &#8220;Mersin&#8217;de bir ilke imza at\u0131ld\u0131&#8221;<\/p>\n<p>Pazar\u0131n a\u00e7\u0131l\u0131\u015f\u0131na kat\u0131lan Meral Se\u00e7er, tezgahlar\u0131 tek tek gezerek antika e\u015fyalar\u0131 yak\u0131ndan inceledi ve sat\u0131c\u0131lardan \u00fcr\u00fcnler hakk\u0131nda bilgi ald\u0131. Pazar hakk\u0131nda g\u00f6r\u00fc\u015flerini payla\u015fan Meral Se\u00e7er, Mersin&#8217;de bir ilke imza at\u0131ld\u0131\u011f\u0131n\u0131 belirterek, &#8220;Antika Pazar\u0131&#8217;n\u0131n a\u00e7\u0131lmas\u0131, Mersin i\u00e7in harika bir fikir. &#8216;An\u0131larda Emek Var&#8217; slogan\u0131yla yola \u00e7\u0131k\u0131lm\u0131\u015f. Ger\u00e7ekten an\u0131lar\u0131m\u0131zda eme\u011fimiz var, b\u00fcy\u00fcklerimizin eme\u011fi var. O emeklerin ya\u015fanmas\u0131, ya\u015fat\u0131lmas\u0131 veya \u00fcr\u00fcnlerdeki hikayelerin insanlar\u0131m\u0131za aktar\u0131lmas\u0131 \u00e7ok g\u00fczel bir duygu, yol g\u00f6sterici bir duygu. Antika e\u015fyalar\u0131, eski e\u015fya olarak d\u00fc\u015f\u00fcnm\u00fcyorum. Hepsinin bir hikayesi var&#8221; dedi. Pazar\u0131 \u00e7ok be\u011fendi\u011fini de dile getiren Se\u00e7er, pazar\u0131n antika tutkunlar\u0131n\u0131n iste\u011fi do\u011frultusunda hayata ge\u00e7irildi\u011fini aktararak, &#8220;Pazar\u0131n, Mersin&#8217;de bir farkl\u0131l\u0131k yarataca\u011f\u0131n\u0131 ve Mersinlileri an\u0131larla bulu\u015fturaca\u011f\u0131n\u0131 d\u00fc\u015f\u00fcn\u00fcyorum&#8221; diye konu\u015ftu.<\/p>\n<p>&#8220;Mersin&#8217;e \u00e7ok b\u00fcy\u00fck bir katk\u0131 sa\u011flad\u0131&#8221;<\/p>\n<p>Pazarda antika e\u015fyalar\u0131 g\u00f6r\u00fcc\u00fcye \u00e7\u0131karan sat\u0131c\u0131 Demet Dilsiz, Mersin&#8217;de bu tarz bir pazar\u0131n a\u00e7\u0131lmas\u0131n\u0131 hep istediklerini belirterek, &#8220;Mersin&#8217;de ilk defa b\u00f6yle bir \u015fey oldu. Biz genellikle sosyal medyada g\u00f6r\u00fcyorduk, hatta imreniyorduk da. B\u00f6yle bir pazar\u0131n a\u00e7\u0131lmas\u0131n\u0131 \u00e7ok istedik ve ger\u00e7ekten \u00e7ok iyi oldu. Mersin&#8217;e \u00e7ok b\u00fcy\u00fck bir katk\u0131 sa\u011flad\u0131. \u0130n\u015fallah devam\u0131 gelir&#8221; ifadelerinde bulundu.<\/p>\n<p>&#8220;Antika Pazar\u0131 Mersin&#8217;in ihtiyac\u0131yd\u0131&#8221;<\/p>\n<p>Sat\u0131c\u0131 Salih Efe ise, Antika Pazar\u0131&#8217;n\u0131n Mersin&#8217;in bir ihtiyac\u0131 oldu\u011funu vurgulad\u0131. T\u00fcrkiye&#8217;nin b\u00fct\u00fcn illerinde Antika Pazar\u0131 oldu\u011funu, Mersin&#8217;de ise b\u00f6yle bir pazar olmamas\u0131n\u0131n \u00fcz\u00fcnt\u00fcs\u00fcn\u00fc ya\u015fad\u0131klar\u0131n\u0131 aktaran Efe, &#8220;Eme\u011fi ge\u00e7enlere \u00e7ok te\u015fekk\u00fcr ediyorum. Bu bir ihtiya\u00e7t\u0131 ve ihtiya\u00e7 giderilmi\u015f oldu. \u0130n\u015fallah bundan sonra daha iyi olacak. \u015eu an g\u00fczel gidiyor, daha da iyi olacak in\u015fallah&#8221; dedi.<\/p>\n<p>&#8220;Nostaljik bir ortam olu\u015ftu&#8221;<\/p>\n<p>Sat\u0131c\u0131lardan Haluk G\u00fcne\u015f de, pazar\u0131n \u00e7ok keyifli ge\u00e7ti\u011fini s\u00f6yleyerek, &#8220;Daha \u00f6nce \u0130stanbul&#8217;da b\u00f6yle bir pazara kat\u0131lm\u0131\u015ft\u0131m. Burada da b\u00f6yle bir olu\u015fumdan haberdar oldum ve kat\u0131ld\u0131m. Ger\u00e7ekten \u00e7ok keyifli ve \u00e7ok g\u00fczel. B\u00f6yle nostaljik bir ortam\u0131n olu\u015fmas\u0131 i\u00e7in insanlar\u0131n ve \u00f6zellikle belediyenin bu anlamda yard\u0131mc\u0131 olmas\u0131 \u00e7ok g\u00fczel&#8221; diye konu\u015ftu.<\/p>\n","protected":false},"excerpt":{"rendered":"<p>Mersin B\u00fcy\u00fck\u015fehir Belediyesi Kad\u0131n ve Aile Hizmetleri Dairesi Ba\u015fkanl\u0131\u011f\u0131 b\u00fcnyesinde kurulan Antika Pazar\u0131, B\u00fcy\u00fck\u015fehir Belediye Ba\u015fkan\u0131 Vahap Se\u00e7er&#8217;in e\u015fi Meral Se\u00e7er&#8217;in kat\u0131l\u0131m\u0131yla ziyarete a\u00e7\u0131ld\u0131. Yeni\u015fehir \u0130stemihan Talay Caddesi&#8217;nde kurulan ve &hellip; <a href=\"https:\/\/akdenizolaygazetesi.com\/?p=22833\" class=\"more-link\">Devam\u0131n\u0131 Oku&#8230;<\/a><\/p>\n","protected":false},"author":2,"featured_media":22834,"comment_status":"open","ping_status":"open","sticky":false,"template":"","format":"standard","meta":[],"categories":[8,2,3,5],"tags":[],"_links":{"self":[{"href":"https:\/\/akdenizolaygazetesi.com\/index.php?rest_route=\/wp\/v2\/posts\/22833"}],"collection":[{"href":"https:\/\/akdenizolaygazetesi.com\/index.php?rest_route=\/wp\/v2\/posts"}],"about":[{"href":"https:\/\/akdenizolaygazetesi.com\/index.php?rest_route=\/wp\/v2\/types\/post"}],"author":[{"embeddable":true,"href":"https:\/\/akdenizolaygazetesi.com\/index.php?rest_route=\/wp\/v2\/users\/2"}],"replies":[{"embeddable":true,"href":"https:\/\/akdenizolaygazetesi.com\/index.php?rest_route=%2Fwp%2Fv2%2Fcomments&post=22833"}],"version-history":[{"count":1,"href":"https:\/\/akdenizolaygazetesi.com\/index.php?rest_route=\/wp\/v2\/posts\/22833\/revisions"}],"predecessor-version":[{"id":22835,"href":"https:\/\/akdenizolaygazetesi.com\/index.php?rest_route=\/wp\/v2\/posts\/22833\/revisions\/22835"}],"wp:featuredmedia":[{"embeddable":true,"href":"https:\/\/akdenizolaygazetesi.com\/index.php?rest_route=\/wp\/v2\/media\/22834"}],"wp:attachment":[{"href":"https:\/\/akdenizolaygazetesi.com\/index.php?rest_route=%2Fwp%2Fv2%2Fmedia&parent=22833"}],"wp:term":[{"taxonomy":"category","embeddable":true,"href":"https:\/\/akdenizolaygazetesi.com\/index.php?rest_route=%2Fwp%2Fv2%2Fcategories&post=22833"},{"taxonomy":"post_tag","embeddable":true,"href":"https:\/\/akdenizolaygazetesi.com\/index.php?rest_route=%2Fwp%2Fv2%2Ftags&post=22833"}],"curies":[{"name":"wp","href":"https:\/\/api.w.org\/{rel}","templated":true}]}}