{"id":22836,"date":"2022-12-12T12:08:24","date_gmt":"2022-12-12T09:08:24","guid":{"rendered":"http:\/\/akdenizolaygazetesi.com\/?p=22836"},"modified":"2022-12-12T12:08:24","modified_gmt":"2022-12-12T09:08:24","slug":"dikenli-yol-alt-gecidi-vatandaslara-41-kere-masallah-dedirtti","status":"publish","type":"post","link":"https:\/\/akdenizolaygazetesi.com\/?p=22836","title":{"rendered":"D\u0130KENL\u0130 YOL ALT GE\u00c7\u0130D\u0130 VATANDA\u015eLARA &#8220;41 KERE MA\u015eALLAH&#8221; DED\u0130RTT\u0130"},"content":{"rendered":"<p>Mersin B\u00fcy\u00fck\u015fehir Belediyesi taraf\u0131ndan 83 g\u00fcnde yap\u0131m\u0131 tamamlanan Dikenli Yol Alt Ge\u00e7idi hizmete a\u00e7\u0131ld\u0131. Bu a\u00e7\u0131l\u0131\u015f, B\u00fcy\u00fck\u015fehir Belediyesi&#8217;nin &#8220;Mersin Y\u00fckseliyor, 41 Kere M\u00fcjde, 41 Yeni A\u00e7\u0131l\u0131\u015f&#8221; mottosu kapsam\u0131nda ba\u015flatt\u0131\u011f\u0131 a\u00e7\u0131l\u0131\u015flar\u0131n ilki oldu. B\u00fcy\u00fck\u015fehir Belediyesi&#8217;nin, ba\u015far\u0131 hanesine bir yenisini daha ekledi\u011fi ve Mersin&#8217;de kuzey g\u00fcney aks\u0131nda ilk olarak hizmete al\u0131nan, 18. Cadde ile 2. \u00c7evre Yolu kesi\u015fimindeki Dikenli Yol Alt Ge\u00e7idi&#8217;nin a\u00e7\u0131l\u0131\u015f\u0131n\u0131 Ba\u015fkan Vahap Se\u00e7er, Mersinlilerle birlikte yapt\u0131. Ba\u015fkan Se\u00e7er&#8217;in ara\u00e7 ge\u00e7i\u015fiyle hizmete giren alt ge\u00e7idin a\u00e7\u0131l\u0131\u015f\u0131na vatanda\u015flar yo\u011fun ilgi g\u00f6sterirken, t\u00f6rende konu\u015fan Ba\u015fkan Se\u00e7er, &#8220;Dikenli Yol Alt Ge\u00e7idi Mersin&#8217;imize hay\u0131rl\u0131 olsun&#8221; dedi.<br \/>\n&#8220;Halk bize inan\u0131yor, halk bizi seviyor. \u00c7\u00fcnk\u00fc konu\u015fmalar\u0131m\u0131zda yalan, riya yok&#8221;<br \/>\nA\u00e7\u0131l\u0131\u015f\u0131n\u0131 yapt\u0131klar\u0131 alt ge\u00e7idin t\u00fcm Mersinlilere hay\u0131rl\u0131 olmas\u0131n\u0131 dileyen Ba\u015fkan Se\u00e7er, yakla\u015f\u0131k 4 y\u0131l\u0131 geride b\u0131rakt\u0131klar\u0131n\u0131 ve bu s\u00fcre\u00e7 i\u00e7erisinde ba\u015far\u0131l\u0131 bir\u00e7ok hizmete imza at\u0131klar\u0131n\u0131 ifade etti. Ba\u015fkan Se\u00e7er, &#8220;Sadece Mersin B\u00fcy\u00fck\u015fehir Belediyesi de\u011fil, 31 Mart&#8217;ta g\u00f6rev alan t\u00fcm belediye ba\u015fkanlar\u0131m\u0131z T\u00fcrkiye&#8217;de harikalar yarat\u0131yor. Hepsinin eline, y\u00fcre\u011fine, eme\u011fine sa\u011fl\u0131k. Bir kere Sezar&#8217;\u0131n hakk\u0131n\u0131 Sezar&#8217;a verelim. A\u00e7\u0131k\u00e7as\u0131 Mersin B\u00fcy\u00fck\u015fehir Belediyesi olarak \u00f6yle \u00e7ok \u015fatafatl\u0131, g\u00f6steri\u015fli i\u015fleri, \u00f6yle a\u00e7\u0131l\u0131\u015flar\u0131 sevmiyoruz. Bak\u0131n d\u00f6rd\u00fcnc\u00fc katl\u0131 kav\u015fa\u011f\u0131, alt ge\u00e7idi a\u00e7\u0131yoruz. Onlar\u0131 anlataca\u011f\u0131m, maceralar\u0131, ge\u00e7irdi\u011fimiz evreleri. Arkada\u015flar dedi ki; &#8216;insanlara duyural\u0131m, a\u00e7\u0131l\u0131\u015f yapal\u0131m&#8217;. Yoksa &#8216;in\u015faat bitti, a\u00e7\u0131n yolu trafik i\u015flesin&#8217; diyordum. Benim bak\u0131\u015f a\u00e7\u0131m bu. G\u00f6steri\u015fle halk\u0131 kand\u0131ramazs\u0131n\u0131z. Yalanla, dolanla halk\u0131 kand\u0131ramazs\u0131n\u0131z. Halk bize inan\u0131yor, halk bizi seviyor. Kalp kalbe kar\u015f\u0131d\u0131r; \u00e7\u00fcnk\u00fc biz halk\u0131 seviyoruz, \u00e7\u00fcnk\u00fc konu\u015fmalar\u0131m\u0131zda yalan yok. Onun i\u00e7in de halk bize inan\u0131yor. Ben bunu hissediyorum&#8221; dedi.<br \/>\n&#8220;Mersin; bar\u0131\u015f, karde\u015flik, sevgi, sayg\u0131 kenti oldu&#8221;<br \/>\nYap\u0131lan katl\u0131 kav\u015fak ve alt ge\u00e7it \u00e7al\u0131\u015fmalar\u0131n\u0131n Mersin&#8217;in trafik sorununun \u00e7\u00f6z\u00fcm\u00fcnde \u00f6nemli rol oynad\u0131\u011f\u0131n\u0131 belirten Ba\u015fkan Se\u00e7er, g\u00fczel bir hizmeti daha hayata ge\u00e7irdiklerini dile getirerek, &#8220;Allah nasip ederse g\u00f6revde kald\u0131\u011f\u0131m\u0131z s\u00fcrece daha Mersin&#8217;e neler yapaca\u011f\u0131z neler. Metrolar da yeni bulvarlar da parklar da olacak. Mersin de \u015fahlanacak ama bak\u0131n her \u015feyden \u00f6te \u00e7ok k\u0131sa s\u00fcrede en b\u00fcy\u00fck eserimizi, mega projemizi hayata ge\u00e7irdik. Nedir biliyor musunuz? Mersin; bar\u0131\u015f, karde\u015flik, sevgi, sayg\u0131 kenti oldu. Bundan daha b\u00fcy\u00fck proje mi olur? Sevgi, sayg\u0131 olmazsa paran\u0131n ne k\u0131ymeti var, yapt\u0131\u011f\u0131n\u0131z yolun ne k\u0131ymeti var, yapt\u0131\u011f\u0131n\u0131z saraylar\u0131n ne k\u0131ymeti var? \u0130nsanlar kendini iyi hissetmiyorsa, kendini k\u00f6t\u00fc hissediyorsa bir siyaset\u00e7i olarak yapt\u0131\u011f\u0131n\u0131z hi\u00e7bir i\u015fin, hi\u00e7bir hizmetin k\u0131ymeti harbiyesi yok&#8221; diye konu\u015ftu.<br \/>\nMersin&#8217;de tesis edilen bar\u0131\u015f ve karde\u015fli\u011fin baz\u0131 kesimleri rahats\u0131z etti\u011fine de dikkat \u00e7eken Ba\u015fkan Se\u00e7er, Mersin Sahil Band\u0131 Projesi, \u00c7ukurova Uluslararas\u0131 Havaalan\u0131, \u00c7e\u015fmeli-Ta\u015fucu Otoban\u0131 gibi pek \u00e7ok \u00f6nemli yat\u0131r\u0131m\u0131 Mersinliler&#8217;in y\u0131llard\u0131r bekledi\u011fini hat\u0131rlatt\u0131. Se\u00e7er, Mersin ad\u0131na konu\u015ftu\u011funu iddia edenlerin \u00f6ncelikle bu konular\u0131 dile getirmesi gerekti\u011fini, ancak bu ki\u015filerin bunu de\u011fil karalama kampanyalar\u0131 yapt\u0131\u011f\u0131n\u0131 s\u00f6yledi.<br \/>\n &#8220;Bu kadar siyaset bizi etkiliyor, Ankara r\u00fczg\u00e2r\u0131 \u00e7arp\u0131yor&#8221;<br \/>\nAnkara siyasetinin yerel y\u00f6netimleri etkiledi\u011fini de belirten Ba\u015fkan Se\u00e7er, &#8220;Bu kadar siyaset bizi etkiliyor, Ankara r\u00fczg\u00e2r\u0131 \u00e7arp\u0131yor. Mevcut imkanlar\u0131m\u0131z\u0131 en iyi \u015fekilde kullan\u0131yoruz&#8221; dedi. Devrald\u0131klar\u0131 bor\u00e7 ve ya\u015fad\u0131klar\u0131 engellemelere ra\u011fmen \u00f6nemli hizmetler yapt\u0131klar\u0131n\u0131 vurgulayan Ba\u015fkan Se\u00e7er, &#8220;Herkes belediyelerin gelirlerinden \u015fikayet eder. Ben biraz farkl\u0131 d\u00fc\u015f\u00fcn\u00fcyorum. Herkes, &#8216;Bor\u00e7 devrald\u0131m. Daha fazla para laz\u0131m&#8217; der. Benim a\u011fz\u0131mdan b\u00f6yle bir \u015fey duyamazs\u0131n\u0131z \u015fikayet olarak. Tespit yapar\u0131m, elbette bor\u00e7 devrald\u0131k. Deve y\u00fck\u00fcyle bor\u00e7 devrald\u0131k. Onu s\u00f6yleriz. Bu bir tespit. Ortada olan bir ger\u00e7ek. Elbette s\u00f6yleriz. 400 bin s\u0131\u011f\u0131nmac\u0131n\u0131n y\u00fck\u00fcn\u00fc \u00e7ekiyoruz ama \u015fikayet etmiyoruz. Hizmetler yap\u0131yoruz. Mersin g\u00fc\u00e7l\u00fc bir kenttir. G\u00fc\u00e7l\u00fc kentin g\u00fc\u00e7l\u00fc belediye ba\u015fkan\u0131 olur, g\u00fc\u00e7l\u00fc de belediyesi olur. Evelallah \u00f6yleyiz&#8221; diye konu\u015ftu.<br \/>\nHayata ge\u00e7irdikleri katl\u0131 kav\u015faklar\u0131n bilgisini payla\u015fan Ba\u015fkan Se\u00e7er, yar\u0131m kalan An\u0131t Katl\u0131 Kav\u015fa\u011f\u0131n\u0131 ard\u0131ndan Sevgi, G\u00f6\u00e7men katl\u0131 kav\u015faklar\u0131n\u0131n yap\u0131m\u0131n\u0131 h\u0131zla tamamlayarak hizmete sunduklar\u0131n\u0131 s\u00f6yledi. Dikenli Yol Alt Ge\u00e7idi&#8217;nin 4&#8217;\u00fcnc\u00fc \u00e7al\u0131\u015fma olarak hizmete girdi\u011fini belirten Ba\u015fkan Se\u00e7er, Metronun da temelini att\u0131klar\u0131n\u0131 s\u00f6yleyerek, &#8220;B\u00fct\u00fcn b\u00fcrokratik i\u015flemleri tamamlanm\u0131\u015ft\u0131 ama o da Ankara r\u00fczg\u00e2r\u0131na \u00e7arp\u0131ld\u0131. Finansman i\u00e7in Hazine imzalamad\u0131. Kendi \u00f6z kaynaklar\u0131m\u0131zla yapabildi\u011fimiz kadar\u0131yla yap\u0131yoruz ama yapar\u0131z hi\u00e7 merak etmeyin&#8221; dedi.<br \/>\n&#8220;Kanalize kav\u015faklar T\u00fcrkiye&#8217;de, Mersin&#8217;de ilktir, zaten biz ilklerin memleketiyiz&#8221;<\/p>\n<p>Dikenli Yol Alt Ge\u00e7idi sayesinde vatanda\u015flar\u0131n 3.\u00c7evre Yolu&#8217;na veya Adnan Menderes Bulvar\u0131&#8217;na ula\u015fabileceklerini belirten Ba\u015fkan Se\u00e7er, Be\u015fyol Plaza Kav\u015fa\u011f\u0131&#8217;n\u0131 da ba\u015flayacak olan \u00e7al\u0131\u015fmalar kapsam\u0131nda trafi\u011fe kapat\u0131laca\u011f\u0131n\u0131 duyurdu. 3. \u00c7evre Yolu&#8217;ndaki yenileme \u00e7al\u0131\u015fmalar\u0131 hakk\u0131nda Ba\u015fkan Se\u00e7er, &#8220;Oradaki kanalize kav\u015faklar T\u00fcrkiye&#8217;de, Mersin&#8217;de bir ilktir, zaten biz ilklerin memleketiyiz. Daha modern, daha \u00e7a\u011fda\u015f, daha ak\u0131ll\u0131 bir kent meydana getirmeye \u00e7al\u0131\u015f\u0131yoruz. \u00d6yle g\u00fcn\u00fc kurtarmak yok bizim defterimizde, g\u00f6z boyamak yok. Bize oy veren de sa\u011f olsun, vermeyende sa\u011f olsun. Her \u015feyi ak\u0131lla yapaca\u011f\u0131z, her \u015feyi ak\u0131ll\u0131 yapaca\u011f\u0131z&#8221; ifadelerini kulland\u0131.  Mersin trafi\u011fini rahatlatma \u00e7al\u0131\u015fmalar\u0131 kapsam\u0131nda s\u0131rada Hal Katl\u0131 Kav\u015fa\u011f\u0131 ile herkesin \u00f6nemle bekledi\u011fi Saya Park Katl\u0131 Kav\u015fa\u011f\u0131&#8217;n\u0131n oldu\u011funu belirten Ba\u015fkan Se\u00e7er &#8220;Her ikisinin projesi haz\u0131r, karar a\u015famas\u0131nday\u0131z. Trafik yo\u011funlu\u011funu, ko\u015fullar\u0131, \u015fartlar\u0131 de\u011ferlendiriyoruz. 2023 y\u0131l\u0131 i\u00e7erisinde birine ba\u015flayaca\u011f\u0131z. \u0130kisi de buralara g\u00f6re daha b\u00fcy\u00fck projeler oldu\u011fu i\u00e7in iyi hesap-kitap yap\u0131yoruz, en k\u0131sa zamanda ba\u015flayaca\u011f\u0131z&#8221; dedi.<\/p>\n<p>Ge\u00e7ti\u011fimiz g\u00fcnlerde kente gelen Ula\u015ft\u0131rma ve Alt Yap\u0131 Bakan\u0131 Adil Karaismailo\u011flu&#8217;nun program\u0131n\u0131n kendisine haber verilmedi\u011fini an\u0131msatan Ba\u015fkan Se\u00e7er, &#8220;Mersin&#8217;e kadar te\u015frif ettiler, davet etselerdi giderdik. Buradan Bakan&#8217;a da seslenmi\u015f olay\u0131m; Mersin halk\u0131n\u0131n sesini duyurmu\u015f olay\u0131m. 6 ay sonra bu iklim de\u011fi\u015fecek, art\u0131k T\u00fcrkiye farkl\u0131 bir anlay\u0131\u015fa d\u00f6necek. Mersin&#8217;de huzur, birlik, beraberlik ve insanlar\u0131n birbirine sayg\u0131s\u0131 var. \u00c7\u00fcnk\u00fc b\u00f6yle bir Belediye Ba\u015fkanlar\u0131 var&#8221; diye konu\u015ftu.<\/p>\n<p>&#8220;Benim vatanda\u015f\u0131m \u00fclkesini sever, \u00fclkesinin birli\u011fini, beraberli\u011fini, mutlulu\u011funu \u00f6nemser&#8221;<br \/>\nBa\u015fkan Se\u00e7er, siyasette bir de\u011fi\u015fime ihtiya\u00e7 oldu\u011fu vurgusunu yaparak, &#8220;Hem il\u00e7e belediye ba\u015fkanlar\u0131m\u0131z hem B\u00fcy\u00fck\u015fehir Belediye Ba\u015fkan\u0131 olarak, t\u00fcm T\u00fcrkiye&#8217;ye hakim olacak bir vatanda\u015f olarak, bir siyaset\u00e7i olarak de\u011fil, \u00fclkemde huzur istiyorsam, \u00fclkemde ayr\u0131mc\u0131l\u0131\u011f\u0131, insanlar\u0131n b\u00f6l\u00fcnm\u00fc\u015fl\u00fc\u011f\u00fcn\u00fc ortadan kald\u0131rmak istiyorsam derim ki; &#8216;Bug\u00fcne kadar kime oy vermi\u015f olursam olay\u0131m ama siyasette bir de\u011fi\u015fime ihtiya\u00e7 var&#8217; ve gider de\u011fi\u015fime oy veririm. Benim vatanda\u015f\u0131m \u00fclkesini sever, \u00fclkesinin birli\u011fini, beraberli\u011fini, mutlulu\u011funu \u00f6nemser. Ben vatanda\u015f\u0131ma inan\u0131yorum, vatanda\u015f\u0131m\u0131n ferasetine inan\u0131yorum. Bug\u00fcne kadar T\u00fcrk siyasi tarihinde \u00e7ok ince ayarlar vermi\u015ftir milletim. Ge\u00e7mi\u015f se\u00e7imleri hat\u0131rlay\u0131n. Der ki milletim; &#8216;Mahkeme kad\u0131ya m\u00fclk de\u011fil. G\u00f6reviniz bitti. Yeni arkada\u015flar gelsin. Yeni g\u00f6revlendirece\u011fimiz siyasiler gelsin.&#8217; \u00d6n\u00fcm\u00fczdeki se\u00e7imlerin bu \u015fekilde sonu\u00e7lanaca\u011f\u0131na can\u0131 g\u00f6n\u00fclden de inan\u0131yorum. O zaman Ula\u015ft\u0131rma Bakanl\u0131\u011f\u0131&#8217;na buradan seslenmemize gerek yok. Bu kadar nefesimizi t\u00fcketmemize gerek yok. A\u00e7ar\u0131z telefonu, &#8216;Say\u0131n Bakan\u0131m&#8217; deriz, durumu arz ederiz, mutlaka bizim Bakanlar demokrasiyi sindirmi\u015f insanlard\u0131r, millet iradesine sayg\u0131 duyan insanlard\u0131r orada Bakanl\u0131k yapacak arkada\u015flar\u0131m. 2 milyon n\u00fcfuslu bir kenttir buras\u0131. Misafirleri ile 2,5 milyona hizmet eden. Bu kentin iki yurtta\u015f\u0131ndan, iki se\u00e7meninden birinin oyunu alm\u0131\u015f bir belediye ba\u015fkan\u0131na sayg\u0131 duyacak kadar siyasi asalete sahip siyaset\u00e7ileri biz Bakan yapaca\u011f\u0131z. O zaman T\u00fcrkiye&#8217;nin \u00f6n\u00fcnde kimse duramaz&#8221; dedi.<br \/>\n&#8220;Ben bug\u00fcn b\u00fct\u00fcn protokol\u00fc buraya davet ettim, b\u00fct\u00fcn siyasi partileri. Bak\u0131n bakal\u0131m bir tane b\u00fcrokrat var m\u0131?&#8221; sorusuyla konu\u015fmas\u0131n\u0131 s\u00fcrd\u00fcren Ba\u015fkan Se\u00e7er, &#8220;Bizim d\u00f6nemimizde T\u00fcrkiye Cumhuriyeti, Ulu \u00d6nder Mustafa Kemal Atat\u00fcrk&#8217;\u00fcn kurdu\u011fu T\u00fcrkiye Cumhuriyeti fabrika ayarlar\u0131na tekrar d\u00f6necektir. Bundan endi\u015feniz olmas\u0131n&#8221; diye belirtti.<br \/>\nHalk\u0131n yap\u0131lan hizmetleri g\u00f6rd\u00fc\u011f\u00fcn\u00fc, bu y\u00fczden g\u00f6z boyamaya gerek olmad\u0131\u011f\u0131n\u0131 s\u00f6yleyen Ba\u015fkan Se\u00e7er, B\u00fcy\u00fck\u015fehir olarak \u00e7ok daha g\u00fczel i\u015fler yapacaklar\u0131n\u0131 vurgulad\u0131. Mersin&#8217;in t\u00fcm il\u00e7elerine hizmet g\u00f6t\u00fcrd\u00fcklerini ve g\u00f6t\u00fcrmeye devam edeceklerini aktaran Se\u00e7er, &#8220;Yeni\u015fehir&#8217;e de, Mezitli&#8217;ye de, Anamur&#8217;a da, Toroslara da, Akdeniz&#8217;e de, Tarsus&#8217;a da, her yere hizmet yap\u0131yoruz. G\u00f6zne&#8217;ye de yap\u0131yoruz ve yapmaya devam edece\u011fiz. Eserlerimiz birinci s\u0131n\u0131f m\u00fchendislik kalitesiyle, bilgi birikimiyle \u00e7izilen projeler, kullan\u0131lan malzemeler ve yollardan \u00e7ok iyi d\u00f6n\u00fc\u015fler al\u0131yorum.  Kaliteli yol, kaliteli k\u00f6pr\u00fcler yap\u0131l\u0131yor. Hepsinin en kalitelisi olacak ve etrafa m\u00fcmk\u00fcnse rahats\u0131zl\u0131k vermeyece\u011fiz&#8221; dedi. Mersin&#8217;e hizmette her ge\u00e7en g\u00fcn daha da h\u0131zland\u0131klar\u0131n\u0131 belirten Se\u00e7er, &#8220;87 g\u00fcnde Sevgi Katl\u0131 Kav\u015fa\u011f\u0131&#8217;n\u0131 yapt\u0131k,  G\u00f6\u00e7men&#8217;i 85&#8217;te yapt\u0131k, bunu 83 g\u00fcnde yapt\u0131k. An\u0131t&#8217;\u0131 sormay\u0131n, bir enkaz\u0131 devrald\u0131k, o aylard\u0131r bekliyordu. Bizde se\u00e7ime y\u00f6nelik temel atma olmaz, bizde se\u00e7ime y\u00f6nelik ihale olmaz. Mersin halk\u0131 bunu akl\u0131ndan \u00e7\u0131karmas\u0131n, Ba\u015fkan\u0131na g\u00fcvensin. Emin olabilirsiniz, harcad\u0131\u011f\u0131m\u0131z para sizin paran\u0131z, kulland\u0131\u011f\u0131m\u0131z kaynak sizin kayna\u011f\u0131n\u0131z, bize emanettir ona helal getirmeyiz; Ba\u015fkan\u0131n\u0131za inan\u0131n, g\u00fcvenin. Dikenli Yol Alt Ge\u00e7idi Mersin&#8217;imize hay\u0131rl\u0131 olsun&#8221; diye konu\u015ftu.<br \/>\nAntmen: &#8220;Hi\u00e7bir ayr\u0131m yapmadan Mersin&#8217;e, Mersinliye hizmet ediyorlar&#8221;<br \/>\nMersin&#8217;de yap\u0131lan \u00e7al\u0131\u015fmalar\u0131n gurur verici noktalara ta\u015f\u0131nd\u0131\u011f\u0131 dile getiren CHP Mersin Milletvekili Alpay Antmen, &#8220;Hi\u00e7bir ayr\u0131m yapmadan, hi\u00e7bir fark g\u00f6zetmeden Mersin&#8217;e, Mersinliye hizmet ediyorlar&#8221; dedi. Hem TBMM&#8217;de hem de Plan ve B\u00fct\u00e7e Komisyonu&#8217;nda metro meselesini defalarca g\u00fcndeme ta\u015f\u0131d\u0131\u011f\u0131n\u0131 da an\u0131msatan Antmen, &#8220;Ula\u015ft\u0131rma Bakan\u0131 plan ve b\u00fct\u00e7e komisyonunda anlat\u0131yor, 20 y\u0131lda ne yapt\u0131klar\u0131n\u0131? Ben de onlara \u015funu s\u00f6yl\u00fcyorum. \u00d6nce, Allah a\u015fk\u0131na \u015fu Mersin metrosunun imzas\u0131n\u0131 at\u0131n. Sonra; Anamur t\u00fcnelleri, \u00c7e\u015fmeli-Ta\u015fucu Otoban\u0131, \u00c7ukurova Havaliman\u0131 ve di\u011fer Mersin&#8217;e yap\u0131lmayan yat\u0131r\u0131mlara bir el at\u0131n. Ama biliyorum yapmayacaklar. \u00c7\u00fcnk\u00fc onlar Cumhuriyet Halk Partili Belediyeler gibi, Vahap se\u00e7er gibi de\u011filler. Ama az kald\u0131. Geliyor gelmekte olan. 6 ay sonra bu \u00fclkeye huzur gelecek. Hi\u00e7bir ayr\u0131m yap\u0131lmadan herkese e\u015fit hizmet gelecek. Bunun da \u00f6rne\u011fi mi, kefili mi? \u0130\u015fte Vahap Se\u00e7er, i\u015fte belediye ba\u015fkanlar\u0131m\u0131z&#8221; s\u00f6zlerini kulland\u0131.<br \/>\nY\u0131lmaz: &#8220;Ba\u015fkan\u0131m\u0131z hem Yeni\u015fehir&#8217;e hem Erdemli&#8217;ye ayn\u0131 hizmeti g\u00f6t\u00fcr\u00fcyor&#8221;<br \/>\nCHP Parti Meclisi \u00dcyesi Emre Y\u0131lmaz yapt\u0131\u011f\u0131 konu\u015fmada; memleketin \u00f6ncelikli iki sorunundan birinin g\u00f6\u00e7men meselesi, di\u011ferinin ise ekonomik durumlar oldu\u011funun alt\u0131n\u0131 \u00e7izdi. &#8220;Burada g\u00f6rd\u00fc\u011f\u00fcn\u00fcz Kuzey-G\u00fcney aks\u0131nda yap\u0131lan alt ge\u00e7idin ne denli zor ko\u015fullarda yap\u0131ld\u0131\u011f\u0131n\u0131 hepiniz iyi biliyorsunuz&#8221; s\u00f6z\u00fcyle konu\u015fmas\u0131n\u0131 s\u00fcrd\u00fcren Y\u0131lmaz, &#8220;Bu alt ge\u00e7idi herkes kullan\u0131rken Mersin B\u00fcy\u00fck\u015fehir Belediye Ba\u015fkan\u0131m\u0131z hem Yeni\u015fehir&#8217;e hem Erdemli&#8217;ye ayn\u0131 hizmeti g\u00f6t\u00fcr\u00fcyor. Ben de bir gen\u00e7 olarak bu alt ge\u00e7it ve art\u0131s\u0131 olarak da kentin en g\u00fczel en k\u0131ymetli yerlerinden birine ba\u015fka \u015feyler yapabilirken bir okuma salonu yapan B\u00fcy\u00fck\u015fehir Belediye Ba\u015fkan\u0131m\u0131za \u00e7ok te\u015fekk\u00fcr ediyorum&#8221; ifadelerini kulland\u0131.<br \/>\n\u00d6zyi\u011fit: &#8220;Mersin Metrosu i\u00e7in gerek imzan\u0131n bug\u00fcne kadar at\u0131lmam\u0131\u015f olmas\u0131 hepimizin hayretle bakt\u0131\u011f\u0131 bir durumdur&#8221;<br \/>\nBa\u015fkan Vahap Se\u00e7er&#8217;in mazbatas\u0131n\u0131 almadan birka\u00e7 g\u00fcn \u00f6ncesine dair bir anekdotla konu\u015fmas\u0131na ba\u015flayan Yeni\u015fehir Belediye Ba\u015fkan\u0131 Abdullah \u00d6zyi\u011fit, Ba\u015fkan Se\u00e7er&#8217;in o g\u00fcnde verdi\u011fi t\u00fcm s\u00f6zleri tek tek yerine getirdi\u011fini belirterek bu \u00e7al\u0131\u015fmalar\u0131ndan dolay\u0131 Yeni\u015fehirliler ad\u0131na Ba\u015fkan Se\u00e7er&#8217;e te\u015fekk\u00fcr etti. Mersin metrosunun kar\u015f\u0131la\u015ft\u0131\u011f\u0131 sorunlara bir de Ba\u015fkan \u00d6zyi\u011fit de\u011findi. \u00d6zyi\u011fit, &#8220;Metro sisteminin bug\u00fcne kadar daha h\u0131zl\u0131 bir bi\u00e7imde devam etmesi gerekiyordu. Bunun b\u00fcy\u00fck bir yat\u0131r\u0131m oldu\u011funu hepimiz biliyoruz ve uzun vadeye yay\u0131lm\u0131\u015f bir finansman sisteminin sa\u011flanmas\u0131 merkezi h\u00fck\u00fcmetin ataca\u011f\u0131 bir imzaya ba\u011fl\u0131 maalesef. Kalk\u0131nma plan\u0131na al\u0131nm\u0131\u015f olmas\u0131na ra\u011fmen bu imzan\u0131n bug\u00fcne kadar at\u0131lmam\u0131\u015f olmas\u0131 hepimizin hayretle bakt\u0131\u011f\u0131 bir durumdur. \u00c7\u00fcnk\u00fc bu halk hepimizin. Kentimizi \u00f6ncelemeliyiz, kentimizde ya\u015fayan insanlar\u0131n ya\u015fam kalitesini \u00f6ncelemeliyiz. Halk bunlar\u0131 de\u011ferlendiriyor. Dolay\u0131s\u0131yla k\u0131sa s\u00fcre sonra bunun da gere\u011fini yerine getirecektir&#8221; diye konu\u015ftu.<br \/>\nTarhan: &#8220;Temel \u00e7\u00f6z\u00fcm, Metro projesinin hayata ge\u00e7irilmesidir&#8221;<br \/>\nSosyal demokrat anlay\u0131\u015fa sahip belediye ba\u015fkanlar\u0131n\u0131n y\u00f6netimleriyle beraber yapt\u0131klar\u0131 i\u015flerdeki ama\u00e7lar\u0131n\u0131n eserlerinin s\u00fcrd\u00fcr\u00fclebilir, kaliteli ve ak\u0131ll\u0131 kent yaratmaya d\u00f6n\u00fck oldu\u011funu s\u00f6yleyen Mezitli Belediye Ba\u015fkan\u0131 Ne\u015fet Tarhan, &#8220;Ak\u0131ll\u0131 kent yaratman\u0131n da t\u00fcm d\u00fcnyadaki 1&#8217;inci ko\u015fulu ula\u015f\u0131md\u0131r. Bir kent ak\u0131ll\u0131 olacaksa \u00f6nce ula\u015f\u0131m sorununu \u00e7\u00f6zmelidir. Hepiniz biliyorsunuz; yakla\u015f\u0131k 4 y\u0131ld\u0131r h\u00fck\u00fcmetin b\u00fcy\u00fck engellemeleri var. Bu alt ge\u00e7it veya di\u011fer alt ge\u00e7itler yeter mi? Ku\u015fkusuz hay\u0131r. Temel \u00e7\u00f6z\u00fcm, Metro projesinin hayata ge\u00e7irilmesidir. Ekonomik g\u00fcc\u00fcm\u00fcz olmayabilir, h\u00fck\u00fcmetin bask\u0131lar\u0131 nedeniyle ekonomik sermayemiz olmayabilir ama bizlerin en b\u00fcy\u00fck g\u00fcc\u00fc sosyal sermayedir. Sosyal sermaye de sizlersiniz, yani halk\u0131n g\u00fcc\u00fcd\u00fcr. Bunlar da a\u015f\u0131lacakt\u0131r. 6 aydan az bir zaman kald\u0131. Ger\u00e7ek ilkbahar\u0131 ya\u015fayaca\u011f\u0131z. Biliyorsunuz; her \u015fey eskiden g\u00fczel olacak diyorduk \u015fimdi \u00e7ok daha g\u00fczel olacak diyorum&#8221; ifadelerini kulland\u0131.<br \/>\nAktay: &#8220;Mersin B\u00fcy\u00fck\u015fehir Belediyesi b\u00fcy\u00fck ba\u015far\u0131lara imza at\u0131yor&#8221;<br \/>\nCHP Mersin \u0130l Ba\u015fkan\u0131 Adil Aktay, 2019 y\u0131l\u0131ndan itibaren T\u00fcrkiye&#8217;nin yeni bir belediyecilik anlay\u0131\u015f\u0131yla tan\u0131\u015ft\u0131\u011f\u0131n\u0131 ve hem sosyal projeler hem de kente de\u011fer katan di\u011fer hizmetlerle Mersin B\u00fcy\u00fck\u015fehir Belediyesi&#8217;nin bu yeni anlay\u0131\u015f\u0131n en g\u00fczel \u00f6rneklerinden biri oldu\u011funu s\u00f6yledi. Aktay, &#8220;Ba\u015fkan\u0131m, Mersin&#8217;in sorunlar\u0131n\u0131n \u00e7\u00f6z\u00fcm\u00fcnde halk\u0131n temel sorunlar\u0131n\u0131 \u00f6nceleyen anlay\u0131\u015fla hareket ediyor ve o anlamda da b\u00fcy\u00fck ba\u015far\u0131lara imza at\u0131yor. Bunun yan\u0131 s\u0131ra sa\u011flad\u0131\u011f\u0131 b\u00fct\u00e7e disipliniyle T\u00fcrkiye&#8217;deki t\u00fcm belediyelere \u00f6rnek oldu. Bu a\u00e7\u0131l\u0131\u015ftan ve hizmetten dolay\u0131 hepinize sayg\u0131lar sunuyorum&#8221; dedi.<br \/>\nBa\u011fr\u0131a\u00e7\u0131k: &#8220;Ya\u015fayan hatlarla birlikte yapt\u0131\u011f\u0131m\u0131z ilk yap\u0131 burada&#8221;<br \/>\nB\u00fcy\u00fck\u015fehir Belediyesi Yol Yap\u0131m Bak\u0131m ve Onar\u0131m Daire Ba\u015fkan\u0131 Suat Ba\u011fr\u0131a\u00e7\u0131k, 83 g\u00fcnde yap\u0131m\u0131 tamamlanan Dikenli Yol Alt Ge\u00e7idi hakk\u0131nda teknik bilgileri payla\u015ft\u0131\u011f\u0131 konu\u015fmas\u0131nda, hizmete al\u0131nan alt ge\u00e7it ile Sevgi, G\u00f6\u00e7men ve Demokrasi katl\u0131 kav\u015faklar\u0131n\u0131n rahatlat\u0131ld\u0131\u011f\u0131n\u0131 ifade etti. Proje uzunlu\u011fu 636 metre ve Kuzey-G\u00fcney aks\u0131 i\u00e7erisinde 56 metre kapal\u0131 alana sahip alt ge\u00e7ide ili\u015fkin Ba\u011fr\u0131a\u00e7\u0131k, &#8220;Bir geli\u015f, bir gidi\u015f olarak Dikenli Yol Alt Ge\u00e7idimiz iki tarafl\u0131 &#8216;U&#8217; d\u00f6n\u00fc\u015flerle s\u00fcslendirilmi\u015f ve rahatlat\u0131lm\u0131\u015ft\u0131r. 2. \u00c7evre Yolu alt\u0131nda ge\u00e7mekte olan altyap\u0131 kurum ve kurulu\u015flar\u0131m\u0131za haiz hatlar\u0131n var olmas\u0131 nedeniyle ya\u015fayan hatlarla birlikte yapt\u0131\u011f\u0131m\u0131z ilk yap\u0131 burada. \u00c7al\u0131\u015fmalar s\u0131ras\u0131nda; 50 bin metrek\u00fcp kaz\u0131, 600 ton demir, 10 bin metrek\u00fcp beton, 2,5 kilometre ya\u011fmur suyu, 8 bin metre kare kald\u0131r\u0131m ve 6 bin 700 ton civar\u0131nda s\u0131cak asfalt imal ettik. 7\/24 ge\u00e7 saatlere kadar \u00e7al\u0131\u015ft\u0131k. S\u00f6zle\u015fme maliyetimiz, 21 milyon. G\u00fcn endeksi diyelim, biz in\u015faat endeksi olarak al\u0131yoruz; 62 milyon 300 bin liral\u0131k da bir yat\u0131r\u0131m yapt\u0131k&#8221; dedi.<br \/>\nB\u00fcy\u00fck\u015fehir&#8217;in Dikenli Yol Alt Ge\u00e7idi vatanda\u015flara &#8220;41 kere Ma\u015fallah&#8221; dedirtti<br \/>\nMahalle sakinlerinden Murat Akta\u015f, &#8220;Buran\u0131n a\u00e7\u0131lmas\u0131 iyi oldu. \u00c7\u00fcnk\u00fc buras\u0131 GMK Bulvar\u0131n\u0131 ve ayn\u0131 zamanda 2,5 ile 3. \u00c7evre Yolu&#8217;nu ba\u011flayan bir yoldu. G\u00fczel oldu. 2 ay s\u00fcrd\u00fc ama bekledi\u011fimize de de\u011fdi. Mahallemiz de caddemiz de g\u00fczelle\u015fti. 41 kere ma\u015fallah, Dikenli Yol Kav\u015fa\u011f\u0131 g\u00fczel oldu&#8221; dedi. Alt ge\u00e7idin b\u00f6lgeye g\u00fczel bir g\u00f6r\u00fcn\u00fcm katt\u0131\u011f\u0131n\u0131 s\u00f6yleyen mahalle sakinlerinden Ay\u015fe Erkut, &#8220;\u00c7ok g\u00fczel olmu\u015f ya. \u00c7ok rahat oldu. Mahallemizi de\u011ferlendirdi, Mersin&#8217;imizi de\u011ferlendirdi&#8221; diye konu\u015ftu. Yap\u0131lan \u00e7al\u0131\u015fmadan dolay\u0131 te\u015fekk\u00fcr eden mahalle sakinlerinden Sultan Tatar, &#8220;Vahap Ba\u015fkan&#8217;\u0131n yolu a\u00e7\u0131k olsun. \u0130n\u015fallah ikinci se\u00e7imde de bizi b\u00f6yle g\u00fczel \u015feylerle sevindirir. Caddenin bile g\u00f6r\u00fcnt\u00fcs\u00fc de\u011fi\u015fmi\u015f. Bura \u00f6nceden b\u00f6yle de\u011fildi. Buradaki o g\u00f6bekler, yollar de\u011fi\u015fmi\u015f \u00e7ok g\u00fczel oldu. \u015eehir ad\u0131na g\u00fczel oldu. \u0130n\u015fallah Ba\u015fkan\u0131m\u0131z daha g\u00fczel \u015feyler yapar. Allah yolunu a\u00e7\u0131k etsin. Hepimiz arkas\u0131nday\u0131z&#8221; ifadelerini kulland\u0131.<\/p>\n","protected":false},"excerpt":{"rendered":"<p>Mersin B\u00fcy\u00fck\u015fehir Belediyesi taraf\u0131ndan 83 g\u00fcnde yap\u0131m\u0131 tamamlanan Dikenli Yol Alt Ge\u00e7idi hizmete a\u00e7\u0131ld\u0131. Bu a\u00e7\u0131l\u0131\u015f, B\u00fcy\u00fck\u015fehir Belediyesi&#8217;nin &#8220;Mersin Y\u00fckseliyor, 41 Kere M\u00fcjde, 41 Yeni A\u00e7\u0131l\u0131\u015f&#8221; mottosu kapsam\u0131nda ba\u015flatt\u0131\u011f\u0131 a\u00e7\u0131l\u0131\u015flar\u0131n &hellip; <a href=\"https:\/\/akdenizolaygazetesi.com\/?p=22836\" class=\"more-link\">Devam\u0131n\u0131 Oku&#8230;<\/a><\/p>\n","protected":false},"author":2,"featured_media":22837,"comment_status":"open","ping_status":"open","sticky":false,"template":"","format":"standard","meta":[],"categories":[2,3,5],"tags":[],"_links":{"self":[{"href":"https:\/\/akdenizolaygazetesi.com\/index.php?rest_route=\/wp\/v2\/posts\/22836"}],"collection":[{"href":"https:\/\/akdenizolaygazetesi.com\/index.php?rest_route=\/wp\/v2\/posts"}],"about":[{"href":"https:\/\/akdenizolaygazetesi.com\/index.php?rest_route=\/wp\/v2\/types\/post"}],"author":[{"embeddable":true,"href":"https:\/\/akdenizolaygazetesi.com\/index.php?rest_route=\/wp\/v2\/users\/2"}],"replies":[{"embeddable":true,"href":"https:\/\/akdenizolaygazetesi.com\/index.php?rest_route=%2Fwp%2Fv2%2Fcomments&post=22836"}],"version-history":[{"count":1,"href":"https:\/\/akdenizolaygazetesi.com\/index.php?rest_route=\/wp\/v2\/posts\/22836\/revisions"}],"predecessor-version":[{"id":22838,"href":"https:\/\/akdenizolaygazetesi.com\/index.php?rest_route=\/wp\/v2\/posts\/22836\/revisions\/22838"}],"wp:featuredmedia":[{"embeddable":true,"href":"https:\/\/akdenizolaygazetesi.com\/index.php?rest_route=\/wp\/v2\/media\/22837"}],"wp:attachment":[{"href":"https:\/\/akdenizolaygazetesi.com\/index.php?rest_route=%2Fwp%2Fv2%2Fmedia&parent=22836"}],"wp:term":[{"taxonomy":"category","embeddable":true,"href":"https:\/\/akdenizolaygazetesi.com\/index.php?rest_route=%2Fwp%2Fv2%2Fcategories&post=22836"},{"taxonomy":"post_tag","embeddable":true,"href":"https:\/\/akdenizolaygazetesi.com\/index.php?rest_route=%2Fwp%2Fv2%2Ftags&post=22836"}],"curies":[{"name":"wp","href":"https:\/\/api.w.org\/{rel}","templated":true}]}}