{"id":22842,"date":"2022-12-12T12:11:13","date_gmt":"2022-12-12T09:11:13","guid":{"rendered":"http:\/\/akdenizolaygazetesi.com\/?p=22842"},"modified":"2022-12-12T12:11:13","modified_gmt":"2022-12-12T09:11:13","slug":"16-travel-turkey-fuarinda-mersin-standina-yogun-ilgi","status":"publish","type":"post","link":"https:\/\/akdenizolaygazetesi.com\/?p=22842","title":{"rendered":"16. TRAVEL TURKEY FUARI&#8217;NDA MERS\u0130N STANDINA YO\u011eUN \u0130LG\u0130"},"content":{"rendered":"<p>T\u00fcrkiye genelinde d\u00fczenlenen ulusal ve uluslararas\u0131 fuarlara kat\u0131larak Mersin&#8217;in g\u00fczelliklerini tan\u0131tan Mersin B\u00fcy\u00fck\u015fehir Belediyesi, 16. Travel Turkey \u0130zmir Fuar\u0131&#8217;nda &#8216;Yenilik\u00e7i ve Teknolojik Mersin&#8217; stand\u0131 ile yo\u011fun ilgi g\u00f6rd\u00fc.<br \/>\nDinamik tasar\u0131m\u0131 ile 3 g\u00fcn s\u00fcren fuarda yo\u011fun ilgi ile kar\u015f\u0131lanan Mersin stand\u0131, \u0130zmir&#8217;de ya\u015fayan Mersinlilerin memleket \u00f6zlemini giderirken, Mersin&#8217;e hi\u00e7 gelme f\u0131rsat\u0131 bulamam\u0131\u015f kat\u0131l\u0131mc\u0131lar\u0131n da Mersin&#8217;i tan\u0131mas\u0131n\u0131 sa\u011flad\u0131. Fuara kat\u0131l\u0131m sa\u011flayan protokol \u00fcyeleri, belediye ba\u015fkanlar\u0131 ve acenta yetkilileri taraf\u0131ndan ziyaret edilen Mersin stand\u0131n\u0131, Japon B\u00fcy\u00fckel\u00e7isi Suzuki Kazuhiro da ziyaret etti.<br \/>\nMersin&#8217;in foto\u011fraf ve videolarla tan\u0131t\u0131ld\u0131\u011f\u0131 G\u00f6rsel Deneyim Alan\u0131, ziyaret\u00e7ilerin yo\u011fun ilgisiyle kar\u015f\u0131la\u015ft\u0131. Ziyaret\u00e7ilerin merak etti\u011fi tarihi veya turistik b\u00f6lgelerin g\u00f6rselini g\u00f6rebildi\u011fi alanda, Mersin&#8217;in en g\u00fczel noktalar\u0131 kat\u0131l\u0131mc\u0131lar\u0131n be\u011fenisine sunuldu.<br \/>\nStantta yer alan Mersin&#8217;e ait cezerye ve narenciye kurusu gibi lezzetler de, kat\u0131l\u0131mc\u0131lardan tam not ald\u0131. Stant ayr\u0131ca zengin kitap\u00e7\u0131k ve tan\u0131t\u0131m bro\u015f\u00fcr\u00fc ile di\u011fer stantlardan da ayr\u0131ld\u0131.<br \/>\nG\u00f6kayaz: &#8220;Kentimize daha fazla turist getirme \u00e7abas\u0131 i\u00e7erisindeyiz&#8221;<br \/>\nMersin B\u00fcy\u00fck\u015fehir Belediyesi Genel Sekreter Yard\u0131mc\u0131s\u0131 Serdal G\u00f6kayaz, Mersin&#8217;in her platformda tan\u0131t\u0131lmas\u0131 i\u00e7in \u00e7abalad\u0131klar\u0131n\u0131 belirterek, &#8220;Kentimizin bir\u00e7ok \u00f6zelli\u011fi var. Turizm a\u00e7\u0131s\u0131ndan hak etmedi\u011fi noktalarda oldu\u011funun bilincindeyiz, fark\u0131nday\u0131z. Mersin&#8217;in inan\u00e7 turizminden ekoturizme, deniz turizminden gastronomisine kadar bamba\u015fka \u00f6zelliklere sahip oldu\u011funun fark\u0131nday\u0131z. T\u00fcm bunlarla ilgili olarak, bu \u00f6zelliklerini ortaya koyup ard\u0131ndan tan\u0131tmak amac\u0131yla \u0130zmir Turizm Fuar\u0131&#8217;nday\u0131z. Burada turizm sekt\u00f6r\u00fcn\u00fcn profesyonelleriyle, Mersin&#8217;in bu bahsetti\u011fim \u00f6zelliklerini tan\u0131t\u0131c\u0131 \u00e7al\u0131\u015fmalar yap\u0131yoruz. \u00d6zellikle bu alanlarda olu\u015fturmu\u015f oldu\u011fumuz destinasyonlar\u0131m\u0131z\u0131, art\u0131k alan\u0131n profesyonellerine tan\u0131t\u0131p, kentimize daha fazla turist getirme \u00e7abas\u0131 i\u00e7erisindeyiz&#8221; dedi.<br \/>\n&#8220;Tamamen teknolojik ve yenilik\u00e7i bir stant&#8221;<br \/>\n\u0130zmir B\u00fcy\u00fck\u015fehir Belediyesi&#8217;nden festivale kat\u0131lan Mimar Tutku Ayt\u00fcrk, Mersin stand\u0131ndaki G\u00f6rsel Deneyim Alan\u0131&#8217;n\u0131 de\u011ferlendirerek, &#8220;G\u00fczel bir deneyim. Yenilik\u00e7i. Biz de asl\u0131nda fuara teknolojik deneyimleri incelemek i\u00e7in gelmi\u015ftik. Etkilendi\u011fimiz stantlardan biri oldu, ba\u015far\u0131l\u0131. Mersin&#8217;e bir kere geldim ama \u00e7ok \u00f6nceden. Tekrar gelmeyi tabii ki isterim&#8221; derken, B\u00fcy\u00fck\u015fehir Belediyesi&#8217;nin stand\u0131n\u0131, &#8220;Bence daha modern bir stant olarak \u00e7ok g\u00fczel olmu\u015f. Bir\u00e7ok \u015fehir \u00e7ok geleneksel ve yapay \u00f6\u011felerle kat\u0131lm\u0131\u015f. Tamamen teknolojik ve yenilik\u00e7i bir \u015fey. G\u00fczel bir duru\u015f sergiliyor, farkl\u0131l\u0131k yarat\u0131yor. Bir mimar olarak o a\u00e7\u0131dan be\u011fendim, tasar\u0131m\u0131 be\u011fendim&#8221; c\u00fcmleleriyle de\u011ferlendirdi.<br \/>\n&#8220;\u00c7ok g\u00fczel bir \u015fehir oldu\u011funu anl\u0131yorum&#8221;<br \/>\nFuar\u0131, &#8220;\u00c7ok g\u00fczel&#8221; diye tan\u0131mlayan kat\u0131l\u0131mc\u0131lardan Akarsu Deniz \u00c7elik, &#8220;Bir s\u00fcr\u00fc g\u00fczel stant var. Mersin de bunlardan biri. \u00c7ok g\u00fczel kitap\u00e7\u0131klar\u0131 var. Biraz daha detayl\u0131 okuyunca, tabii \u00e7ok daha iyi tan\u0131yabilirim, ama \u015fimdiden \u00e7ok g\u00fczel bir \u015fehir oldu\u011funu anl\u0131yorum&#8221; dedi.<\/p>\n","protected":false},"excerpt":{"rendered":"<p>T\u00fcrkiye genelinde d\u00fczenlenen ulusal ve uluslararas\u0131 fuarlara kat\u0131larak Mersin&#8217;in g\u00fczelliklerini tan\u0131tan Mersin B\u00fcy\u00fck\u015fehir Belediyesi, 16. Travel Turkey \u0130zmir Fuar\u0131&#8217;nda &#8216;Yenilik\u00e7i ve Teknolojik Mersin&#8217; stand\u0131 ile yo\u011fun ilgi g\u00f6rd\u00fc. Dinamik tasar\u0131m\u0131 &hellip; <a href=\"https:\/\/akdenizolaygazetesi.com\/?p=22842\" class=\"more-link\">Devam\u0131n\u0131 Oku&#8230;<\/a><\/p>\n","protected":false},"author":2,"featured_media":22843,"comment_status":"open","ping_status":"open","sticky":false,"template":"","format":"standard","meta":[],"categories":[7,3],"tags":[],"_links":{"self":[{"href":"https:\/\/akdenizolaygazetesi.com\/index.php?rest_route=\/wp\/v2\/posts\/22842"}],"collection":[{"href":"https:\/\/akdenizolaygazetesi.com\/index.php?rest_route=\/wp\/v2\/posts"}],"about":[{"href":"https:\/\/akdenizolaygazetesi.com\/index.php?rest_route=\/wp\/v2\/types\/post"}],"author":[{"embeddable":true,"href":"https:\/\/akdenizolaygazetesi.com\/index.php?rest_route=\/wp\/v2\/users\/2"}],"replies":[{"embeddable":true,"href":"https:\/\/akdenizolaygazetesi.com\/index.php?rest_route=%2Fwp%2Fv2%2Fcomments&post=22842"}],"version-history":[{"count":1,"href":"https:\/\/akdenizolaygazetesi.com\/index.php?rest_route=\/wp\/v2\/posts\/22842\/revisions"}],"predecessor-version":[{"id":22844,"href":"https:\/\/akdenizolaygazetesi.com\/index.php?rest_route=\/wp\/v2\/posts\/22842\/revisions\/22844"}],"wp:featuredmedia":[{"embeddable":true,"href":"https:\/\/akdenizolaygazetesi.com\/index.php?rest_route=\/wp\/v2\/media\/22843"}],"wp:attachment":[{"href":"https:\/\/akdenizolaygazetesi.com\/index.php?rest_route=%2Fwp%2Fv2%2Fmedia&parent=22842"}],"wp:term":[{"taxonomy":"category","embeddable":true,"href":"https:\/\/akdenizolaygazetesi.com\/index.php?rest_route=%2Fwp%2Fv2%2Fcategories&post=22842"},{"taxonomy":"post_tag","embeddable":true,"href":"https:\/\/akdenizolaygazetesi.com\/index.php?rest_route=%2Fwp%2Fv2%2Ftags&post=22842"}],"curies":[{"name":"wp","href":"https:\/\/api.w.org\/{rel}","templated":true}]}}