{"id":22848,"date":"2022-12-12T12:14:06","date_gmt":"2022-12-12T09:14:06","guid":{"rendered":"http:\/\/akdenizolaygazetesi.com\/?p=22848"},"modified":"2022-12-12T12:14:06","modified_gmt":"2022-12-12T09:14:06","slug":"erdemlide-yangin-tatbikati-yapildi","status":"publish","type":"post","link":"https:\/\/akdenizolaygazetesi.com\/?p=22848","title":{"rendered":"Erdemli\u2019de Yang\u0131n Tatbikat\u0131 Yap\u0131ld\u0131"},"content":{"rendered":"<p>Mersin Orman B\u00f6lge M\u00fcd\u00fcrl\u00fc\u011f\u00fcne ba\u011fl\u0131 Erdemli Orman \u0130\u015fletme M\u00fcd\u00fcrl\u00fc\u011f\u00fcnde, Mersin B\u00fcy\u00fck\u015fehir Belediyesi \u0130tfaiye Ekipleri taraf\u0131ndan olas\u0131 mesken yang\u0131nlar\u0131na m\u00fcdahale ve dikkat edilecek hususlar ile bina ve benzeri yang\u0131nlarda binan\u0131n tahliye edilmesi, yang\u0131n s\u00f6nd\u00fcrme malzemelerinin yang\u0131n t\u00fcrlerine g\u00f6re kullan\u0131m\u0131 hakk\u0131nda uygulamal\u0131 e\u011fitim verildi. K\u0131rsal alandaki k\u00f6y ve di\u011fer yerle\u015fim yerlerinde \u00e7\u0131kan yang\u0131nlarla ilgili olarak bilgi al\u0131\u015fveri\u015finde bulunuldu.<br \/>\nTatbikata Orman Zararlar\u0131yla M\u00fccadele \u015eube Teknik Personeli \u00d6mer T\u00fcrkle\u015f, Erdemli Orman \u0130\u015fletme M\u00fcd\u00fcr\u00fc Murat K\u00f6rl\u00fc, \u0130\u015fletme \u015fefleri ve \u0130\u015fletme Personeli ile \u0130tfaiye Ekibi kat\u0131ld\u0131. <\/p>\n<p>\u0130\u015fletme M\u00fcd\u00fcrl\u00fc\u011f\u00fcm\u00fcz ad\u0131na Mersin B\u00fcy\u00fck\u015fehir Belediyesi Erdemli \u0130tfaiye Ekiplerine te\u015fekk\u00fcr eder, g\u00f6revlerinde kolayl\u0131klar dileriz.<\/p>\n","protected":false},"excerpt":{"rendered":"<p>Mersin Orman B\u00f6lge M\u00fcd\u00fcrl\u00fc\u011f\u00fcne ba\u011fl\u0131 Erdemli Orman \u0130\u015fletme M\u00fcd\u00fcrl\u00fc\u011f\u00fcnde, Mersin B\u00fcy\u00fck\u015fehir Belediyesi \u0130tfaiye Ekipleri taraf\u0131ndan olas\u0131 mesken yang\u0131nlar\u0131na m\u00fcdahale ve dikkat edilecek hususlar ile bina ve benzeri yang\u0131nlarda binan\u0131n tahliye &hellip; <a href=\"https:\/\/akdenizolaygazetesi.com\/?p=22848\" class=\"more-link\">Devam\u0131n\u0131 Oku&#8230;<\/a><\/p>\n","protected":false},"author":2,"featured_media":22849,"comment_status":"open","ping_status":"open","sticky":false,"template":"","format":"standard","meta":[],"categories":[3],"tags":[],"_links":{"self":[{"href":"https:\/\/akdenizolaygazetesi.com\/index.php?rest_route=\/wp\/v2\/posts\/22848"}],"collection":[{"href":"https:\/\/akdenizolaygazetesi.com\/index.php?rest_route=\/wp\/v2\/posts"}],"about":[{"href":"https:\/\/akdenizolaygazetesi.com\/index.php?rest_route=\/wp\/v2\/types\/post"}],"author":[{"embeddable":true,"href":"https:\/\/akdenizolaygazetesi.com\/index.php?rest_route=\/wp\/v2\/users\/2"}],"replies":[{"embeddable":true,"href":"https:\/\/akdenizolaygazetesi.com\/index.php?rest_route=%2Fwp%2Fv2%2Fcomments&post=22848"}],"version-history":[{"count":1,"href":"https:\/\/akdenizolaygazetesi.com\/index.php?rest_route=\/wp\/v2\/posts\/22848\/revisions"}],"predecessor-version":[{"id":22850,"href":"https:\/\/akdenizolaygazetesi.com\/index.php?rest_route=\/wp\/v2\/posts\/22848\/revisions\/22850"}],"wp:featuredmedia":[{"embeddable":true,"href":"https:\/\/akdenizolaygazetesi.com\/index.php?rest_route=\/wp\/v2\/media\/22849"}],"wp:attachment":[{"href":"https:\/\/akdenizolaygazetesi.com\/index.php?rest_route=%2Fwp%2Fv2%2Fmedia&parent=22848"}],"wp:term":[{"taxonomy":"category","embeddable":true,"href":"https:\/\/akdenizolaygazetesi.com\/index.php?rest_route=%2Fwp%2Fv2%2Fcategories&post=22848"},{"taxonomy":"post_tag","embeddable":true,"href":"https:\/\/akdenizolaygazetesi.com\/index.php?rest_route=%2Fwp%2Fv2%2Ftags&post=22848"}],"curies":[{"name":"wp","href":"https:\/\/api.w.org\/{rel}","templated":true}]}}