{"id":22851,"date":"2022-12-12T16:02:01","date_gmt":"2022-12-12T13:02:01","guid":{"rendered":"http:\/\/akdenizolaygazetesi.com\/?p=22851"},"modified":"2022-12-12T16:02:01","modified_gmt":"2022-12-12T13:02:01","slug":"toroslarda-yaklasik-200-yillik-gecmise-yolculuk","status":"publish","type":"post","link":"https:\/\/akdenizolaygazetesi.com\/?p=22851","title":{"rendered":"TOROSLAR&#8217;DA, YAKLA\u015eIK 200 YILLIK GE\u00c7M\u0130\u015eE YOLCULUK!"},"content":{"rendered":"<p>Toroslar Belediye Ba\u015fkan\u0131 Ats\u0131z Af\u015f\u0131n Y\u0131lmaz&#8217;\u0131n, kent tarihini g\u00fcn y\u00fcz\u00fcne \u00e7\u0131karan projelerinden biri olan Buluklu Mahallesi&#8217;ndeki &#8220;KuvayiMilliye Kararg\u00e2h\u0131&#8221;, k\u00fclt\u00fcr turizmine de \u00f6nemli katk\u0131 sunuyor.<\/p>\n<p>Yap\u0131lan restore \u00e7al\u0131\u015fmalar\u0131n\u0131n ard\u0131ndan 3 Ocak Mersin&#8217;in D\u00fc\u015fman \u0130\u015fgalinden Kurtulu\u015fu&#8217;nun 100&#8217;\u00fcnc\u00fc y\u0131l d\u00f6n\u00fcm\u00fcnde a\u00e7\u0131lan m\u00fczeyi bug\u00fcne kadar binlerce ki\u015fi ziyaret etti.<\/p>\n<p>Milli M\u00fccadele \u00e7al\u0131\u015fmalar\u0131na kararg\u00e2hl\u0131k etmi\u015f, yakla\u015f\u0131k 200 y\u0131ll\u0131k iki katl\u0131 bina; vatanda\u015flar\u0131n ve kentteki okullar\u0131n yan\u0131 s\u0131ra T\u00fcrk d\u00fcnyas\u0131ndan ve yabanc\u0131 \u00fclkelerden Mersin&#8217;e gelen \u00f6\u011frencilerin de ziyaret\u00e7i ak\u0131n\u0131na u\u011fruyor.<\/p>\n<p>Mersin&#8217;de milli m\u00fccadelenin destans\u0131 hik\u00e2yesinin ya\u015fayan bir \u00f6rne\u011fi olan foto\u011fraflar, belgeler ve etnografik eserlerle donat\u0131lan tarihi binada Ba\u015fkan Y\u0131lmaz da misafirlerine bizzat kendisi rehberlik ederek, kararg\u00e2h ile ilgili bilgiler veriyor. Ziyaret\u00e7iler, kararg\u00e2hta adeta ge\u00e7mi\u015fe yolculuk yap\u0131yor.<\/p>\n<p>&#8220;Amac\u0131m\u0131z; Vatan, Millet Sevgisiyle Yeti\u015fmi\u015f Bir Gen\u00e7lik&#8221;<\/p>\n<p>Toroslar Belediye Ba\u015fkan\u0131 Ats\u0131z Af\u015f\u0131n Y\u0131lmaz, KuvayiMilliye Karargah\u0131&#8217;n\u0131, 3 Ocak Mersin&#8217;in D\u00fc\u015fman \u0130\u015fgalinden Kurtulu\u015fu&#8217;nun 100&#8217;\u00fcnc\u00fc y\u0131l d\u00f6n\u00fcm\u00fcnde kente kazand\u0131rd\u0131klar\u0131n\u0131 kaydederek; &#8220;Birli\u011fimizin, beraberli\u011fimizin, milli irademizin ve milli \u015fuurumuzun bir sembol\u00fc olan bu karargah, ge\u00e7mi\u015f ile gelecek aras\u0131nda \u00f6nemli bir k\u00f6pr\u00fc g\u00f6revi g\u00f6r\u00fcyor&#8221; dedi.<\/p>\n<p>&#8220;\u00d6nemli olan bu m\u00fczeyi a\u00e7mak de\u011fil. Bunu s\u00fcrd\u00fcrebilmek ve tarih \u015fuurunu yeni nesle aktarabilmek&#8221; diyen Ba\u015fkan Y\u0131lmaz; &#8220;Mersin gibi kurtulu\u015f m\u00fccadelesi verilmi\u015f bir \u015fehirde KuvayiMilliye M\u00fczesi&#8217;nin olmamas\u0131n\u0131 bir eksiklik olarak g\u00f6rd\u00fck. Verilen bu m\u00fccadelenin bilinmesi, anla\u015f\u0131lmas\u0131 ve buna devam edilmesinin \u00f6nemli oldu\u011funu d\u00fc\u015f\u00fcn\u00fcyoruz. Ve bu \u00e7er\u00e7evede restore ederek kente kazand\u0131rd\u0131\u011f\u0131m\u0131z kararg\u00e2h\u0131m\u0131zda ata yadig\u00e2r\u0131 tarihimizi ya\u015fatman\u0131n b\u00fcy\u00fck gururu i\u00e7erisindeyiz. T\u00fcm \u00e7ocuklar\u0131m\u0131z\u0131, gen\u00e7lerimizi ve hem\u015fehrilerimizi kararg\u00e2h\u0131m\u0131za bekliyoruz&#8221; diye konu\u015ftu.<\/p>\n","protected":false},"excerpt":{"rendered":"<p>Toroslar Belediye Ba\u015fkan\u0131 Ats\u0131z Af\u015f\u0131n Y\u0131lmaz&#8217;\u0131n, kent tarihini g\u00fcn y\u00fcz\u00fcne \u00e7\u0131karan projelerinden biri olan Buluklu Mahallesi&#8217;ndeki &#8220;KuvayiMilliye Kararg\u00e2h\u0131&#8221;, k\u00fclt\u00fcr turizmine de \u00f6nemli katk\u0131 sunuyor. Yap\u0131lan restore \u00e7al\u0131\u015fmalar\u0131n\u0131n ard\u0131ndan 3 Ocak &hellip; <a href=\"https:\/\/akdenizolaygazetesi.com\/?p=22851\" class=\"more-link\">Devam\u0131n\u0131 Oku&#8230;<\/a><\/p>\n","protected":false},"author":2,"featured_media":22852,"comment_status":"open","ping_status":"open","sticky":false,"template":"","format":"standard","meta":[],"categories":[2,3,5],"tags":[],"_links":{"self":[{"href":"https:\/\/akdenizolaygazetesi.com\/index.php?rest_route=\/wp\/v2\/posts\/22851"}],"collection":[{"href":"https:\/\/akdenizolaygazetesi.com\/index.php?rest_route=\/wp\/v2\/posts"}],"about":[{"href":"https:\/\/akdenizolaygazetesi.com\/index.php?rest_route=\/wp\/v2\/types\/post"}],"author":[{"embeddable":true,"href":"https:\/\/akdenizolaygazetesi.com\/index.php?rest_route=\/wp\/v2\/users\/2"}],"replies":[{"embeddable":true,"href":"https:\/\/akdenizolaygazetesi.com\/index.php?rest_route=%2Fwp%2Fv2%2Fcomments&post=22851"}],"version-history":[{"count":1,"href":"https:\/\/akdenizolaygazetesi.com\/index.php?rest_route=\/wp\/v2\/posts\/22851\/revisions"}],"predecessor-version":[{"id":22853,"href":"https:\/\/akdenizolaygazetesi.com\/index.php?rest_route=\/wp\/v2\/posts\/22851\/revisions\/22853"}],"wp:featuredmedia":[{"embeddable":true,"href":"https:\/\/akdenizolaygazetesi.com\/index.php?rest_route=\/wp\/v2\/media\/22852"}],"wp:attachment":[{"href":"https:\/\/akdenizolaygazetesi.com\/index.php?rest_route=%2Fwp%2Fv2%2Fmedia&parent=22851"}],"wp:term":[{"taxonomy":"category","embeddable":true,"href":"https:\/\/akdenizolaygazetesi.com\/index.php?rest_route=%2Fwp%2Fv2%2Fcategories&post=22851"},{"taxonomy":"post_tag","embeddable":true,"href":"https:\/\/akdenizolaygazetesi.com\/index.php?rest_route=%2Fwp%2Fv2%2Ftags&post=22851"}],"curies":[{"name":"wp","href":"https:\/\/api.w.org\/{rel}","templated":true}]}}