{"id":22857,"date":"2022-12-13T12:13:11","date_gmt":"2022-12-13T09:13:11","guid":{"rendered":"http:\/\/akdenizolaygazetesi.com\/?p=22857"},"modified":"2022-12-13T12:13:11","modified_gmt":"2022-12-13T09:13:11","slug":"ikinci-donem-adayligimda-basat-sozum-toplu-konut-projelerini-suratle-baslatacagim","status":"publish","type":"post","link":"https:\/\/akdenizolaygazetesi.com\/?p=22857","title":{"rendered":"&#8220;\u0130K\u0130NC\u0130 D\u00d6NEM ADAYLI\u011eIMDA BA\u015eAT S\u00d6Z\u00dcM, &#8216;TOPLU KONUT PROJELER\u0130&#8217;N\u0130 S\u00dcRATLE BA\u015eLATACA\u011eIM&#8221;"},"content":{"rendered":"<p>Mersin B\u00fcy\u00fck\u015fehir Belediye Meclisi&#8217;nin 2022 Y\u0131l\u0131 Aral\u0131k ay\u0131 1. Birle\u015fim Toplant\u0131s\u0131, B\u00fcy\u00fck\u015fehir Belediye Ba\u015fkan\u0131 Vahap Se\u00e7er ba\u015fkanl\u0131\u011f\u0131nda ger\u00e7ekle\u015ftirildi. Oturum; B\u00fcy\u00fck\u015fehir Belediyesi Kongre ve Sergi Saray\u0131&#8217;nda yap\u0131ld\u0131. Birimlerden gelen 26 ve komisyonlara havale edilen 4 olmak \u00fczere toplam 30 madde g\u00f6r\u00fc\u015f\u00fclerek oyland\u0131. Ba\u015fkan Se\u00e7er toplant\u0131da metro, katl\u0131 kav\u015faklar, imar planlar\u0131 gibi bir\u00e7ok konuda \u00f6nemli a\u00e7\u0131klamalarda bulundu.<br \/>\n&#8220;Dikenli Yol Alt Ge\u00e7idi, bug\u00fcne kadar yap\u0131lan en derin alt ge\u00e7it olma \u00f6zelli\u011fini ta\u015f\u0131yor&#8221;<br \/>\nDikenli Yol Alt Ge\u00e7idi&#8217;ni hizmete a\u00e7t\u0131klar\u0131n\u0131 an\u0131msatan Ba\u015fkan Se\u00e7er, bu alt ge\u00e7idin hizmete al\u0131nmas\u0131yla hem vatanda\u015flar\u0131 trafik sorunundan kurtard\u0131klar\u0131n\u0131 hem de 2. \u00c7evre Yolu&#8217;nu transit hale getirdiklerini ifade etti. Alt ge\u00e7idin teknik bilgilerini de payla\u015fan Ba\u015fkan Se\u00e7er, &#8220;Bu alt ge\u00e7it, bug\u00fcne kadar Mersin&#8217;de yap\u0131lan en derin alt ge\u00e7it olma \u00f6zelli\u011fini ta\u015f\u0131yor. Kuzey-G\u00fcney aks\u0131nda ilk alt ge\u00e7it olma h\u00fcviyetini ta\u015f\u0131yor. Bildi\u011finiz gibi 18. Cadde&#8217;nin Okan Merzeci Bulvar\u0131 ile kesi\u015fti\u011fi noktaya yap\u0131lan bir alt ge\u00e7it bu. Daha \u00f6nce o b\u00f6lgenin trafik yo\u011funlu\u011fu Sevgi Katl\u0131 Kav\u015fa\u011f\u0131 ve Demokrasi Katl\u0131 Kav\u015fa\u011f\u0131&#8217;na y\u00f6neliyordu ve oralarda y\u0131\u011f\u0131lmalara neden oluyordu. \u015eimdi bu sorunu ortadan kald\u0131rm\u0131\u015f oluyoruz. Vatanda\u015flar\u0131m\u0131z, Adnan Menderes Bulvar\u0131&#8217;ndan GMK&#8217;y\u0131 a\u015farak 18. Cadde boyunca 3. \u00c7evre Yolu&#8217;na kadar durmaks\u0131z\u0131n rahat bir \u015fekilde gidebilecekler. Bu nedenle, merkezden kuzeye yolculuk eden vatanda\u015flar\u0131m\u0131z\u0131n bu yolu tercih etmeleri di\u011fer arterlerdeki trafik s\u0131k\u0131\u015f\u0131kl\u0131\u011f\u0131n\u0131 \u00f6nleyecek \u00f6nemli bir tercih olur. Buradan vatanda\u015flar\u0131m\u0131za da duyurmak istiyorum&#8221; dedi.<br \/>\nBe\u015fyol&#8217;da \u00e7al\u0131\u015fmalar ba\u015fl\u0131yor<br \/>\nBe\u015fyol Plaza Kav\u015fa\u011f\u0131&#8217;n\u0131n bug\u00fcn itibariyle G\u00fcney-Kuzey aks\u0131nda ba\u015flayan \u00e7al\u0131\u015fmalardan dolay\u0131 trafi\u011fe kapat\u0131ld\u0131\u011f\u0131n\u0131 duyuran Ba\u015fkan Se\u00e7er, &#8220;Oras\u0131 \u00e7ok geni\u015f ve b\u00fcy\u00fck bir kav\u015fak. Bug\u00fcn kapatma \u00e7al\u0131\u015fmalar\u0131 ba\u015flad\u0131. \u00c7\u00fcnk\u00fc al\u0131\u015f\u0131la gelmi\u015f; insanlar, o g\u00fczergah\u0131 kullanacaklar. Vatanda\u015flar\u0131m\u0131z\u0131n G\u00f6\u00e7men ya da Sevgi Katl\u0131 Kav\u015fa\u011f\u0131&#8217;n\u0131 kullanarak kar\u015f\u0131 istikamete gitmeleri gerekiyor. Belirli bir s\u00fcre alacak al\u0131\u015fmalar\u0131 ama belirli bir s\u00fcre sonra da trafik yoluna girecek. Yeni a\u00e7t\u0131\u011f\u0131m\u0131z Kuzey-G\u00fcney hatt\u0131ndaki Dikenli Yol Alt Ge\u00e7idi&#8217;nin yo\u011fun kullan\u0131lmas\u0131 di\u011fer kav\u015faklardaki trafik yo\u011funlu\u011funu da azaltacakt\u0131r. \u00d6zellikle Mersin merkezden gelen ve kuzeye y\u00f6nelmek isteyen ara\u00e7lar i\u00e7in \u00f6nem arz etmektedir&#8221; diye konu\u015ftu.<br \/>\nBa\u015fkan Se\u00e7er, k\u00f6pr\u00fcl\u00fc kav\u015faklar\u0131 yapmalar\u0131ndaki amac\u0131n 2. \u00c7evre Yolu&#8217;nu Hal Kav\u015fa\u011f\u0131&#8217;ndan ba\u015flay\u0131p Vatan Caddesi&#8217;ne kadar durmaks\u0131z\u0131n ara\u00e7lar\u0131n seyredebilece\u011fi bir yol haline getirebilmek oldu\u011funa i\u015faret etti. \u00d6nceki d\u00f6nemde Demokrasi ve Egemenlik kav\u015faklar\u0131n\u0131n in\u015fas\u0131n\u0131n yap\u0131ld\u0131\u011f\u0131n\u0131, An\u0131t Katl\u0131 Kav\u015fa\u011f\u0131&#8217;nda ise \u00e7al\u0131\u015fmalar\u0131n\u0131n ba\u015flad\u0131\u011f\u0131n\u0131 ancak o s\u00fcre\u00e7te ya\u015fanan mali kriz ve y\u00fcklenici firmayla mahkemelik olundu\u011fundan dolay\u0131 \u00e7al\u0131\u015fman\u0131n akamete u\u011frad\u0131\u011f\u0131 bilgisini an\u0131msatan Se\u00e7er, &#8220;\u00c7evre sakinlerine de \u00e7ok b\u00fcy\u00fck rahats\u0131zl\u0131k veriyordu. S\u00fcratle m\u00fcdahale ettik. \u00d6nce An\u0131t Katl\u0131 Kav\u015fa\u011f\u0131&#8217;n\u0131 19 May\u0131s 2019 y\u0131l\u0131nda a\u00e7t\u0131k. Yani hen\u00fcz y\u00f6netime geldikten 35 g\u00fcn sonra bitirdik ve a\u00e7t\u0131k. Ard\u0131ndan 2021 y\u0131l\u0131 \u015eubat ay\u0131nda Sevgi Katl\u0131 Kav\u015fa\u011f\u0131&#8217;n\u0131 ve sonras\u0131nda 2022&#8217;nin Nisan ay\u0131nda G\u00f6\u00e7men Katl\u0131 Kav\u015fa\u011f\u0131&#8217;n\u0131 trafi\u011fe a\u00e7t\u0131k. \u015eimdi de 83 g\u00fcnde ilk Kuzey-G\u00fcney aks\u0131nda bir alt ge\u00e7it in\u015fa ettik&#8221; diye konu\u015ftu. G\u00f6rev s\u00fcresince bir plan ve proje kapsam\u0131nda ilk olarak hizmete a\u00e7t\u0131klar\u0131 Sevgi Katl\u0131 Kav\u015fa\u011f\u0131&#8217;n\u0131 87, ard\u0131ndan G\u00f6\u00e7men Katl\u0131 Kav\u015fa\u011f\u0131&#8217;n\u0131 da 85 g\u00fcnde tamamlad\u0131klar\u0131n\u0131 s\u00f6yleyen Se\u00e7er, \u00e7al\u0131\u015fmada eme\u011fi ge\u00e7en herkese ve gece ge\u00e7 saatlere kadar s\u00fcren 83 g\u00fcnl\u00fck \u00e7al\u0131\u015fmada ho\u015fg\u00f6r\u00fc g\u00f6steren t\u00fcm \u00e7evre sakinlerine de te\u015fekk\u00fcr etti.<br \/>\n &#8220;2023 y\u0131l\u0131 i\u00e7erisinde zaten iki b\u00fcy\u00fck projeden birini ger\u00e7ekle\u015ftirece\u011fiz&#8221;<br \/>\nAkbelen Kav\u015fa\u011f\u0131&#8217;n\u0131n da Karayollar\u0131 Genel M\u00fcd\u00fcrl\u00fc\u011f\u00fc taraf\u0131ndan yap\u0131lmas\u0131 gerekti\u011fini ve bu gereklili\u011fi her ortamda dile getirdi\u011fini an\u0131msatan Ba\u015fkan Se\u00e7er, &#8220;Karayollar\u0131ndan herhangi bir ses seda yok. Oysaki ihalesi dahi yap\u0131lm\u0131\u015f bir proje. E\u011fer Karayollar\u0131 Akbelen Katl\u0131 Kav\u015fa\u011f\u0131n\u0131 yaparsa \u015fu haliyle bile 7,5 kilometrelik durmaks\u0131z\u0131n bir aks edinece\u011fiz. Kald\u0131 ki Akbelen Katl\u0131 Kav\u015fa\u011f\u0131 da vatanda\u015flar\u0131m\u0131z\u0131n da s\u00fcrekli \u015fikayet etti\u011fi bir kav\u015fakt\u0131r. Bir kez daha bunun \u00f6nemini vurgulamak istiyorum&#8221; ifadelerini kulland\u0131.<br \/>\nDikenli Yol Alt Ge\u00e7idi&#8217;nden sonra s\u0131rada Sayapark ve Hal katl\u0131 kav\u015faklar\u0131n\u0131n oldu\u011funu ve bunlar\u0131n projelerinin haz\u0131r oldu\u011funu vurgulayan Se\u00e7er, Hal Katl\u0131 Kav\u015fa\u011f\u0131&#8217;n\u0131n yap\u0131laca\u011f\u0131 b\u00f6lgede bulunan y\u00fcksek gerilim hatt\u0131 sorununun da elektrik idaresi ile birlikte a\u015fmaya \u00e7al\u0131\u015ft\u0131klar\u0131n\u0131 dile getirdi. 2023 y\u0131l\u0131 i\u00e7erisinde bu iki katl\u0131 kav\u015faklardan bir tanesini hayata ge\u00e7ireceklerini m\u00fcjdeleyen Ba\u015fkan Se\u00e7er, &#8220;A\u011f\u0131rl\u0131kl\u0131 olarak Sayapark Katl\u0131 Kav\u015fa\u011f\u0131 g\u00f6r\u00fcn\u00fcyor. \u00c7\u00fcnk\u00fc oran\u0131n sorun alan\u0131 daha yo\u011fun bir sorun alan\u0131. Hal de \u00f6yle ama oras\u0131 sanki daha \u00f6nce \u00e7\u00f6zmemiz gerekti\u011fini g\u00f6r\u00fcyoruz. Daha sonra da Hal ile An\u0131t Katl\u0131 Kav\u015fa\u011f\u0131 aras\u0131nda olan Mersinli Ahmet Caddesi&#8217;nin Okan Merzeci ba\u011flant\u0131s\u0131ndaki yine bir b\u00f6lge var. Oray\u0131 yapmay\u0131 planl\u0131yoruz ve bunlar tamamland\u0131ktan sonra Hal Kav\u015fa\u011f\u0131&#8217;ndan, otobandan Mersin \u015fehir merkezine do\u011fu-bat\u0131 aks\u0131nda y\u00f6nelmek isteyen bir ara\u00e7, durmaks\u0131z\u0131n Vatan Caddesi&#8217;ne kadar ula\u015fabilecek. 17 kilometrelik \u00f6nemli bir mesafe. Do\u011fu noktas\u0131, Bat\u0131 noktas\u0131 durmaks\u0131z\u0131n gidecek. \u00c7o\u011fu gitti, az\u0131 kald\u0131 diyebiliriz. 2023 y\u0131l\u0131 i\u00e7erisinde zaten iki b\u00fcy\u00fck projeden birini ger\u00e7ekle\u015ftirece\u011fiz. \u015eartlara g\u00f6re belki ikincisine de ba\u015flayabiliriz. Salavat g\u00fc\u00e7ten do\u011far. Bu biraz da b\u00fct\u00e7e meselesi ama istedi\u011fimiz ko\u015fullar olu\u015fursa 2023 y\u0131l\u0131nda her iki katl\u0131 kav\u015fa\u011f\u0131 da bitirece\u011fiz. Buradan vatanda\u015flar\u0131m\u0131za s\u00f6z\u00fcm\u00fczd\u00fcr&#8221; dedi.<br \/>\n&#8220;41 otob\u00fcs\u00fcn teslimat\u0131 d\u00fcnyadaki \u00e7ip krizinden dolay\u0131 gecikti&#8221;<br \/>\nMersin&#8217;e kazand\u0131r\u0131lan &#8216;Sar\u0131 Limonlar&#8217;a da de\u011finen Ba\u015fkan Se\u00e7er, 41 otob\u00fcs daha teslim al\u0131p hizmete sunarak, daha \u00f6nceden a\u00e7\u0131klad\u0131klar\u0131 toplam 272 yeni otob\u00fcs\u00fc tamamlayacaklar\u0131n\u0131 an\u0131msatt\u0131. Ba\u015fkan Se\u00e7er, &#8220;Teslimat tarihi, d\u00fcnyadaki \u00e7ip krizinden dolay\u0131 gecikti. Do\u011fal olarak ellerinde olmayan baz\u0131 geli\u015fmeler oldu. Bu ay sonuna kadar tamamlayacaklar ve toplamda 272 otob\u00fcs hizmete girmi\u015f olacak&#8221; dedi. Belediye ba\u015fkanlar\u0131na duyuruda bulunan Ba\u015fkan Se\u00e7er, yeni otob\u00fcslerin gelmesiyle mevcut filodan \u00e7ekilecek baz\u0131 ara\u00e7lar\u0131, k\u0131sa mesafeli servislerde kullan\u0131lmak \u00fczere belediyelere hibe edebileceklerini s\u00f6yledi.<br \/>\nG\u00fcndem d\u0131\u015f\u0131 konu\u015fmalar b\u00f6l\u00fcm\u00fcnde, Meclis \u00fcyelerinin Kent Konseyi&#8217;nin ge\u00e7ti\u011fimiz g\u00fcnlerde yapt\u0131\u011f\u0131 \u00c7aml\u0131bel \u00e7al\u0131\u015ftay\u0131na ve konseyin &#8220;mikser&#8221; olarak nitelendirilmesine ili\u015fkin de\u011ferlendirmeleri \u00fczerine Ba\u015fkan Se\u00e7er, &#8220;Az \u00f6nce benim slogan\u0131m\u0131 s\u00f6yledin. &#8216;Bug\u00fcnler Gelir Ge\u00e7er, Mersin \u0130\u00e7in Vahap Se\u00e7er&#8217; dedi halk. Sen halk\u0131n karar\u0131n\u0131 da bilemiyorsun. Biz bu tart\u0131\u015fmay\u0131 bitiremeyiz. Bu konuyu Kent Konseyi toplant\u0131s\u0131ndan yola \u00e7\u0131karak arkada\u015f\u0131m\u0131z Meclis&#8217;in ve halk\u0131n, kamuoyunun dikkatine sundu. Say\u0131n G\u00fcltak, \u00c7evre Bakanl\u0131\u011f\u0131&#8217;n\u0131 savunmaya ge\u00e7ti. Asl\u0131nda bu proje \u00c7evre Bakanl\u0131\u011f\u0131&#8217;n\u0131n projesi. Burada G\u00fcltak, iktidar\u0131n bir belediye ba\u015fkan\u0131 olma h\u00fcviyeti ile bu refleksi g\u00f6steriyor. Asl\u0131nda kendisinin konusu de\u011fil&#8221; dedi.<br \/>\n&#8220;H\u00fck\u00fcmet, A Belediyesi&#8217;ne ba\u015fka, B Belediyesi&#8217;ne ba\u015fka gibi bir tercihte bulunamaz&#8221;<br \/>\nBir Meclis \u00fcyesi taraf\u0131ndan genel b\u00fct\u00e7eden gelen gelirlerin artt\u0131\u011f\u0131 y\u00f6n\u00fcndeki de\u011ferlendirmelerine yan\u0131t veren Ba\u015fkan Se\u00e7er, de\u011ferlendirmenin yanl\u0131\u015f oldu\u011funu s\u00f6yledi. &#8220;Sanki mevcut iktidar\u0131n elinde bir musluk var, bizim gelirimizi onlar a\u00e7\u0131yor ya da kap\u0131yor gibi bir \u015fey var. Oysa hepimizin gelirleri yasalarla belirlenmi\u015ftir&#8221; diyen Ba\u015fkan Se\u00e7er, konu\u015fmas\u0131n\u0131 \u015f\u00f6yle s\u00fcrd\u00fcrd\u00fc:<br \/>\n&#8220;Bizim genel vergi b\u00fct\u00e7e gelirlerinden pay\u0131m\u0131z var, y\u00fczde 6 civar\u0131nda. Onun de\u011fi\u015fik hesaplama y\u00f6ntemi var. Bunlar belediyelere aktar\u0131l\u0131r. Yani biz buna kabaca &#8216;maliye pay\u0131&#8217; diyoruz. Bir di\u011feri; \u015fehrin y\u00fcz \u00f6l\u00e7\u00fcm\u00fc ve n\u00fcfusundan kaynakl\u0131, de\u011fi\u015fimine g\u00f6re bir hesaplama y\u00f6ntemi var; \u0130ller Bankas\u0131 pay\u0131 olarak gelir. Bir de bizim \u00f6z gelirlerimiz vard\u0131r. Bunlar\u0131n hepsi yasayla bellidir, sabittir. Yani h\u00fck\u00fcmet, A Belediyesi&#8217;ne ba\u015fka, B Belediyesi&#8217;ne ba\u015fka gibi bir tercihte bulunamaz. Ancak \u015funu yapar; kurumlar eliyle kullan\u0131lan kamu kaynaklar\u0131 vard\u0131r, Bakanl\u0131klar eliyle kullan\u0131lan&#8230; Burada bunlardan faydalanma konusunda belediyeler aras\u0131nda fark g\u00f6zetebilir. AK Parti&#8217;li belediyeye verir, CHP&#8217;li belediyeye vermez. G\u00fcn\u00fcm\u00fczde oldu\u011fu gibi ama di\u011fer t\u00fcrl\u00fc gelirlerimizle oynayamaz. Bir kere \u0130smail Bey&#8217;in bunu d\u00fczeltmesini isterim ben. Bizim gelirlerimize de bakt\u0131m. Bir yanl\u0131\u015f anlama olmas\u0131n. Biz baz\u0131 rakamlar\u0131 verirken bunlar denetime a\u00e7\u0131k. Eski, yeni, ge\u00e7mi\u015f d\u00f6nem, bu d\u00f6nem&#8221;<br \/>\n&#8220;Bizim reel anlamda bir gelir art\u0131\u015f\u0131m\u0131z yok&#8221;<br \/>\n2019 y\u0131l\u0131nda giderlerinin 1 milyar 489 milyon, gelirlerinin ise 1 milyar 420 milyon TL oldu\u011funu dile getiren Ba\u015fkan Se\u00e7er, &#8220;Gelelim 2022&#8217;ye. Tahmini ger\u00e7ekle\u015fecek olan gider b\u00fct\u00e7emiz, 5 milyar 700 milyon lira. 1.490&#8217;dan, 5.700&#8217;e. Buradaki art\u0131\u015f oran\u0131 giderlerimizde y\u00fczde 300 civar\u0131nda. Tam s\u00f6yleyeyim, y\u00fczde 283. Gelir b\u00fct\u00e7emizin 2019&#8217;daki ger\u00e7ekle\u015fmesi 1.420, bu y\u0131l Kas\u0131m ay\u0131 sonu itibariyle yakla\u015f\u0131k olarak 4 milyar lira, y\u0131lsonuna kadar da 5 milyar ya da bilemediniz 5 milyar 200 milyon lira gelirimiz olacak. Bunun da art\u0131\u015f oran\u0131 yakla\u015f\u0131k 250. \u015eimdi o g\u00fcnden bug\u00fcne giderimiz ile gelirimiz aras\u0131nda art\u0131\u015f oran\u0131 da farkl\u0131. Bu \u00f6nemli. Dolay\u0131s\u0131yla Say\u0131n Yerlikaya&#8217;n\u0131n dedi\u011fi gibi \u00f6yle bizim reel anlamda bir gelir art\u0131\u015f\u0131m\u0131z yok. Yani \u015f\u00f6yle d\u00fc\u015f\u00fcn\u00fcn; asgari \u00fccretle \u00e7al\u0131\u015f\u0131yorsunuz, 2019 y\u0131l\u0131nda asgari \u00fccret 2 bin lirayd\u0131. \u015eimdi, 5 bin 500 TL oldu. Reel bir art\u0131\u015f de\u011fil ki bu, enflasyon kaynakl\u0131. Burada bir yan\u0131lg\u0131ya d\u00fc\u015fmeyelim&#8221; ifadelerini kulland\u0131. Ge\u00e7mi\u015f d\u00f6nemle mukayeseler yaparken kimseyi ele\u015ftirmek ve hedef haline getirmek derdinde olmad\u0131klar\u0131n\u0131 s\u00f6yleyen Ba\u015fkan Se\u00e7er, \u015funlar\u0131 s\u00f6yledi:<br \/>\n&#8220;Yapt\u0131\u011f\u0131n\u0131z bir i\u015fin do\u011frulu\u011funu anlatabilmek i\u00e7in bir referans\u0131n\u0131z\u0131n olmas\u0131 laz\u0131m. Ben 100 metreyi 20 saniyede ko\u015far\u0131m. \u015eunu demeniz laz\u0131m; &#8216;\u00d6nceki rekor 21 saniyeydi, biz 20 saniyede ko\u015fuyoruz&#8217; ya da &#8216;Ayn\u0131 i\u015fi 10 liraya ba\u015fkas\u0131 yaparken, 8 liraya yap\u0131yorum&#8217;. Ama bir mukayese yapman\u0131z laz\u0131m. Ben de zaman zaman ge\u00e7mi\u015f d\u00f6nemle mukayeseler yap\u0131yorum. Herkes, \u00f6zellikle bu sosyal medyadan dolay\u0131 da kontrols\u00fcz bir bi\u00e7imde laf\u0131n, s\u00f6z\u00fcn nereye gidece\u011fini bilmeden yaz\u0131p \u00e7iziyor. Dediler ki, &#8216;Bunlar belediyecili\u011fi bilmiyor, bunlar cahil, bunlar&#8230;&#8217; Ne olmu\u015f? &#8216;Biz de d\u00fcnya bor\u00e7 devralm\u0131\u015f\u0131z Macit \u00d6zcan y\u00f6netiminden. Beldelerin borcu varm\u0131\u015f, belediyelerin borcu varm\u0131\u015f.&#8217; Merak ettim, dedim ki; &#8216;Mali \u0130\u015fler bir \u00e7al\u0131\u015fma yaps\u0131n.&#8217; Plan B\u00fct\u00e7e Komisyonu \u00fcyeleri burada. Bak\u0131n; bizim Macit \u00d6zcan d\u00f6neminden 2014&#8217;e aktar\u0131lan bor\u00e7lar, belde belediyeleri her \u015fey dahil 177 milyon lira 857 bin lira. Belde belediyelerinden gelen 9 milyon 619 bin, yani Macit \u00d6zcan y\u00f6netiminden gelen 168 milyon borcu varm\u0131\u015f aktar\u0131lan. Bunun d\u00f6viz kar\u015f\u0131l\u0131\u011f\u0131 da toplamda belde belediyeleri dahil 82 milyon 605 bin dolar. Devreden nakit toplam\u0131 31 milyon 781 bin lira. Bir de haz\u0131r para kalm\u0131\u015f oradan. Aradaki fark\u0131 ald\u0131\u011f\u0131n\u0131z zaman, 14 milyon dolar para b\u0131rak\u0131lm\u0131\u015f o zaman\u0131n d\u00f6viz kuruyla. Onu da d\u00fc\u015ft\u00fc\u011f\u00fcn\u00fcz zaman belediyenin 68 milyon dolar bir borcu var. Gelelim bir sonraki d\u00f6nemin, \u015fu ana kadar ki durumuna ve devrald\u0131\u011f\u0131 borca. Aradan 5 sene ge\u00e7iyor, bir ba\u015fka bir Belediye Ba\u015fkan\u0131 geliyor. Toplamda direkt dolar baz\u0131ndan gidiyorum. Kasas\u0131ndaki paray\u0131 da d\u00fc\u015ft\u00fckten sonra 388 milyon dolar bor\u00e7 devral\u0131yor. Arada 320 milyon dolar bor\u00e7 var. Bug\u00fcn\u00fcn 6 milyar\u0131. 2022 y\u0131l\u0131nda benim gelir b\u00fct\u00e7emin ger\u00e7ekle\u015fme oran\u0131n\u0131 az \u00f6nce s\u00f6yledim, &#8216;maksimum 5.2 milyar olur&#8217; dedim. D\u00fc\u015f\u00fcn\u00fcn, arada bug\u00fcnk\u00fc gelir b\u00fct\u00e7emden daha fazla bir bor\u00e7 fark\u0131 var. 6 milyar lira benim bir y\u0131ll\u0131k harcamamd\u0131r. Burada da zaman zaman rakamlara hakim olmadan bize ele\u015ftiri yap\u0131yorsunuz. Anl\u0131yorum sizi ama l\u00fctfen ele\u015ftirilerinizi yaparken daha ara\u015ft\u0131rmac\u0131 olun, hakim olun rakamlara da do\u011fru d\u00fczlem \u00fczerinde tart\u0131\u015fal\u0131m.&#8221;<br \/>\n&#8220;\u00d6nce haz\u0131r olan konulardan yola \u00e7\u0131karsak, kente ger\u00e7ekten katk\u0131 sunar\u0131z&#8221;<br \/>\nOSB Ba\u011flant\u0131 Yolu&#8217;nun a\u00e7\u0131lmas\u0131ndan dolay\u0131 te\u015fekk\u00fcr eden Ba\u015fkan Se\u00e7er, Akdeniz&#8217;in 1\/5 binlik planlar\u0131 ve ard\u0131na 1000&#8217;lik planlar\u0131n\u0131n kentin i\u015f sahalar\u0131n\u0131n a\u00e7\u0131lmas\u0131 y\u00f6n\u00fcnden \u00f6nemine de\u011findi. Ba\u015fkan Se\u00e7er, &#8220;1\/1000&#8217;lik planlar\u0131 yapacaklar, 18 uygulamas\u0131 yapacaklar da biz bir u\u00e7tan yol a\u00e7maya ba\u015flayaca\u011f\u0131z. \u015eu ana kadar Huzurkent&#8217;i ge\u00e7ince &#8216;Eski \u00c7ukurova Sanayi&#8217; diyelim, o b\u00f6lgeye kadar bu imar plan\u0131 \u00e7al\u0131\u015fmalar\u0131 bitti. Biz 50 metre \u00e7ap\u0131nda bir yol projelendirdik ya da plana koyduk. Ondan sonra bu \u00e7al\u0131\u015fmalara ba\u015flayaca\u011f\u0131z. Y\u0131llard\u0131r, &#8216;D-400 Karayolu geni\u015flemeye m\u00fcsait, geni\u015fleyecek&#8217;. Bunu hep duyar\u0131z de\u011fil mi? Allah selamet versin, Say\u0131n Bakan L\u00fctfi Elvan da bir\u00e7ok toplant\u0131da bunu dile getirmi\u015ftir. Olmas\u0131 gereken, bunun i\u00e7in \u00e7abalamal\u0131y\u0131z, \u00e7abalam\u0131\u015ft\u0131r da ama bug\u00fcne kadar yap\u0131lm\u0131\u015f m\u0131d\u0131r? Yap\u0131lmam\u0131\u015ft\u0131r. \u00d6nce haz\u0131r olan yap\u0131labilir konulardan yola \u00e7\u0131karsak, kente siyaset yapmak i\u00e7in de\u011fil, ger\u00e7ekten bir katk\u0131 sunabiliriz diye d\u00fc\u015f\u00fcn\u00fcyorum&#8221; dedi.<br \/>\n&#8220;Toplu konut projelerini s\u00fcratle ba\u015flataca\u011f\u0131m&#8221;<br \/>\nToplu konutlara ili\u015fkin de Ba\u015fkan Se\u00e7er, &#8220;Ne\u015fet Bey, Toplu Konut&#8217;la ilgili de\u011ferlendirmelerini yapt\u0131. Kat\u0131l\u0131yorum. Bizim de gelecek d\u00f6neme dair elimizdeki mevcut belediyemizin arsalar\u0131na y\u00f6nelik baz\u0131 imar planlar\u0131nda \u00e7al\u0131\u015fmalar var. Komisyonumuzun, Meclisimizin de olumlu yakla\u015f\u0131m\u0131yla onun da yolunu a\u00e7m\u0131\u015f olaca\u011f\u0131z. Toplu Konut, TOK\u0130 ya da bu \u00e7al\u0131\u015fmalar\u0131 yapan kurumu ele\u015ftirmek ba\u015fka bir \u015fey, Toplu Konut anlay\u0131\u015f\u0131n\u0131 de\u011ferlendirmek ayr\u0131 bir \u015fey. Biz Toplu Konut kar\u015f\u0131t\u0131 de\u011filiz. Ben daha \u00f6nce de a\u00e7\u0131klad\u0131m. \u0130kinci d\u00f6nem adayl\u0131\u011f\u0131m durumunda projeksiyonlar\u0131mda, manifestomda Mersin halk\u0131na verece\u011fim ba\u015fat s\u00f6z &#8216;Toplu Konut Projeleri&#8217;ni s\u00fcratle ba\u015flataca\u011f\u0131m&#8217;. Zaten taslak \u00e7al\u0131\u015fmalar\u0131m\u0131 ba\u015flatm\u0131\u015f durumday\u0131m \u015fu anda&#8221; ifadelerine yer verdi.<br \/>\n&#8220;Bug\u00fcne kadar nas\u0131lsak bug\u00fcn de yar\u0131n da ayn\u0131 tavr\u0131 g\u00f6steririz&#8221;<br \/>\nToroslar Belediyesi s\u0131n\u0131rlar\u0131 i\u00e7erisinde yer alan ve ge\u00e7ti\u011fimiz Meclis toplant\u0131s\u0131nda da tart\u0131\u015fmalara neden olan Jandarma yeri olarak plan de\u011fi\u015fikli\u011fi istenilen saha hakk\u0131nda da g\u00f6r\u00fc\u015flerini ifade eden Ba\u015fkan Se\u00e7er, &#8220;Bu \u00e7al\u0131\u015fmay\u0131 siz istediniz, biz yapt\u0131k. Bize sorulmadan bu de\u011fi\u015fiklik yap\u0131lm\u0131\u015f. Oysaki Ats\u0131z Bey bu kadar diyalo\u011fa yak\u0131nsa bir telefon ederek, &#8216;Ba\u015fkan bey sizden ricam b\u00f6yle bir de\u011ferlendirmemiz var. TOK\u0130 ile bizim bir i\u015fimiz var. Sizin de bir katk\u0131 sunman\u0131z\u0131 istiyorum. Arkada\u015flar\u0131n\u0131zla da konu\u015fun. Bunun teknik olarak olmas\u0131 m\u00fcmk\u00fcn. Sizi \u00e7ok zora sokmayacaksa bu konuda yard\u0131mlar\u0131n\u0131z\u0131 istiyorum&#8217; bitti, nokta. \u0130sti\u015fare b\u00f6yle kurulur Ats\u0131z Bey. Yani l\u00fctfen, biz sizle ka\u00e7 kez topland\u0131k. Toroslar\u0131n b\u00fct\u00fcn sorunlar\u0131n\u0131, kendi belediyelerinizin, kendi partinize mensup belediyelerin \u00e7\u00f6zemedi\u011fi sorunlar\u0131 \u00e7\u00f6zd\u00fck. Anamur Belediyesi ile ayn\u0131 \u015fekilde. Daha \u00f6nce burada MHP&#8217;li bir belediye ba\u015fkan\u0131 yok mu? Sorunlar ge\u00e7en d\u00f6nemden geliyor. B\u00fct\u00fcn Meclis \u00fcyelerini davet ettik; Toroslar&#8217;\u0131n ilgili b\u00fcrokratlar\u0131n\u0131. Dolay\u0131s\u0131yla bizim b\u00f6yle bir yakla\u015f\u0131m\u0131m\u0131z olamaz. Bug\u00fcne kadar nas\u0131lsak bug\u00fcn de yar\u0131n da ayn\u0131 tavr\u0131 g\u00f6steririz. Yar\u0131n bizi aray\u0131n, &#8216;Toroslar\u0131n ve B\u00fcy\u00fck\u015fehir&#8217;in bir sorunu var&#8217; deyin, derhal g\u00f6r\u00fc\u015f\u00fcr\u00fcz ve \u00e7\u00f6zeriz. \u00c7\u00f6zmeye \u00e7al\u0131\u015f\u0131r\u0131z demiyorum, \u00e7\u00f6zeriz&#8221; diye konu\u015ftu.<br \/>\n&#8220;Adaletsizlik dedi\u011fimiz, orada villa sahibinin y\u00fczde 75 iskontolu kullanmas\u0131&#8221;<br \/>\nBelediye ba\u015fkanlar\u0131n\u0131n aralar\u0131nda yapacaklar\u0131 &#8216;isti\u015fare&#8217; konusunda, ge\u00e7ti\u011fimiz g\u00fcnlerde k\u0131rsal mahalle ve k\u0131rsal yerle\u015fik alanlara ili\u015fkin olarak Toroslar Belediyesi&#8217;nin ald\u0131\u011f\u0131 karar ve bu konuda da\u011f\u0131t\u0131lan bir bildiriyi \u00f6rnek veren Ba\u015fkan Se\u00e7er, s\u00f6z konusu bildiri ile hen\u00fcz B\u00fcy\u00fck\u015fehir Belediye Meclisi&#8217;nde dahi g\u00f6r\u00fc\u015f\u00fclmemi\u015f bir konu hakk\u0131nda vatanda\u015flara yanl\u0131\u015f bilgilendirme yap\u0131ld\u0131\u011f\u0131n\u0131 aktard\u0131. \u00dczerinde MHP ve AK Parti amblemlerinin ve 41 mahallenin isminin yer ald\u0131\u011f\u0131 s\u00f6z konusu bildiride &#8216;oy \u00e7oklu\u011fuyla&#8217; kabul edildi\u011fi ve s\u00f6z konusu sorunun da Toroslar Belediyesi&#8217;nin \u00f6nderli\u011finde \u00e7\u00f6z\u00fcld\u00fc\u011f\u00fcn\u00fcn yaz\u0131ld\u0131\u011f\u0131n\u0131 g\u00f6stererek, &#8220;Bunun i\u00e7inde G\u00f6zne&#8217;de, G\u00fczelyayla&#8217;da, So\u011fucak&#8217;da var. Yani yaylal\u0131k b\u00f6lgeler de var. En ac\u0131s\u0131 &#8216;Toroslar\u0131m\u0131za hay\u0131rl\u0131 olsun&#8217; yaz\u0131lmas\u0131. Zaten daha buraya Meclis&#8217;e gelmeden &#8216;Hay\u0131rl\u0131 olsun&#8217;a gidilmi\u015f. Bu siyasetendir, \u015fu bildiri siyasidir. Meclis&#8217;ten ge\u00e7meyen, burada kabul edilmeyen, kar\u015f\u0131l\u0131kl\u0131 isti\u015fare edilmeyen bir konu kamuoyuyla payla\u015f\u0131lmaz. &#8216;Siz Meclis&#8217;in iradesine ipotek mi koyuyorsunuz?&#8217; derler. Oysaki burada yapaca\u011f\u0131m\u0131z \u015fu; bunu siyaset \u00fcst\u00fc g\u00f6relim. K\u00f6y stat\u00fcs\u00fcnde olan yerleri hep beraber de\u011ferlendirelim. Komisyonsa komisyon. Bunlara dikkat etmemiz laz\u0131m, olabilecek yerler olsun. \u00d6zel bir toplant\u0131 yapmad\u0131k. Bir imar toplant\u0131s\u0131 s\u0131ras\u0131nda konu\u015ftuk. \u015eu y\u0131la kadar gelmesi laz\u0131m, gitmesi laz\u0131m gibi aram\u0131zda de\u011ferlendirmeler yapt\u0131k. Benim de s\u00f6yledi\u011fim \u015fuydu; burada adaletsiz olursak, villas\u0131 olan ki\u015fiye, MESK\u0130&#8217;nin suyunu d\u00f6rtte bir fiyat\u0131na verirsiniz. Ona ucuz su vermek, b\u00fct\u00fcn bir halk\u0131 ilgilendiren merkezde kullan\u0131lan, yani tam bedel \u00f6deyen abonelerinin faturalar\u0131n\u0131n y\u00fckselmesi demektir. Biz bu fiyatlar\u0131 belirlerken maliyet analizi \u00fczerinden gidiyoruz. Maliyetimize g\u00f6re fiyat veriyoruz; gelirimize, giderimize, maliyetimize bak\u0131yoruz. MESK\u0130&#8217;nin gelirinin azald\u0131\u011f\u0131 noktada, gelirinin siyaseten birilerinin ceplerine at\u0131ld\u0131\u011f\u0131 noktada garibin gureban\u0131n \u00fczerine biz haks\u0131zl\u0131k yapm\u0131\u015f oluruz. Haks\u0131zl\u0131k dedi\u011fimiz bu, adaletsizlik dedi\u011fimiz de orada villa sahibinin y\u00fczde 75 iskontolu kullanmas\u0131, tamamen mesele budur. Buradan kimse bir \u015fey \u00e7\u0131kartmas\u0131n. Burada yapaca\u011f\u0131n\u0131z, adaletli bir \u015fekilde bunu yapmakt\u0131r. Ama yok &#8216;Bizim \u00e7o\u011funlu\u011fumuz var, villa sahipleri de y\u00fczde 75 \u00f6desin&#8217; diyorsan\u0131z, \u00e7o\u011funlukla ge\u00e7er. \u00c7o\u011funlukla ge\u00e7er ama biz vicdan\u0131m\u0131za mahk\u00fbm oluruz, &#8216;bu vicdanl\u0131 bir \u015fey olmam\u0131\u015f&#8217; deriz. Yani bir yerle\u015fik n\u00fcfus var birde yaylac\u0131 n\u00fcfus var. Yani daha T\u00fcrk\u00e7esi k\u00f6yl\u00fcn\u00fcn oturdu\u011fu yere tamam ama k\u00f6y\u00fcn etraf\u0131nda yazl\u0131k evlere bunu yapamay\u0131z. S\u00f6yledi\u011fim bundan ibaret, \u00e7ok tart\u0131\u015fmaya a\u00e7\u0131k bir konu de\u011fil&#8221; dedi.<br \/>\n&#8220;Meclis&#8217;imde b\u00f6yle bir yak\u0131\u015ft\u0131rman\u0131n yap\u0131lmas\u0131ndan esef duyar\u0131m&#8221;<br \/>\n\u00c7aml\u0131bel Bal\u0131k\u00e7\u0131 Bar\u0131na\u011f\u0131 b\u00f6lgesine Su Sporlar\u0131 Merkezi yap\u0131lmas\u0131 konusunda meclis \u00fcyeleri aras\u0131nda ya\u015fanan tart\u0131\u015fmalara da de\u011finen Ba\u015fkan Se\u00e7er, konunun as\u0131l muhatab\u0131n\u0131n Akdeniz Belediyesi olmad\u0131\u011f\u0131na dikkat \u00e7ekti. Akdeniz Belediye Ba\u015fkan\u0131 Mustafa G\u00fcltak&#8217;\u0131n bu konu hakk\u0131nda kendisini yormamas\u0131 tavsiyesinde bulunan Ba\u015fkan Se\u00e7er &#8220;5 ay sonra se\u00e7im var. Hi\u00e7 bunlara bu kadar mesai harcamaya de\u011fmeyecek gibi g\u00f6r\u00fcn\u00fcyor. Ama senin dedi\u011fin gibi de Allah&#8217;\u0131n dedi\u011fi olur. Allah&#8217;\u0131n dedi\u011fi olurken de kulunda akl\u0131 var, feraseti vard\u0131r. Ben \u00fclkeme, \u00fclkemin halk\u0131na g\u00fcveniyorum, \u00e7ok ferasetlidir. T\u00fcrkiye&#8217;nin siyasal tarihine bak\u0131n, \u00f6yle se\u00e7imler vard\u0131r ki beni hakl\u0131 \u00e7\u0131kart\u0131r&#8221; ifadelerini kulland\u0131.<br \/>\nAkdeniz Belediye Ba\u015fkan\u0131 Mustafa G\u00fcltak&#8217;\u0131n s\u00f6z konusu proje \u00fczerine Kent Konseyi taraf\u0131ndan ger\u00e7ekle\u015ftirilen forum hakk\u0131nda, &#8220;Kendiler \u00e7al\u0131p, kendileri oynuyorlar&#8221;, &#8220;Mikser&#8221; gibi s\u00f6ylemlerinin a\u011f\u0131r oldu\u011funu dile getiren Ba\u015fkan Se\u00e7er \u015funlar\u0131 kaydetti:<br \/>\n&#8220;&#8216;Ki\u015fi kendinden bilir i\u015fi&#8217; demi\u015f. Ne g\u00fczel bir s\u00f6z yani. Burada bak\u0131n kimler yok. Bak\u0131n, bu insanlar\u0131 \u015fimdi kar\u015f\u0131n\u0131za al\u0131yorsunuz. Ne gere\u011fi var b\u00f6yle s\u00f6ze, herkes \u00e7a\u011fr\u0131lm\u0131\u015f. Gelmeyenler; Mersin Valili\u011fi, Akdeniz Belediyesi, \u00c7evre, \u015eehircilik ve \u0130klim De\u011fi\u015fikli\u011fi \u0130l m\u00fcd\u00fcrl\u00fc\u011f\u00fc, \u0130l K\u00fclt\u00fcr ve Turizm M\u00fcd\u00fcrl\u00fc\u011f\u00fc, Tar\u0131m ve Orman \u0130l M\u00fcd\u00fcrl\u00fc\u011f\u00fc, Ula\u015ft\u0131rma Altyap\u0131 Bakanl\u0131\u011f\u0131 5. B\u00f6lge M\u00fcd\u00fcrl\u00fc\u011f\u00fc&#8230;. O zaman kapatal\u0131m Kent Konseylerini, o yasalar\u0131 falan hep iptal edelim, ne gere\u011fi var. &#8216;B\u00fcrokrasi siyasetin talimat\u0131yla m\u0131 hareket ediyor?&#8217; dedi\u011fimiz zamanda \u00fcz\u00fcl\u00fcyorlar, k\u0131r\u0131l\u0131yorlar. Ne yapal\u0131m? Parlamentoda bu milletvekilleri ne yapar, orada bunlar\u0131 konu\u015fmayacaksa. Anayasaya ba\u011fl\u0131l\u0131k yemini ediyoruz. B\u00f6yle bir \u015fey olabilir mi? Geleceksiniz fikirlerinizi s\u00f6yleyeceksiniz. Kimler yok ki; Tarsus \u00dcniversitesi Rekt\u00f6rl\u00fc\u011f\u00fc, \u00c7a\u011f, Toros, ODT\u00dc Deniz Bilimleri,  MESK\u0130, ME\u00dc \u00c7evre M\u00fchendisli\u011fi, ME\u00dc \u015eehir ve B\u00f6lge Planlama, ME\u00dc Su \u00dcr\u00fcnleri B\u00f6l\u00fcm\u00fc, MTSO, MES\u0130AD, MDTO, mimarlar, kanaat \u00f6nderleri say say bitmiyor. Siz nas\u0131l bunlara &#8216;Bunlar kendileri \u00e7al\u0131yor&#8217;, &#8216;Mikser&#8217; dersiniz Say\u0131n G\u00fcltak? Ben onlar ad\u0131na ger\u00e7ekten Meclis&#8217;imde b\u00f6yle bir yak\u0131\u015ft\u0131rman\u0131n yap\u0131lmas\u0131ndan esef duyar\u0131m. L\u00fctfen bunu d\u00fczeltmenizi istiyorum.&#8221;<br \/>\n&#8220;Kent Konseyi&#8217;ne demedi\u011fini b\u0131rakm\u0131yor. Bir de demokrasi vurgusu yap\u0131yor&#8221;<br \/>\nAkdeniz Belediye Ba\u015fkan\u0131 Mustafa G\u00fcltak&#8217;\u0131n Su Sporlar\u0131 Merkezi projesi hakk\u0131nda &#8220;B\u00fcy\u00fck\u015fehir Belediye Ba\u015fkan\u0131 istemiyor&#8221; diye su\u00e7land\u0131\u011f\u0131n\u0131 s\u00f6yleyen Ba\u015fkan Se\u00e7er &#8220;Bunlar\u0131 ben uygun dille yan\u0131tlamak durumunday\u0131m ve onu yap\u0131yorum. &#8216;Mersin B\u00fcy\u00fck\u015fehir Belediyesi Ba\u015fkan\u0131 istemiyor&#8217; dedi. Bu nereden \u00e7\u0131kt\u0131? Kent Konseyi&#8217;ne demedi\u011fini b\u0131rakm\u0131yor. Bir de demokrasi vurgusu yap\u0131yor, b\u00f6yle bir \u00e7eli\u015fki olur mu? Nereden tutay\u0131m ben bunu, ya ben nas\u0131l istemiyorum, ben ba\u015ftan beri diyorum ki &#8216;Su Sporlar\u0131 Merkezi olacaksa olsun ama b\u00f6yle ba\u015fl\u0131yor marinaya d\u00f6n\u00fcyor&#8217;. \u00c7aml\u0131bel&#8217;de zaten mevcut d\u00fckk\u00e2nlar bo\u015f. Oralar\u0131n kira de\u011feri d\u00fc\u015ft\u00fc. \u015eimdi burada biz proje ba\u015flataca\u011f\u0131z. \u0130stiklal Caddesi d\u00fczenlemesinden sonra oraya girece\u011fiz. Orada bir katma de\u011fer sa\u011flar m\u0131y\u0131z? Bak\u0131n can\u0131m\u0131z \u00e7\u0131kt\u0131, bu ekonomik krizde yer kiralad\u0131k. \u015eimdi s\u00fcratle yap\u0131lmas\u0131n\u0131 istiyoruz. Bir miktarda geciktik. \u0130\u015fte MESK\u0130 ta\u015f\u0131nmaya ba\u015flad\u0131, MESK\u0130&#8217;nin neredeyse yar\u0131s\u0131  Silifke Caddesi&#8217;ne ta\u015f\u0131nd\u0131. Neden yap\u0131yoruz bunlar\u0131? Bizim s\u00f6ylediklerimiz somut, hayali konu\u015fmuyoruz. S\u00f6yl\u00fcyoruz, yap\u0131yoruz. \u00c7ar\u015f\u0131 merkezi canlans\u0131n, \u0130stiklal Caddesi ve \u00c7aml\u0131bel m\u00fckemmel olsun. Su Sporlar\u0131 Merkezi yap\u0131ls\u0131n ama kentten ba\u011f\u0131ms\u0131z da bunlar olmaz dedik. Herkesin g\u00f6r\u00fc\u015f\u00fc al\u0131n\u0131r, ortak bir mutabakatla bir proje yap\u0131l\u0131rsa sular seller gibi gider&#8221; ifadelerini kulland\u0131.<br \/>\nBa\u015fkan Se\u00e7er, Meclis \u00fcyelerinin Metro \u015fantiyesini gezme taleplerine h\u0131zl\u0131ca yerine getirdiklerini fakat \u00e7ok az kat\u0131l\u0131m\u0131n oldu\u011funu hat\u0131rlatarak, &#8220;Ka\u00e7 ki\u015fi gittiniz oraya? Benim akl\u0131mla alay etmek gibi gelebilir ama de\u011fil. Ben ger\u00e7ek samimiyeti kamuoyuna g\u00f6stermek i\u00e7in dedim ki &#8216;metro ziyareti olacak derhal organizasyonu yap\u0131n.&#8217; Buradan Mersin halk\u0131n\u0131n bilmesini istiyorum, kim bu metro projesini engelliyor, kim samimi olarak \u00e7aba g\u00f6steriyor? 3 g\u00fcn sonra oray\u0131 haz\u0131rlad\u0131k. Cumhur \u0130ttifak\u0131&#8217;ndan 2 Meclis \u00dcyesi gitti. Biri Say\u0131n \u00d6zturan bir di\u011feri Say\u0131n Topkara. \u00c7ok te\u015fekk\u00fcr ediyorum her ikisine. Kentin sorunlar\u0131yla ilgilenmek i\u00e7in illaki e\u011fer belediye ile ilgili bir konuysa partisinin Meclis \u00fcyesi olmak gerekmiyor ya da tam tersi iktidar\u0131n bir konusuysa sadece Cumhur \u0130ttifak\u0131&#8217;n\u0131n Meclis \u00fcyelerinin ilgilenmesi yeterli de\u011fil. Herkesin ortak ilgilenmesi laz\u0131m. Bizim de s\u00f6yledi\u011fimiz, isyan etti\u011fimiz konular bunlar.&#8221; dedi.<br \/>\nBir Meclis \u00fcyesinin restore \u00e7al\u0131\u015fmalar\u0131 devam eden Karamanc\u0131lar Kona\u011f\u0131 hakk\u0131ndaki de\u011ferlendirmesi \u00fczerine de Ba\u015fkan Se\u00e7er, kona\u011f\u0131 ge\u00e7ti\u011fimiz g\u00fcnlerde ziyaret etti\u011fini ve \u00e7al\u0131\u015fmalar\u0131n s\u00fcratle s\u00fcrd\u00fc\u011f\u00fcn\u00fc ifade ederek, &#8220;Oras\u0131 \u00e7ok b\u00fcy\u00fck bir yer, iki b\u00f6l\u00fcm. B\u00f6l\u00fcmlerden birinde temsili olarak \u00e7ok g\u00fczel bir k\u00f6\u015fe ayr\u0131ld\u0131. Toplant\u0131 mekan\u0131 olarak d\u00fczenleme yap\u0131l\u0131yor. Mersin Mutfak K\u00fclt\u00fcrleri Evi. Bir k\u0131sm\u0131 akademik e\u011fitim i\u00e7in b\u00f6l\u00fcmler, bir k\u0131sm\u0131 mutfak at\u00f6lyeleri, bir k\u0131sm\u0131 sergiler, bir k\u0131sm\u0131 Atat\u00fcrk&#8217;\u00fcn temsili toplant\u0131 yapt\u0131\u011f\u0131 bir k\u00f6\u015fe gibi bir yap\u0131lanma var. L\u00fctfen ne zaman istiyorsan\u0131z gidin g\u00f6r\u00fcn. Milli, manevi de\u011ferlere \u00f6nem veriyoruz&#8221; diye konu\u015ftu.<br \/>\nBa\u015fkan Se\u00e7er, bir Meclis \u00fcyesinin G\u00fclnar&#8217;\u0131n B\u00fcy\u00fckeceli Mahallesi&#8217;nde yap\u0131lacak olan 5 binlik planlarla ilgili ve Sipahili Mahallesi&#8217;ndeki yer tahsisi yap\u0131lan ar\u0131tma tesisinin son durumlar\u0131 hakk\u0131nda bilgi istemesi \u00fczerine &#8220;5 binlik planlar\u0131n ihalesi yap\u0131ld\u0131, Tar\u0131m g\u00f6r\u00fc\u015f\u00fc gelmedi hen\u00fcz. Dolay\u0131s\u0131yla Bakanl\u0131k portal\u0131na da giremiyoruz. S\u00fcre\u00e7, Tar\u0131m Bakanl\u0131\u011f\u0131&#8217;nda. Ar\u0131tma ile ilgili oran\u0131n tahsisi geldi. \u0130hale karar\u0131 bu haftaki y\u00f6netim kurulunda. Projeleri bitmi\u015fti, bize de tahsis karar\u0131 ula\u015ft\u0131. S\u00f6z olarak geldi ama evrak olarak demek ki yeni geldi, y\u00f6netim kuruluna yeti\u015fmi\u015f. Bu hafta onaylayaca\u011f\u0131z, ihalesine \u00e7\u0131k\u0131yoruz&#8221; dedi.<br \/>\n &#8220;Elektronik Denetim Sistemi, trafi\u011fin g\u00fcvenli seyri a\u00e7\u0131s\u0131ndan \u00f6nemli&#8221;<br \/>\nBa\u015fkan Se\u00e7er, Elektronik Denetim Sistemi&#8217;nin yakla\u015f\u0131k 2 y\u0131l \u00f6nce Meclis&#8217;ten ge\u00e7ti\u011fini hat\u0131rlatarak, &#8220;Bizzat \u00f6nceki Say\u0131n Emniyet M\u00fcd\u00fcr\u00fc&#8217;ne bu konuyu bir an \u00f6nce olmas\u0131 gerekti\u011fini s\u00f6yleyen benim. Mevcut Emniyet M\u00fcd\u00fcr\u00fc&#8217;ne bu konunun \u00f6nemli oldu\u011funu, EDS&#8217;nin trafi\u011fin g\u00fcvenli seyri a\u00e7\u0131s\u0131ndan \u00f6nemli oldu\u011funu s\u00f6yleyen yine benim. \u00d6zellikle e\u011flence, rekreasyon alanlar\u0131n\u0131n, Mersinli yurtta\u015flar\u0131m\u0131z\u0131n vakit ge\u00e7irdi\u011fi 7,5 kilometrelik K\u00fclt\u00fcr Park\u0131&#8217;n\u0131 da kapsayan Adnan Menderes Bulvar\u0131&#8217;nda azami h\u0131z\u0131n 50 kilometreye d\u00fc\u015f\u00fcr\u00fclmesi teklifini veren de idaredir. Hatta bu konuda \u0131srarc\u0131 olan bizatihi de benim. Neden? Orada elim bir tak\u0131m kazalara meydan vermeyelim diye. Daha yeni 4 noktaya butonlu \u0131\u015f\u0131k takt\u0131ran da benim. \u00c7ocuklar\u0131n yo\u011fun kar\u015f\u0131dan kar\u015f\u0131ya ge\u00e7ti\u011fin noktalara montajlar\u0131 da yap\u0131ld\u0131. Biri de tam benim oturdu\u011fum apartman\u0131n \u00f6n taraf\u0131, \u00e7ocuklar\u0131n Survivor alan\u0131n\u0131n oldu\u011fu yer. Cumartesi, Pazar g\u00fcnleri gelin, k\u0131\u015f g\u00fcn\u00fc bile en az 200 \u00e7ocuk sayars\u0131n\u0131z. Bunlar\u0131 yap\u0131yoruz ama Adnan Menderes&#8217;te rallide gibi gidiyorlar.  100-120-150 kilometreyle gidiyorlar. Biz kendi otob\u00fcs \u015fof\u00f6rlerimizi zapt edemiyoruz. Cezai m\u00fceyyideler uygulad\u0131k kendi \u015fof\u00f6rlerimize. Kapt\u0131r\u0131yorlar gidiyorlar. Bu nas\u0131l olacak? Denetimle olacak. Ya Emniyet&#8217;in Trafik Birimleri gidecek denetim yapacak ya da Elektronik Denetim Sistemi kurulacak. Biz her \u015feyi haz\u0131r ettik. \u0130l\u00e7e belediyeleri ile dahi bu konuda mutabakat sa\u011flad\u0131k. EDS&#8217;yi nerede kuraca\u011f\u0131z? Bunlar\u0131n sonu\u00e7 itibari ile kaynaklar\u0131 nereye gelecek? Ne oran\u0131nda ne alacak, kim alacak? Hepsini belirlemi\u015f durumday\u0131z. S\u00fcre\u00e7, Valilik&#8217;tedir&#8221; dedi.<br \/>\n&#8220;Belediye Ba\u015fkan\u0131 Metroyu ger\u00e7ekle\u015ftirmesin diye \u00f6n\u00fcme engeller konuluyor&#8221;<br \/>\nMeclis \u00fcyelerinin Metro Projesi ziyaretinde, y\u00f6nelttikleri sorular\u0131n haber b\u00fclteninde yer verilmedi\u011fi s\u00f6ylemesi \u00fczerine Ba\u015fkan Se\u00e7er, haber b\u00fcltenini okuyarak ele\u015ftirilerin haks\u0131z oldu\u011funu ifade etti. Metronun yap\u0131lmamas\u0131 i\u00e7in \u00f6n\u00fcne siyasi engeller konuldu\u011funu aktaran Ba\u015fkan Se\u00e7er, \u015f\u00f6yle devam etti:<br \/>\n&#8220;\u00c7ok net s\u00f6yl\u00fcyorum; Metro Mersin i\u00e7in gereklidir, gereksizdir tart\u0131\u015fmas\u0131ndan \u00e7\u0131kt\u0131. Mersin B\u00fcy\u00fck\u015fehir Belediyesi ya da Belediye Ba\u015fkan\u0131 bu projeyi ger\u00e7ekle\u015ftirmesin diye \u00f6n\u00fcme engeller konuluyor. Bunu net s\u00f6yl\u00fcyorum&#8221; dedi.  Metronun 3 milyar 300 k\u00fcsur milyon liraya ihale edildi\u011fini, fiyat farklar\u0131 ile projenin \u015fu anda en az 7 milyara \u00e7\u0131kt\u0131\u011f\u0131n\u0131 hat\u0131rlata Ba\u015fkan Se\u00e7er, &#8220;Biz 900 milyon liral\u0131k bor\u00e7lanma yetkisini 2021&#8217;in A\u011fustos&#8217;unda almad\u0131k m\u0131? Daha sonra o y\u0131l bitti, 2022&#8217;nin ba\u015f\u0131nda ilave bir teklif getirmedim mi? &#8216;Bak bu i\u015f gecikti, gecikiyor. Art arda bunlar\u0131 istemek zorunday\u0131z, d\u00f6viz fiyatlar\u0131 artt\u0131&#8217; diyen ben de\u011fil miyim? &#8216;Hele bir bunu kullan&#8217; diyen kendileri de\u011fil mi? \u015eimdi \u00e7\u0131km\u0131\u015f Say\u0131n Topkara s\u0131rf muhalefet etmek i\u00e7in muhalefet ediyor. Yapma bunu. Benim bor\u00e7 rasyomda bir s\u0131k\u0131nt\u0131 yok. Buradan hayk\u0131r\u0131yorum. Diyorsunuz ki; &#8216;devletin \u00f6rf ve adetleri vard\u0131r&#8217;. Devletin \u00f6rf adetleri bu de\u011fil. B\u00fcrokrat\u0131 talimatla zapturapt alt\u0131na almak de\u011fildir, devlette devaml\u0131l\u0131k esast\u0131r. Kalmad\u0131 ama mutlaka onun uygulanmas\u0131 laz\u0131m. Bu b\u00f6yle gitmez. Birbirini denetleyen bir mekanizma olmazsa, kurulmazsa bu i\u015fin b\u00f6yle s\u00fcrd\u00fcr\u00fclebilirli\u011fi yok. Atanm\u0131\u015f bakan, siz se\u00e7ilmi\u015fsiniz. AK Parti&#8217;nin ilk iktidar y\u0131llar\u0131; &#8216;S\u00f6yleyin bakal\u0131m millet mi devlet i\u00e7in devlet mi millet i\u00e7in&#8217; bu jargonu kullan\u0131rd\u0131. Say\u0131n Erdo\u011fan konu\u015fmalar\u0131nda hayk\u0131r\u0131rd\u0131; &#8216;Oligar\u015fik b\u00fcrokratik bir yap\u0131. Biz se\u00e7ilmi\u015fiz&#8217; b\u00f6yle hayk\u0131r\u0131rd\u0131. \u015eimdi ayn\u0131 hayk\u0131r\u0131\u015f\u0131 ben yap\u0131yorum&#8221; dedi.<br \/>\n&#8220;Evrak g\u00f6nderin diyorum, &#8216;twit&#8217; diyor. Beyefendi ben kap\u0131kulu falan de\u011filim&#8221;<br \/>\nBa\u015fkan Se\u00e7er, konu\u015fmas\u0131n\u0131n devam\u0131nda ise Cumhurba\u015fkanl\u0131\u011f\u0131 Yat\u0131r\u0131m Program\u0131&#8217;na al\u0131nan Metro Projesi&#8217;nin neden hala Hazine&#8217;de bekledi\u011fini ve imzalanmad\u0131\u011f\u0131n\u0131 sordu. Se\u00e7er, &#8220;Neden imzalamaz? Der ki; uygun de\u011fil, bor\u00e7 rasyosu uygun de\u011fil. B\u00f6yle bir \u015fey var m\u0131? Yok. B\u00f6yle bir evrak g\u00f6nderin diyorum, &#8216;twit&#8217; diyor. Beyefendi ben siyasiyim, b\u00fcrokrat de\u011filim, kap\u0131kulu falan hi\u00e7 de\u011filim. B\u00fcrokrat, yasalar \u00e7er\u00e7evesinde idarenin, g\u00f6revi y\u00fcr\u00fctmenin planlar\u0131n\u0131, programlar\u0131n\u0131 hayata ge\u00e7irmektir h\u00fck\u00fcmetin. Ben yasal olmayan bir \u015fey istemiyorum. Ben hakk\u0131m olmayan bir \u015fey istemiyorum&#8221; dedi.<br \/>\nDevlet Demiryollar\u0131&#8217;n\u0131n b\u00fcrokratlar\u0131n\u0131n kendilerine herhangi bir konuda mutlak &#8220;hay\u0131r&#8221; demediklerini ve olumsuz yakla\u015fmad\u0131klar\u0131n\u0131 da kaydeden Ba\u015fkan Se\u00e7er, &#8220;S\u00fcreci g\u00f6r\u00fc\u015f\u00fcyorlar, teknik olarak \u00e7\u00f6zmeye \u00e7al\u0131\u015f\u0131yorlar. \u00c7ED ile alakas\u0131 yok bu imzan\u0131n. \u0130mzay\u0131 vermeme nedeni siyasidir. Bunu kim talimatland\u0131r\u0131yor bilemem. Bakan kendi kafas\u0131ndan yap\u0131yorsa, bir b\u00fcrokrat\u0131n bunu yapma \u015fans\u0131 yok. Siyaset orada o zaman uyuyor mu? Neden sen bu projeyi geciktiriyorsun diye. Son s\u00f6z. Siz dediniz ki bu proje ger\u00e7ekle\u015fmez. Siz bu anlay\u0131\u015fta Mersin&#8217;e hi\u00e7bir \u015fey veremezsiniz. Mersin B\u00fcy\u00fck\u015fehir Belediyesi ciddi vizyon ortaya konulacak bir kurum. Koca bir vilayet; be\u015finci s\u0131rada vergi \u00f6d\u00fcyor, Liman&#8217;\u0131, sanayi kurulu\u015flar\u0131, turizmi, tar\u0131m\u0131, her \u015fey var&#8221; diye konu\u015ftu. Metroda hala iki ileri bir geri gidildi\u011fini s\u00f6zlerine ekleyen Ba\u015fkan Se\u00e7er, &#8220;Anla\u015famad\u0131\u011f\u0131m\u0131z nokta \u015fu. Yaz\u0131k ediyorsunuz kente. Ankara&#8217;da siyaset yapanlar g\u00fc\u00e7l\u00fc olsa bu Mersin daha farkl\u0131 olur, daha farkl\u0131 noktaya gelir. Parsay\u0131 ba\u015fka iller g\u00f6t\u00fcr\u00fcyor. Benim hayk\u0131r\u0131\u015f\u0131m bundand\u0131r. Siz hala bir metroda iki ileri bir geri. Bu bir engellemedir. Bunu a\u00e7\u0131k se\u00e7ik s\u00f6yl\u00fcyorum. Kimseden korkmuyorum. Beyanat da veririm, twit de atar\u0131m, gerekli ele\u015ftiriyi yapar\u0131m. Buras\u0131 atama bir makam de\u011fil. Beni halk se\u00e7iyor, halka hesap verece\u011fim. Do\u011frular\u0131 anlatmak g\u00f6revim. Metroyu da biz bitiririz&#8221; dedi.<br \/>\n&#8220;4 merkez il\u00e7ede 20 y\u0131l\u0131 a\u015fk\u0131n s\u00fcredir tamamlanamayan imar planlar\u0131n\u0131 onaylam\u0131\u015f ve tamamlam\u0131\u015f oluyoruz&#8221;<br \/>\nAkdeniz-Toroslar-Yeni\u015fehir-Mezitli \u0130l\u00e7eleri 2. Etap 2. B\u00f6lge 1\/5000 \u00d6l\u00e7ekli \u0130lave ve Revizyon Naz\u0131m \u0130mar Plan\u0131 ile ilgili konu\u015fan Ba\u015fkan Se\u00e7er, &#8220;Bununla beraber; Akdeniz, Toroslar, Yeni\u015fehir, Mezitli il\u00e7elerinde merkezde, 20 y\u0131l\u0131 a\u015fk\u0131n s\u00fcredir tamamlanamayan imar planlar\u0131n\u0131 onaylam\u0131\u015f ve tamamlam\u0131\u015f oluyoruz. Bug\u00fcn onaylayaca\u011f\u0131m\u0131z son etap Akdeniz&#8217;in. Zaten iki etapt\u0131 bu; 1. ve 2. b\u00f6lge. Deli\u00e7ay ile Tarsus aras\u0131nda \u00c7ukurova Sanayi&#8217;nin eski yeri, Huzurkent-Tarsus aras\u0131 otoban ba\u011flant\u0131 yerinin oldu\u011fu yere kadar gidiyor. Yakla\u015f\u0131k 19 bin 600 hektar\u0131 kaps\u0131yor, bu ciddi bir alan yani 196 bin dekar demektir bu. Bu etap i\u00e7erisinde; Karacailyas, Huzurkent, Adanal\u0131o\u011flu, Kazanl\u0131 ve Sar\u0131ibrahimli gibi yar\u0131 k\u0131rsal ve k\u0131rsal yerle\u015fimler olmak \u00fczere 21 adet yerle\u015fim yeri var. Bu etapta 335 hektar depolama ve enerji depolama alan\u0131, 3 bin 335 dekar demektir bu, 6 bin 800 dekar konut d\u0131\u015f\u0131 kentsel \u00e7al\u0131\u015fma alan\u0131 olmak \u00fczere toplam bin hektar \u00e7al\u0131\u015fma alan\u0131 \u00f6nerilmi\u015ftir&#8221; ifadelerini kulland\u0131.<br \/>\nDaha \u00f6nce onaylanan Deli\u00e7ay&#8217;dan Mersin merkeze do\u011fru olan ve 1. B\u00f6lge olarak adland\u0131r\u0131lan b\u00f6l\u00fcmde bin dekar \u00e7al\u0131\u015fma alan\u0131 planland\u0131\u011f\u0131n\u0131 hat\u0131rlatan Se\u00e7er, &#8220;OSB&#8217;ler hari\u00e7 Mersin&#8217;e yakla\u015f\u0131k 2 bin hektar yani 20 bin d\u00f6n\u00fcm \u00e7al\u0131\u015fma ve istihdam alan\u0131 yaratacak yat\u0131r\u0131mlar\u0131n yap\u0131laca\u011f\u0131, Mersin&#8217;i lojistik bir kent yapacak olan \u00e7al\u0131\u015fmalar\u0131 burada tamamlamak \u00fczereyiz. S\u00f6z konusu kentsel \u00e7al\u0131\u015fma alanlar\u0131 ile kentin lojistik kimli\u011fi \u00f6n plana \u00e7\u0131kacak, kente yeni yat\u0131r\u0131m alanlar\u0131 kazand\u0131r\u0131lm\u0131\u015f olacakt\u0131r. Bu plan \u00e7al\u0131\u015fmas\u0131yla kentin i\u015f ve a\u015f alanlar\u0131n\u0131 b\u00fcy\u00fctm\u00fc\u015f olaca\u011f\u0131z&#8221; dedi.<br \/>\n\u0130l\u00e7e belediyelerinin 1\/1000 \u00f6l\u00e7ekli planlar\u0131n\u0131 ve imar uygulamalar\u0131n\u0131 ivedilikle tamamlayarak b\u00f6lgeyi yat\u0131r\u0131ma haz\u0131r hale getirmesi gerekti\u011fini belirten Ba\u015fkan Se\u00e7er, &#8220;\u0130\u015fte o zaman bizden istenen k\u00fc\u00e7\u00fck sanayi sitesi yerleri, sanayi sitesi yerleri, toplu i\u015f yerleri, farkl\u0131 meslek gruplar\u0131na mobilyac\u0131lar sitesi, hurdac\u0131lar sitesi; bunu \u00e7o\u011faltabiliriz, siteleri yapma imkan\u0131m\u0131z art\u0131yor ve do\u011fal olarak da lojistik depolar bu b\u00f6lgenin ba\u015fat sekt\u00f6rlerinden bir tanesi&#8221; diye konu\u015ftu. Se\u00e7er, &#8220;Bu etap i\u00e7erisindeki bir di\u011fer \u00f6nemli plan karar\u0131 ise D-400 karayolunun alternatifi niteli\u011findeki lastik tekerlekli y\u00fck ta\u015f\u0131mac\u0131l\u0131\u011f\u0131n\u0131n yeni g\u00fczerg\u00e2h\u0131 olan 50 metre \u00e7apl\u0131 yolu Hal kav\u015fa\u011f\u0131ndan OSB&#8217;ye buradan da Mersin-Antalya otoyoluna ba\u011flam\u0131\u015f oluyoruz. Plan b\u00f6lgesi otoban ba\u011flant\u0131 yolu, Huzurkent- Tarsus aras\u0131 oraya kadar yol belli, 1\/1000&#8217;lik \u00e7al\u0131\u015fmalar yap\u0131lacak, uygulamalar yap\u0131lacak ve biz bu yollar\u0131n a\u00e7\u0131m \u00e7al\u0131\u015fmalar\u0131na, bu bulvarlar\u0131 hayata ge\u00e7irme \u00e7al\u0131\u015fmalar\u0131na ba\u015flayaca\u011f\u0131z. Asl\u0131nda bu Tarsus&#8217;a kadar uzanacak bir yol ancak tar\u0131m alan\u0131, Tar\u0131m Bakanl\u0131\u011f\u0131 tar\u0131m d\u0131\u015f\u0131 b\u0131rakmad\u0131, otoban ba\u011flant\u0131 yoluyla Tarsus aras\u0131nda bizim taleplerimiz vard\u0131, oray\u0131 tar\u0131m d\u0131\u015f\u0131na almad\u0131\u011f\u0131 i\u00e7in \u015fu anda burada herhangi bir imar \u00e7al\u0131\u015fmam\u0131z, do\u011fal olarak da b\u00f6yle bir uygulama yapma \u015fans\u0131m\u0131z yok.&#8221;<br \/>\nYaylalarla ilgili prosed\u00fcrlerin de devam etti\u011fini s\u00f6zlerine ekleyen Se\u00e7er, &#8220;\u015eimdi s\u0131ra yaylalarda, bunun prosed\u00fcrleri devam ediyor. Bunlar\u0131n da s\u00fcratle ger\u00e7ekle\u015fmesi durumunda yaylalardaki sorunlar\u0131 da k\u0131sa s\u00fcrede \u00e7\u00f6zmek istiyoruz. Yine d\u00f6rt merkez il\u00e7e d\u0131\u015f\u0131ndaki yerlerde de, hem merkezde hem yayalardaki \u00e7al\u0131\u015fmalar\u0131m\u0131z zaten devam ediyor&#8221; dedi.<\/p>\n","protected":false},"excerpt":{"rendered":"<p>Mersin B\u00fcy\u00fck\u015fehir Belediye Meclisi&#8217;nin 2022 Y\u0131l\u0131 Aral\u0131k ay\u0131 1. Birle\u015fim Toplant\u0131s\u0131, B\u00fcy\u00fck\u015fehir Belediye Ba\u015fkan\u0131 Vahap Se\u00e7er ba\u015fkanl\u0131\u011f\u0131nda ger\u00e7ekle\u015ftirildi. Oturum; B\u00fcy\u00fck\u015fehir Belediyesi Kongre ve Sergi Saray\u0131&#8217;nda yap\u0131ld\u0131. Birimlerden gelen 26 ve &hellip; <a href=\"https:\/\/akdenizolaygazetesi.com\/?p=22857\" class=\"more-link\">Devam\u0131n\u0131 Oku&#8230;<\/a><\/p>\n","protected":false},"author":2,"featured_media":22858,"comment_status":"open","ping_status":"open","sticky":false,"template":"","format":"standard","meta":[],"categories":[8,34,3,5,6],"tags":[],"_links":{"self":[{"href":"https:\/\/akdenizolaygazetesi.com\/index.php?rest_route=\/wp\/v2\/posts\/22857"}],"collection":[{"href":"https:\/\/akdenizolaygazetesi.com\/index.php?rest_route=\/wp\/v2\/posts"}],"about":[{"href":"https:\/\/akdenizolaygazetesi.com\/index.php?rest_route=\/wp\/v2\/types\/post"}],"author":[{"embeddable":true,"href":"https:\/\/akdenizolaygazetesi.com\/index.php?rest_route=\/wp\/v2\/users\/2"}],"replies":[{"embeddable":true,"href":"https:\/\/akdenizolaygazetesi.com\/index.php?rest_route=%2Fwp%2Fv2%2Fcomments&post=22857"}],"version-history":[{"count":1,"href":"https:\/\/akdenizolaygazetesi.com\/index.php?rest_route=\/wp\/v2\/posts\/22857\/revisions"}],"predecessor-version":[{"id":22859,"href":"https:\/\/akdenizolaygazetesi.com\/index.php?rest_route=\/wp\/v2\/posts\/22857\/revisions\/22859"}],"wp:featuredmedia":[{"embeddable":true,"href":"https:\/\/akdenizolaygazetesi.com\/index.php?rest_route=\/wp\/v2\/media\/22858"}],"wp:attachment":[{"href":"https:\/\/akdenizolaygazetesi.com\/index.php?rest_route=%2Fwp%2Fv2%2Fmedia&parent=22857"}],"wp:term":[{"taxonomy":"category","embeddable":true,"href":"https:\/\/akdenizolaygazetesi.com\/index.php?rest_route=%2Fwp%2Fv2%2Fcategories&post=22857"},{"taxonomy":"post_tag","embeddable":true,"href":"https:\/\/akdenizolaygazetesi.com\/index.php?rest_route=%2Fwp%2Fv2%2Ftags&post=22857"}],"curies":[{"name":"wp","href":"https:\/\/api.w.org\/{rel}","templated":true}]}}