{"id":22866,"date":"2022-12-13T12:18:47","date_gmt":"2022-12-13T09:18:47","guid":{"rendered":"http:\/\/akdenizolaygazetesi.com\/?p=22866"},"modified":"2022-12-13T12:18:47","modified_gmt":"2022-12-13T09:18:47","slug":"akkuyu-ngsnin-1inci-uni%cc%87tesi%cc%87ne-ait-turbin-binasinda-i%cc%87lk-koprulu-vi%cc%87nci%cc%87n-montajina-baslandi","status":"publish","type":"post","link":"https:\/\/akdenizolaygazetesi.com\/?p=22866","title":{"rendered":"AKKUYU NGS\u2019N\u0130N 1\u2019\u0130NC\u0130 \u00dcNI\u0307TESI\u0307NE A\u0130T T\u00dcRB\u0130N B\u0130NASINDA I\u0307LK K\u00d6PR\u00dcL\u00dc VI\u0307NCI\u0307N MONTAJINA BA\u015eLANDI"},"content":{"rendered":"<p>Akkuyu N\u00fckleer G\u00fc\u00e7 Santrali\u2019nin (NGS) in\u015faat sahas\u0131nda, 1\u2019inci \u00fcnitenin t\u00fcrbin binas\u0131nda kurulacak \u00fc\u00e7 k\u00f6pr\u00fcl\u00fc vin\u00e7ten ilkinin montaj\u0131na ba\u015fland\u0131. <\/p>\n<p>Kurulacak vin\u00e7lerin en b\u00fcy\u00fck olan\u0131, 350 ton kald\u0131rma kapasitesine sahip elektrikli \u00e7ift kiri\u015fli bir k\u00f6pr\u00fcl\u00fc vin\u00e7 olma \u00f6zelli\u011fi ta\u015f\u0131yor. Vin\u00e7, n\u00fckleer santralin in\u015faat, kurulum ve i\u015fletme a\u015famalar\u0131nda t\u00fcrbin binas\u0131ndaki kald\u0131rma ve ta\u015f\u0131ma i\u015flemleri i\u00e7in kullan\u0131lacak.<\/p>\n<p>En az 70 y\u0131l hizmet \u00f6mr\u00fcne sahip olan vin\u00e7, s\u0131ras\u0131yla 350, 40 ve 6,3 ton kald\u0131rma kapasitelerine sahip ana vin\u00e7, yard\u0131mc\u0131 vin\u00e7 ve elektrikli vin\u00e7 olmak \u00fczere \u00fc\u00e7 kald\u0131rma tertibat\u0131 bulunduruyor. Uzunlu\u011fu 56,8 metre, y\u00fcksekli\u011fi 5,8 metre ve kald\u0131rma y\u00fcksekli\u011fi 43 metre olan vincin toplam a\u011f\u0131rl\u0131\u011f\u0131 ise 385 tonu buluyor. <\/p>\n<p>Akkuyu NGS\u2019nin 1\u2019inci \u00fcnitesinin t\u00fcrbin binas\u0131nda vincin mekanik ve elektrik ekipmanlar\u0131n\u0131n montaj\u0131 i\u00e7in \u00e7al\u0131\u015fmalar devam ediyor. Bu ekipmanlar daha sonra imalat dok\u00fcmantasyonuna uygun \u015fekilde a\u015famal\u0131 olarak ba\u011flanacak. Vincin i\u015fletmeye al\u0131nmas\u0131 ve faaliyete ge\u00e7irilmesi de dahil olmak \u00fczere t\u00fcm \u00e7al\u0131\u015fmalar\u0131n tamamlanmas\u0131 en az 37 g\u00fcn s\u00fcrecek.<\/p>\n<p>NGS Genel M\u00fcd\u00fcr Birinci Yard\u0131mc\u0131s\u0131 ve Yap\u0131 \u0130\u015fleri Direkt\u00f6r\u00fc Sergey Butckikh konuya ili\u015fkin a\u00e7\u0131klamas\u0131nda \u015funlar\u0131 s\u00f6yledi: \u201cT\u00fcrbin binas\u0131ndaki \u00fc\u00e7 k\u00f6pr\u00fcl\u00fc vin\u00e7ten ilkinin ve en b\u00fcy\u00fck olan\u0131n\u0131n montaj\u0131na ba\u015flad\u0131k. Kurulum tamamland\u0131\u011f\u0131nda, t\u00fcm vin\u00e7ler t\u00fcrbin binas\u0131na ekipman yerle\u015ftirmek ve a\u011f\u0131r y\u00fckleri ta\u015f\u0131mak i\u00e7in kullan\u0131lacak. \u00dcnite i\u015fletmeye al\u0131nd\u0131\u011f\u0131nda t\u00fcrbin binas\u0131n\u0131n ana ve yard\u0131mc\u0131 ekipmanlar\u0131n\u0131n bak\u0131m ve onar\u0131m\u0131n\u0131 organize etmek i\u00e7in vin\u00e7lere ihtiya\u00e7 duyulur. Her bir vincin hizmet s\u00fcresi, \u00fcnitenin kullan\u0131m \u00f6mr\u00fc boyunca devam edecek \u015fekilde tasarlanm\u0131\u015ft\u0131r. Bu da tasar\u0131m ve yap\u0131da en y\u00fcksek derecede g\u00fcvenilirli\u011fin sa\u011fland\u0131\u011f\u0131 anlam\u0131na gelmektedir.\u201d<\/p>\n<p>Akkuyu NGS sahas\u0131ndaki in\u015faat ve montaj \u00e7al\u0131\u015fmalar\u0131, d\u00f6rt g\u00fc\u00e7 \u00fcnitesi, k\u0131y\u0131 hidroteknik yap\u0131lar\u0131, g\u00fc\u00e7 da\u011f\u0131t\u0131m sistemi, idari binalar, e\u011fitim merkezi ve NGS fiziksel koruma tesisleri olmak \u00fczere ana ve yard\u0131mc\u0131 tesislerin t\u00fcm\u00fcnde devam ediyor. Akkuyu NGS sahas\u0131ndaki in\u015faat\u0131n t\u00fcm a\u015famalar\u0131 ba\u011f\u0131ms\u0131z denetim kurulu\u015flar\u0131 ve ulusal d\u00fczenleme kurulu\u015fu olan N\u00fckleer D\u00fczenleme Kurumu (NDK) taraf\u0131ndan da yak\u0131ndan takip ediliyor.<\/p>\n","protected":false},"excerpt":{"rendered":"<p>Akkuyu N\u00fckleer G\u00fc\u00e7 Santrali\u2019nin (NGS) in\u015faat sahas\u0131nda, 1\u2019inci \u00fcnitenin t\u00fcrbin binas\u0131nda kurulacak \u00fc\u00e7 k\u00f6pr\u00fcl\u00fc vin\u00e7ten ilkinin montaj\u0131na ba\u015fland\u0131. Kurulacak vin\u00e7lerin en b\u00fcy\u00fck olan\u0131, 350 ton kald\u0131rma kapasitesine sahip elektrikli \u00e7ift &hellip; <a href=\"https:\/\/akdenizolaygazetesi.com\/?p=22866\" class=\"more-link\">Devam\u0131n\u0131 Oku&#8230;<\/a><\/p>\n","protected":false},"author":2,"featured_media":22867,"comment_status":"open","ping_status":"open","sticky":false,"template":"","format":"standard","meta":[],"categories":[3,11],"tags":[],"_links":{"self":[{"href":"https:\/\/akdenizolaygazetesi.com\/index.php?rest_route=\/wp\/v2\/posts\/22866"}],"collection":[{"href":"https:\/\/akdenizolaygazetesi.com\/index.php?rest_route=\/wp\/v2\/posts"}],"about":[{"href":"https:\/\/akdenizolaygazetesi.com\/index.php?rest_route=\/wp\/v2\/types\/post"}],"author":[{"embeddable":true,"href":"https:\/\/akdenizolaygazetesi.com\/index.php?rest_route=\/wp\/v2\/users\/2"}],"replies":[{"embeddable":true,"href":"https:\/\/akdenizolaygazetesi.com\/index.php?rest_route=%2Fwp%2Fv2%2Fcomments&post=22866"}],"version-history":[{"count":1,"href":"https:\/\/akdenizolaygazetesi.com\/index.php?rest_route=\/wp\/v2\/posts\/22866\/revisions"}],"predecessor-version":[{"id":22868,"href":"https:\/\/akdenizolaygazetesi.com\/index.php?rest_route=\/wp\/v2\/posts\/22866\/revisions\/22868"}],"wp:featuredmedia":[{"embeddable":true,"href":"https:\/\/akdenizolaygazetesi.com\/index.php?rest_route=\/wp\/v2\/media\/22867"}],"wp:attachment":[{"href":"https:\/\/akdenizolaygazetesi.com\/index.php?rest_route=%2Fwp%2Fv2%2Fmedia&parent=22866"}],"wp:term":[{"taxonomy":"category","embeddable":true,"href":"https:\/\/akdenizolaygazetesi.com\/index.php?rest_route=%2Fwp%2Fv2%2Fcategories&post=22866"},{"taxonomy":"post_tag","embeddable":true,"href":"https:\/\/akdenizolaygazetesi.com\/index.php?rest_route=%2Fwp%2Fv2%2Ftags&post=22866"}],"curies":[{"name":"wp","href":"https:\/\/api.w.org\/{rel}","templated":true}]}}