{"id":22881,"date":"2022-12-13T16:13:16","date_gmt":"2022-12-13T13:13:16","guid":{"rendered":"http:\/\/akdenizolaygazetesi.com\/?p=22881"},"modified":"2022-12-13T16:13:16","modified_gmt":"2022-12-13T13:13:16","slug":"baskan-gultak-kent-konseyinde-konusmasi-gereken-kisiler-konusturulmuyor","status":"publish","type":"post","link":"https:\/\/akdenizolaygazetesi.com\/?p=22881","title":{"rendered":"BA\u015eKAN G\u00dcLTAK: KENT KONSEY\u0130\u2019NDE KONU\u015eMASI GEREKEN K\u0130\u015e\u0130LER KONU\u015eTURULMUYOR"},"content":{"rendered":"<p>Ba\u015fkan G\u00fcltak, \u00c7aml\u0131bel Su Sporlar\u0131 Merkezi ile ilgili vatanda\u015flara yanl\u0131\u015f bilgiler veren Mersin Kent Konseyi\u2019ni sert s\u00f6zlerle ele\u015ftirdi. Ba\u015fkan G\u00fcltak, \u201cModerat\u00f6r taraf oldu\u011funu s\u00f6yl\u00fcyor, konu\u015fmas\u0131 gereken ki\u015filer konu\u015fturulmuyor. B\u00f6yle bir kent konseyi anlay\u0131\u015f\u0131yla do\u011fruyu bulmak zaten m\u00fcmk\u00fcn de\u011fildir\u201d ifadelerini kulland\u0131.<br \/>\nMersin B\u00fcy\u00fck\u015fehir Belediye Meclisi Aral\u0131k Ay\u0131 Ola\u011fan Toplant\u0131s\u0131\u2019nda s\u00f6z alan Ba\u015fkan G\u00fcltak, baz\u0131 ki\u015filerin k\u00fclliyen yanl\u0131\u015f bilgiler vererek projenin ve kentin geli\u015fiminin \u00f6n\u00fcn\u00fc kesmeye \u00e7al\u0131\u015ft\u0131klar\u0131n\u0131 belirtti. Ba\u015fkan G\u00fcltak, \u201cKent Konseyi\u2019nde \u00e7ok ilgin\u00e7 \u015feyler oluyor. B\u00f6yle bir konseyde do\u011fruyu bulmak zaten m\u00fcmk\u00fcn de\u011fildir. Konu\u015fmas\u0131 gereken insanlar konu\u015fturulmuyor. Toplant\u0131ya kat\u0131lan \u00c7aml\u0131bel Dernek Ba\u015fkan\u0131 ve Bal\u0131k\u00e7\u0131lar Bar\u0131na\u011f\u0131\u2019ndan arkada\u015flar konu\u015fturulmuyor. \u0130Y\u0130 Partili oldu\u011fu ifade edilen bir han\u0131mefendi yap\u0131lmak istenen \u00e7al\u0131\u015fmay\u0131 savunuyor. Yap\u0131lmaya \u00e7al\u0131\u015f\u0131lan projeyi savundu\u011fu i\u00e7in o han\u0131mefendiye buradan \u00e7ok te\u015fekk\u00fcr ederim. Kent Konseyi kendi kendine \u00e7alm\u0131\u015f oynam\u0131\u015f gibi bir durum s\u00f6z konusu olmu\u015f. Orada verilen bilgilerin \u00e7o\u011fu yanl\u0131\u015f, hatta maalesef k\u00fclliyen yanl\u0131\u015f diyeyim. Belki ne demek istedi\u011fim o zaman daha iyi anla\u015f\u0131l\u0131r\u201d dedi.<\/p>\n<p>\u201cBaz\u0131 ki\u015filer yanl\u0131\u015f bilgilerle milletin kafas\u0131n\u0131 kar\u0131\u015ft\u0131r\u0131yor\u201d<br \/>\nHafta sonu \u00c7aml\u0131bel\u2019e giderek \u00c7aml\u0131bel esnaf\u0131 ve vatanda\u015flar\u0131 ile bir araya geldi\u011fini s\u00f6yleyen Ba\u015fkan G\u00fcltak, \u201cBundan 3-4 ay \u00f6nce size \u2018Hadi gidelim \u00c7aml\u0131belli\u2019lere soral\u0131m. Hodri Meydan\u2019 demi\u015ftim ancak gelmediniz. Bu projeyi; \u00c7aml\u0131bel esnaf\u0131 istiyor, oturan vatanda\u015flar istiyor, \u0130stiklal Caddesi esnaf\u0131 istiyor. Tabi bazen birileri \u00e7\u0131k\u0131yor, yanl\u0131\u015f bilgilerle milletin kafas\u0131n\u0131 kar\u0131\u015ft\u0131r\u0131yorlar. Sonra biz gidip onlara ger\u00e7ekleri anlat\u0131nca \u2018Bize \u00f6yle s\u00f6ylemediler\u2019 diyorlar. Bunlar siyasetin i\u00e7inde olan \u015feyler, o ki\u015filer i\u015flerini yap\u0131yorlar. Yapmak zorundalar. 0,20 yo\u011funlukla \u00e7arpt\u0131\u011f\u0131n\u0131z zaman 13 bin metrekare bir kapal\u0131 alan oluyor. Biz bu i\u015fin imar\u0131n\u0131 hep birlikte yapt\u0131k, elimizdeki evraklarda bunlar yaz\u0131yor. Zaten bu alan\u0131n belli bir alan\u0131 Su Sporlar\u0131 Merkezi olmak zorunda. Evet \u015funu da s\u00f6yl\u00fcyorum biz ilk s\u00f6yledi\u011fimizde marina s\u00f6yledik ama bakt\u0131k ki marina yapma \u015fartlar\u0131 bu b\u00f6lgede m\u00fcmk\u00fcn de\u011fil. \u0130nsanlar\u0131n da b\u00f6yle bir iste\u011fi olmay\u0131nca zaten ondan sonra kendi fikrimizi de\u011fi\u015ftirdik ve Su Sporlar\u0131 Merkezi haline getirdik. Dolay\u0131s\u0131yla \u00f6yle s\u00f6ylendi\u011fi gibi; projede 38 bin, 60 bin, 70 bin metre kapal\u0131 alan yok. O ki\u015filer k\u00fclliyen yanl\u0131\u015f bilgi veriyor\u201d diye konu\u015ftu.<br \/>\nSu Sporlar\u0131 Merkezi Projesi\u2019nin k\u0131y\u0131 kenar \u00e7izgisi kanunlar\u0131na uygun bir \u015fekilde haz\u0131rland\u0131\u011f\u0131n\u0131 vurgulayan Akdeniz Belediye Ba\u015fkan\u0131 M. Mustafa G\u00fcltak; \u201c\u00c7evre Bakanl\u0131\u011f\u0131 bu imar\u0131 Su Sporlar\u0131 Merkezi olmak kayd\u0131yla verdi. Yani siz oraya 3 metre, 5 metre, 10 metre, 600 metre bir kapal\u0131 alanda; bir havuz veya bir basketbol sahas\u0131 yaparak Su Sporlar\u0131 Merkezi \u015fartlar\u0131n\u0131 yerine getiremezsiniz. Getirmedi\u011finiz takdirde de oran\u0131n imar\u0131 ge\u00e7ersiz olur. Ayr\u0131ca; amat\u00f6r bal\u0131k\u00e7\u0131lar\u0131n Atat\u00fcrk Park\u0131\u2019na kayd\u0131r\u0131ld\u0131\u011f\u0131 da k\u00fclliyen yanl\u0131\u015f bir bilgidir. Yakla\u015f\u0131k 330 bal\u0131k\u00e7\u0131m\u0131z\u0131n haklar\u0131 korunuyor\u201d ifadelerini kulland\u0131. <\/p>\n<p>Ba\u015fkan G\u00fcltak\u2019tan, Kent Konseyi\u2019ne tepki<br \/>\nKent Konseyi\u2019ni ele\u015ftiren Ba\u015fkan G\u00fcltak, \u201cB\u00f6yle bir konseyde do\u011fruyu bulmak zaten m\u00fcmk\u00fcn de\u011fildir. Konseyde moderat\u00f6r taraf oldu\u011funu s\u00f6yl\u00fcyor, konu\u015fmas\u0131 gereken ki\u015filer konu\u015fturulmuyor. Otel yap\u0131lacak diyen ki\u015filer hangi bilgi ve belgeye dayal\u0131 konu\u015fmu\u015ftur anlamak m\u00fcmk\u00fcn de\u011fil. Bu projeyi Say\u0131n Vahap Se\u00e7er\u2019e sunduk, kimseden bir \u015fey saklamad\u0131k. Say\u0131n Se\u00e7e bize, \u2018Atat\u00fcrk Park\u0131na girmeyin, park\u0131n alt\u0131na otopark yap\u0131n\u2019 dedi. Bu bir kar\u015f\u0131 \u00e7\u0131kmayd\u0131. An\u0131tlar Kurulundan izin al\u0131nmadan Cumhuriyet Alan\u0131\u2019nda bir \u015fey yap\u0131lamayaca\u011f\u0131n\u0131 B\u00fcy\u00fck\u015fehir\u2019in daire ba\u015fkan\u0131 da a\u00e7\u0131klad\u0131. Ba\u015fkan Se\u00e7er\u2019in bunlar\u0131 proje olmas\u0131n diye s\u00f6yledi\u011fini d\u00fc\u015f\u00fcn\u00fcyorum. Projeye ne \u015fehir planc\u0131lar\u0131 ne mimarlar odas\u0131 ne de STK\u2019lar hi\u00e7biri kar\u015f\u0131 \u00e7\u0131km\u0131yor. \u00c7\u0131kan varsa gelsin konu\u015fal\u0131m\u201d dedi.<\/p>\n<p>\u201c\u0130haleden sonra projeyi \u00c7aml\u0131bel ve \u0130stiklal Caddesi esnaf\u0131 ile payla\u015faca\u011f\u0131m\u201d<br \/>\nYakla\u015f\u0131k 330 tane amat\u00f6r bal\u0131k\u00e7\u0131n\u0131n korunaca\u011f\u0131n\u0131 yineleyen Ba\u015fkan G\u00fcltak \u015f\u00f6yle devam etti: \u201cAmat\u00f6r bal\u0131k\u00e7\u0131lar korunacak ve bunlar\u0131n \u00fcst\u00fcne de 120 tane ekstra yat\u0131n girilmesi i\u00e7in yer yap\u0131lacak. Cumartesi gitti\u011fimde yine ayn\u0131 \u015feyi s\u00f6ylediler, a\u00e7\u0131k deniz oldu\u011fundan dolay\u0131 liman\u0131n kap\u0131s\u0131ndan dalga geldi\u011finde b\u00fct\u00fcn o ekmek aras\u0131 bal\u0131k satan b\u00fcy\u00fck gemilerimiz sallanmakta ve birbirine \u00e7arpmaktad\u0131r. Ge\u00e7en senelerde de bunlardan bir tanesinin batt\u0131\u011f\u0131n\u0131 g\u00f6rd\u00fck. Millet bah\u00e7esine de onlara korunakl\u0131 yeni yerler yap\u0131ld\u0131 ve \u015fu an 10-12 tane gemimiz var. Onlar da ma\u011fdur edilmeden o b\u00f6lgeye nezih, temiz ve korunakl\u0131 bir alana ta\u015f\u0131nacakt\u0131r. Yani ne amat\u00f6r bal\u0131k\u00e7\u0131lar ne ekmek aras\u0131 bal\u0131k\u00e7\u0131lar olacak. Burada e\u015f g\u00fcd\u00fcml\u00fc olarak Karaduvar Liman\u0131\u2019n\u0131n kapasitesi artt\u0131r\u0131lmaktad\u0131r. Bakanl\u0131\u011f\u0131m\u0131z taraf\u0131ndan oradaki yakla\u015f\u0131k 20 veya 30 civar\u0131ndaki profesyonel bal\u0131k\u00e7\u0131lar da Karaduvar\u2019a ta\u015f\u0131narak b\u00f6lgemizde profesyonel bal\u0131k\u00e7\u0131l\u0131k deyince akla sadece ve sadece Karaduvar\u2019\u0131n gelmesi de sa\u011flanacakt\u0131r. Dolay\u0131s\u0131yla buran\u0131n bir imar\u0131n\u0131 \u00c7evre Bakanl\u0131\u011f\u0131 yapt\u0131. Ula\u015ft\u0131rma Bakanl\u0131\u011f\u0131m\u0131z fizibilite raporlar\u0131n\u0131 bitirdi. Cumhurba\u015fkanl\u0131\u011f\u0131m\u0131z\u0131n Strateji Daire Ba\u015fkanl\u0131\u011f\u0131na g\u00f6nderdi. Strateji Daire Ba\u015fkanl\u0131\u011f\u0131 uygun g\u00f6r\u00fcr, \u2018Yap \u0130\u015flet Devret\u2019 modeliyle buran\u0131n yap\u0131lmas\u0131na izin verirse, Ula\u015ft\u0131rma Bakanl\u0131\u011f\u0131m\u0131zla \u2018Yap \u0130\u015flet Devret\u2019 modeliyle buran\u0131n ihalesine \u00e7\u0131kacakt\u0131r. Bu ihale a\u015famas\u0131na \u00e7\u0131kt\u0131\u011f\u0131nda tabii ki projeler de \u00e7\u0131kacak. O projeler \u00e7\u0131kt\u0131\u011f\u0131nda da ben bunlar\u0131 \u00c7aml\u0131bel ve \u0130stiklal Caddesi esnaf\u0131 ile payla\u015faca\u011f\u0131m\u201d \u015feklinde konu\u015ftu.<\/p>\n<p>\u201cBinalar\u0131n manzaras\u0131n\u0131n kapanaca\u011f\u0131 da k\u00fclliyen yanl\u0131\u015f\u201d<br \/>\nProjeye engel olarak Ba\u015fkan Se\u00e7er\u2019in gelece\u011fe ta\u015f att\u0131\u011f\u0131n\u0131 dile getiren Ba\u015fkan G\u00fcltak, \u201cMerak etmeyin biz \u00c7aml\u0131bel\u2019i ve memleketimizi \u00e7ok seviyoruz. Burada imar konusunda kriterleri belirledik. Oraya yap\u0131lacak yap\u0131lar\u0131n 7 bu\u00e7uk metre y\u00fcksekli\u011fi ge\u00e7me \u015fans\u0131 da yok. Yani nereden \u00e7\u0131k\u0131yor bu oteller, katl\u0131 binalar. Binalar\u0131n manzaras\u0131n\u0131n kapanaca\u011f\u0131 da k\u00fclliyen yanl\u0131\u015f. Projeyi herkes istiyor. L\u00fctfen benim konu\u015fmad\u0131\u011f\u0131m konularda bilgiler vermeyin. Yoksa ileride yalanc\u0131 pozisyonuna d\u00fc\u015fersiniz. \u00c7\u00fcnk\u00fc ben ne ise onu s\u00f6yl\u00fcyorum. Projeyi kim istemiyor? B\u00fcy\u00fck\u015fehir Belediye Ba\u015fkan\u0131 ve Atat\u00fcrk\u00e7\u00fc D\u00fc\u015f\u00fcnce Derne\u011fi istemiyor. Diyorlar Mersin istemiyor. Hadi hodri meydan. Buyurun gidelim, gezelim oradaki esnafla otural\u0131m. Siz yanl\u0131\u015f bilgiler veriyorsunuz. B\u00fcy\u00fck\u015fehir Belediye Ba\u015fkanl\u0131\u011f\u0131n\u0131n dava a\u00e7mas\u0131na sayg\u0131 duyuyoruz, sonu\u00e7ta demokrasi ile y\u00f6netilen bir \u00fclke dava a\u00e7\u0131labilir. Ama kendileri d\u0131\u015f\u0131nda ne hikmetse; ne \u00c7aml\u0131bel\u2019den, ne bir STK\u2019dan ne de ba\u015fka kimseden bir dava a\u00e7\u0131lmam\u0131\u015f. Konuyla hi\u00e7bir alakas\u0131 olmayan Atat\u00fcrk\u00e7\u00fc D\u00fc\u015f\u00fcnce Derne\u011fi dava a\u00e7\u0131yor. Siz niye dava a\u00e7\u0131yorsunuz, onu anlamad\u0131m. Yani orada bir dernek binas\u0131 olur, y\u0131k\u0131lacak olur anlar\u0131z ama b\u00f6yle bir \u015fey de yok. Burada yaln\u0131z kald\u0131lar. T\u00fcrkiye\u2019nin en uzun sahil \u015feritlerinden birine sahip olsak da bug\u00fcne kadar hi\u00e7bir belediye buraya su sporlar\u0131 merkezi yapmam\u0131\u015f. \u0130\u015fte biz bunu yap\u0131yoruz. Bu bir vizyondur. Birileri konu\u015fur, biz yapar\u0131z. Bilgi kirlili\u011fi yapmay\u0131n. Bak\u0131n y\u00fcz y\u00fcze bak\u0131yoruz. Siyaset gelir, ge\u00e7er. Ayn\u0131 \u015fehirde ya\u015f\u0131yoruz, yan yana y\u00fcr\u00fcyece\u011fiz. Yanl\u0131\u015f bilgilerle kamuoyunu yanl\u0131\u015f bilgilendirmeyin\u201d diyerek s\u00f6zlerini sonland\u0131rd\u0131.<\/p>\n<p>\u201c\u015eehit aileleri sizin i\u00e7in de\u011ferli olsayd\u0131 konuyu meclise ta\u015f\u0131rd\u0131n\u0131z\u201d<br \/>\nAnkara G\u00f6lba\u015f\u0131 il\u00e7esinde 03 Kas\u0131m 2022 tarihinde icra edilen serbest para\u015f\u00fct atlay\u0131\u015f\u0131 esnas\u0131nda meydana gelen kazada \u015fehit olan Mersinli Hava Piyade Astsubay K\u0131demli \u00c7avu\u015f \u00d6zkan Demir\u2019in ailesi taraf\u0131ndan, 25 Kas\u0131m 2022 tarihinde Mersin B\u00fcy\u00fck\u015fehir Belediyesi\u2019ne dilek\u00e7eyle ba\u015fvurarak \u015fehit evlatlar\u0131n\u0131n isimlerinin ya\u015fad\u0131klar\u0131 mahallede bir caddeye verilmesi talebinde bulunduklar\u0131n\u0131 s\u00f6yleyen Ba\u015fkan G\u00fcltak, \u201c\u015eehidimizin babas\u0131 ge\u00e7ti\u011fimiz g\u00fcnlerde beni ziyaret etti. 25 Kas\u0131m 2022 tarihinde bir dilek\u00e7e ile B\u00fcy\u00fck\u015fehir\u2019e ba\u015fvurmu\u015flar. Ya\u015fad\u0131klar\u0131 mahallede yer alan bir caddeye \u015eehit \u00e7ocuklar\u0131n\u0131n ad\u0131n\u0131n verilmesini bana ilettiler. Ben de B\u00fcy\u00fck\u015fehir\u2019e iletirim dedim. \u015eehit aileleri bizim i\u00e7in de\u011ferlidir. Sizin i\u00e7in de de\u011ferli olsayd\u0131 25 Kas\u0131m tarihinde verilen dilek\u00e7eyi mecliste g\u00fcndeme getirirdiniz\u201d ifadelerini kulland\u0131. <\/p>\n","protected":false},"excerpt":{"rendered":"<p>Ba\u015fkan G\u00fcltak, \u00c7aml\u0131bel Su Sporlar\u0131 Merkezi ile ilgili vatanda\u015flara yanl\u0131\u015f bilgiler veren Mersin Kent Konseyi\u2019ni sert s\u00f6zlerle ele\u015ftirdi. Ba\u015fkan G\u00fcltak, \u201cModerat\u00f6r taraf oldu\u011funu s\u00f6yl\u00fcyor, konu\u015fmas\u0131 gereken ki\u015filer konu\u015fturulmuyor. B\u00f6yle bir &hellip; <a href=\"https:\/\/akdenizolaygazetesi.com\/?p=22881\" class=\"more-link\">Devam\u0131n\u0131 Oku&#8230;<\/a><\/p>\n","protected":false},"author":2,"featured_media":22882,"comment_status":"open","ping_status":"open","sticky":false,"template":"","format":"standard","meta":[],"categories":[8,2,3,6],"tags":[],"_links":{"self":[{"href":"https:\/\/akdenizolaygazetesi.com\/index.php?rest_route=\/wp\/v2\/posts\/22881"}],"collection":[{"href":"https:\/\/akdenizolaygazetesi.com\/index.php?rest_route=\/wp\/v2\/posts"}],"about":[{"href":"https:\/\/akdenizolaygazetesi.com\/index.php?rest_route=\/wp\/v2\/types\/post"}],"author":[{"embeddable":true,"href":"https:\/\/akdenizolaygazetesi.com\/index.php?rest_route=\/wp\/v2\/users\/2"}],"replies":[{"embeddable":true,"href":"https:\/\/akdenizolaygazetesi.com\/index.php?rest_route=%2Fwp%2Fv2%2Fcomments&post=22881"}],"version-history":[{"count":1,"href":"https:\/\/akdenizolaygazetesi.com\/index.php?rest_route=\/wp\/v2\/posts\/22881\/revisions"}],"predecessor-version":[{"id":22883,"href":"https:\/\/akdenizolaygazetesi.com\/index.php?rest_route=\/wp\/v2\/posts\/22881\/revisions\/22883"}],"wp:featuredmedia":[{"embeddable":true,"href":"https:\/\/akdenizolaygazetesi.com\/index.php?rest_route=\/wp\/v2\/media\/22882"}],"wp:attachment":[{"href":"https:\/\/akdenizolaygazetesi.com\/index.php?rest_route=%2Fwp%2Fv2%2Fmedia&parent=22881"}],"wp:term":[{"taxonomy":"category","embeddable":true,"href":"https:\/\/akdenizolaygazetesi.com\/index.php?rest_route=%2Fwp%2Fv2%2Fcategories&post=22881"},{"taxonomy":"post_tag","embeddable":true,"href":"https:\/\/akdenizolaygazetesi.com\/index.php?rest_route=%2Fwp%2Fv2%2Ftags&post=22881"}],"curies":[{"name":"wp","href":"https:\/\/api.w.org\/{rel}","templated":true}]}}