{"id":22887,"date":"2022-12-14T12:28:57","date_gmt":"2022-12-14T09:28:57","guid":{"rendered":"http:\/\/akdenizolaygazetesi.com\/?p=22887"},"modified":"2022-12-14T12:28:57","modified_gmt":"2022-12-14T09:28:57","slug":"mersin-buyuksehirden-ureticilere-iki-adet-zeytin-boylama-makinesi-daha","status":"publish","type":"post","link":"https:\/\/akdenizolaygazetesi.com\/?p=22887","title":{"rendered":"MERS\u0130N B\u00dcY\u00dcK\u015eEH\u0130R&#8217;DEN \u00dcRET\u0130C\u0130LERE \u0130K\u0130 ADET ZEYT\u0130N BOYLAMA MAK\u0130NES\u0130 DAHA&#8230;"},"content":{"rendered":"<p>Mersin B\u00fcy\u00fck\u015fehir Belediyesi&#8217;nin, tar\u0131m b\u00f6lgelerindeki \u00fcreticilerin yo\u011fun \u00e7al\u0131\u015fmalardan kurtularak rahatlamalar\u0131n\u0131 sa\u011flayan modern ekipman destekleri devam ediyor.<\/p>\n<p>Badem soyma makinas\u0131ndan bitkisel at\u0131k k\u0131ymaya, ta\u015f k\u0131rmadan ceviz soymaya, muz dal par\u00e7alamadan hamur yo\u011furma makinas\u0131na kadar, k\u0131rsalda ya\u015fayan yurtta\u015flar\u0131 modern ve kaliteli ekipmanlarla bulu\u015fturan Mersin B\u00fcy\u00fck\u015fehir Belediyesi, \u00fcr\u00fcn ve kalite kayb\u0131n\u0131 asgariye indiren ve zamandan tasarruf sa\u011flayan zeytin boylama makinesi deste\u011fini de s\u00fcrd\u00fcr\u00fcyor.<\/p>\n<p>B\u00fcy\u00fck\u015fehir Belediyesi Tar\u0131msal Hizmetler Dairesi Ba\u015fkanl\u0131\u011f\u0131 taraf\u0131ndan Tarsus D\u00f6rtk\u00f6y Sulama Kooperatifi ile Mersin Narenciye ve Tar\u0131m \u00dcreticileri Birli\u011fi&#8217;ne (MENKOB\u0130RL\u0130K) &#8216;Zeytin Boylama Makinesi Deste\u011fi Projesi&#8217; kapsam\u0131nda birer makine verildi.<\/p>\n<p>Toplanan zeytinleri el de\u011fmeden, kalite ve boyutlar\u0131na g\u00f6re s\u0131n\u0131fland\u0131ran makineler, saatte 2 ton \u00fcr\u00fcn i\u015fleme kapasitesine sahip. Girdi maliyetlerini ciddi oranda d\u00fc\u015f\u00fcren zeytin boylama makineleri, i\u015f\u00e7ilikten ve zamandan da b\u00fcy\u00fck tasarruf sa\u011fl\u0131yor.<\/p>\n<p>\u015eahuto\u011flu: &#8220;Zeytinlerin katma de\u011feri art\u0131yor&#8221;<\/p>\n<p>B\u00fcy\u00fck\u015fehir Tar\u0131msal Hizmetler Dairesi Ba\u015fkan\u0131 Sel\u00e7uk \u015eahuto\u011flu, &#8220;Tarsus D\u00f6rtk\u00f6y Sulama Kooperatifimize vermi\u015f oldu\u011fumuz zeytin boylama makinas\u0131n\u0131 \u00e7al\u0131\u015ft\u0131rd\u0131k. \u00dcreticilerimizle hep beraberiz. \u00d6zellikle k\u0131rsal b\u00f6lgelerde tar\u0131msal \u00fcretimin eski usullerle yap\u0131lmas\u0131, \u00fcr\u00fcnlerde kalite ve \u00fcr\u00fcn kayb\u0131na neden olmakta. Biz de bu ba\u011flamda zeytin \u00fcreticilerinin girdi masraflar\u0131n\u0131 azaltmak, \u00fcr\u00fcn ve kalite eksiklerini tamamlamalar\u0131 a\u00e7\u0131s\u0131ndan, kooperatifimiz arac\u0131l\u0131\u011f\u0131yla zeytin boylama makinas\u0131 verdik&#8221; diye konu\u015ftu. \u00dcreticilerin daha \u00f6nce elleriyle ay\u0131klad\u0131\u011f\u0131 zeytinleri, art\u0131k makine sayesinde zahmetsizce ve \u00e7ok k\u0131sa s\u00fcrede ay\u0131klad\u0131klar\u0131n\u0131 kaydeden \u015eahuto\u011flu, &#8220;B\u00f6ylelikle zeytinlerin katma de\u011feri de art\u0131yor. Ve \u00fcreticilerimiz \u00fcr\u00fcnlerini, emeklerinin kar\u015f\u0131l\u0131\u011f\u0131n\u0131 alabildikleri \u00fccrete sat\u0131yorlar&#8221; ifadelerini kulland\u0131.<\/p>\n<p>Muhtar B\u00f6l\u00fckba\u015f: &#8220;Daha \u00f6nce \u00e7ile \u00e7ekiyorduk, \u015fimdi istirahat\u0131m\u0131za bak\u0131yoruz&#8221;<\/p>\n<p>Tarsus&#8217;a ba\u011fl\u0131 Eski\u015fehir Mahallesi Muhtar\u0131 Bayram B\u00f6l\u00fckba\u015f, zeytin boylama konusunda \u00f6nceleri \u00e7ok s\u0131k\u0131nt\u0131 ya\u015fad\u0131klar\u0131n\u0131 belirterek, &#8220;Boylama makinesi i\u00e7in Mersin B\u00fcy\u00fck\u015fehir Belediyesi&#8217;ne ba\u015fvurduk. Ele\u011fimiz geldi. Daha \u00f6nceleri zeytin konusunda \u00e7ok \u00e7ile \u00e7ekiyorduk. Ak\u015fama kadar toplad\u0131\u011f\u0131m\u0131z zeytinleri, gece yar\u0131s\u0131na kadar se\u00e7meyle u\u011fra\u015f\u0131yorduk. Ama \u015fimdi B\u00fcy\u00fck\u015fehir Belediyemizin verdi\u011fi ele\u011fi kullan\u0131yoruz. Ak\u015fama kadar topluyoruz, 15 dakikada eliyoruz, evimize ge\u00e7iyoruz ve dinleniyoruz&#8221; dedi.<\/p>\n<p>&#8220;Ya\u015fad\u0131\u011f\u0131m\u0131z zorluklar geride kald\u0131&#8221;<\/p>\n<p>Kad\u0131n \u00fcreticilerden Suna G\u00fcndal, zeytin toplad\u0131klar\u0131 g\u00fcnlerde, gece yar\u0131lar\u0131na kadar se\u00e7me i\u015flemiyle de u\u011fra\u015ft\u0131klar\u0131na dikkat \u00e7ekerek, &#8220;Ak\u015fam 11&#8217;lere kadar se\u00e7me yap\u0131yor ve yoruluyorduk. \u015eimdi i\u015fimiz kolayla\u015ft\u0131. Ak\u015fama kadar \u00e7al\u0131\u015f\u0131yoruz, ak\u015fam hemen eliyoruz. Ya\u015fad\u0131\u011f\u0131m\u0131z o zorluklar geride kald\u0131&#8221; diye konu\u015ftu.<\/p>\n<p>&#8220;\u00d6nceden zeytin ay\u0131klama bizi \u00e7ok yoruyordu&#8221;<\/p>\n<p>Neziha Alemustal da zeytin boylama makinesinin gelmesiyle i\u015flerinin daha da kolayla\u015ft\u0131\u011f\u0131n\u0131 s\u00f6yleyerek, &#8220;\u00d6nceden kad\u0131nlar toplan\u0131rd\u0131k, t\u00fcm kom\u015fular tek tek ay\u0131klard\u0131k zeytini. Ama \u015fimdi Allah raz\u0131 olsun Vahap Se\u00e7er&#8217;den, makinemizi kurdurdu, i\u015fimiz kolayla\u015ft\u0131, \u00e7ok te\u015fekk\u00fcr ederim&#8221; dedi.<\/p>\n<p>&#8220;Bu imkan k\u00f6yl\u00fc i\u00e7in b\u00fcy\u00fck f\u0131rsat&#8221;<\/p>\n<p>Zeytin boylama makinesinin i\u015f\u00e7ili\u011fi yar\u0131 yar\u0131ya d\u00fc\u015f\u00fcrd\u00fc\u011f\u00fcn\u00fc vurgulayan bir di\u011fer \u00fcretici Rasim G\u00fcndal ise, &#8220;\u00dcreticiler i\u00e7in i\u015f\u00e7ili\u011fi yar\u0131 yar\u0131ya d\u00fc\u015f\u00fcrd\u00fc. Ge\u00e7en y\u0131l \u00f6\u011flene kadar toplad\u0131\u011f\u0131m\u0131z zeytinleri, ak\u015fama kadar 3 ki\u015fiyle, 5 ki\u015fiyle elle se\u00e7iyorduk. Bu imkan k\u00f6yl\u00fc i\u00e7in b\u00fcy\u00fck f\u0131rsat. \u00d6zellikle \u00fcreticilerimiz zeytinini \u00f6\u011flene kadar topluyor. \u0130nsanlar burada kalibresine g\u00f6re se\u00e7imini yap\u0131yor. \u0130steyen kendi kuruyor, isteyen pazara g\u00f6t\u00fcr\u00fcyor mal\u0131n\u0131 de\u011ferlendiriyor&#8221; ifadelerini kulland\u0131.<\/p>\n","protected":false},"excerpt":{"rendered":"<p>Mersin B\u00fcy\u00fck\u015fehir Belediyesi&#8217;nin, tar\u0131m b\u00f6lgelerindeki \u00fcreticilerin yo\u011fun \u00e7al\u0131\u015fmalardan kurtularak rahatlamalar\u0131n\u0131 sa\u011flayan modern ekipman destekleri devam ediyor. Badem soyma makinas\u0131ndan bitkisel at\u0131k k\u0131ymaya, ta\u015f k\u0131rmadan ceviz soymaya, muz dal par\u00e7alamadan hamur &hellip; <a href=\"https:\/\/akdenizolaygazetesi.com\/?p=22887\" class=\"more-link\">Devam\u0131n\u0131 Oku&#8230;<\/a><\/p>\n","protected":false},"author":2,"featured_media":22888,"comment_status":"open","ping_status":"open","sticky":false,"template":"","format":"standard","meta":[],"categories":[8,2,3],"tags":[],"_links":{"self":[{"href":"https:\/\/akdenizolaygazetesi.com\/index.php?rest_route=\/wp\/v2\/posts\/22887"}],"collection":[{"href":"https:\/\/akdenizolaygazetesi.com\/index.php?rest_route=\/wp\/v2\/posts"}],"about":[{"href":"https:\/\/akdenizolaygazetesi.com\/index.php?rest_route=\/wp\/v2\/types\/post"}],"author":[{"embeddable":true,"href":"https:\/\/akdenizolaygazetesi.com\/index.php?rest_route=\/wp\/v2\/users\/2"}],"replies":[{"embeddable":true,"href":"https:\/\/akdenizolaygazetesi.com\/index.php?rest_route=%2Fwp%2Fv2%2Fcomments&post=22887"}],"version-history":[{"count":1,"href":"https:\/\/akdenizolaygazetesi.com\/index.php?rest_route=\/wp\/v2\/posts\/22887\/revisions"}],"predecessor-version":[{"id":22889,"href":"https:\/\/akdenizolaygazetesi.com\/index.php?rest_route=\/wp\/v2\/posts\/22887\/revisions\/22889"}],"wp:featuredmedia":[{"embeddable":true,"href":"https:\/\/akdenizolaygazetesi.com\/index.php?rest_route=\/wp\/v2\/media\/22888"}],"wp:attachment":[{"href":"https:\/\/akdenizolaygazetesi.com\/index.php?rest_route=%2Fwp%2Fv2%2Fmedia&parent=22887"}],"wp:term":[{"taxonomy":"category","embeddable":true,"href":"https:\/\/akdenizolaygazetesi.com\/index.php?rest_route=%2Fwp%2Fv2%2Fcategories&post=22887"},{"taxonomy":"post_tag","embeddable":true,"href":"https:\/\/akdenizolaygazetesi.com\/index.php?rest_route=%2Fwp%2Fv2%2Ftags&post=22887"}],"curies":[{"name":"wp","href":"https:\/\/api.w.org\/{rel}","templated":true}]}}