{"id":22890,"date":"2022-12-14T12:31:00","date_gmt":"2022-12-14T09:31:00","guid":{"rendered":"http:\/\/akdenizolaygazetesi.com\/?p=22890"},"modified":"2022-12-14T12:31:00","modified_gmt":"2022-12-14T09:31:00","slug":"akdenizde-demli-sohbetler-sona-erdi","status":"publish","type":"post","link":"https:\/\/akdenizolaygazetesi.com\/?p=22890","title":{"rendered":"AKDEN\u0130Z\u2019DE DEML\u0130 SOHBETLER SONA ERD\u0130"},"content":{"rendered":"<p>Akdeniz Belediyesi K\u00fclt\u00fcr ve Sosyal \u0130\u015fler M\u00fcd\u00fcrl\u00fc\u011f\u00fc taraf\u0131ndan organize edilen \u201cDemli Sohbetler\u201d etkinli\u011fi sona erdi. K\u00fclt\u00fcr ve sanat evi kursiyeri kad\u0131nlar\u0131n yer ald\u0131\u011f\u0131 sohbete kat\u0131lan Ba\u015fkan G\u00fcltak, Akdeniz\u2019in kaderini de\u011fi\u015ftiren hizmet ve projeleri kad\u0131nlara anlatt\u0131.<br \/>\nMersin Millet Bah\u00e7esi sahil etab\u0131nda d\u00fczenlenen bulu\u015fmada Akdenizli kad\u0131nlar keyifli zaman ge\u00e7irdi. Turgut Reis ve G\u00fcne\u015f Mahallesi kad\u0131nlar\u0131n\u0131n bulundu\u011fu \u2018demli sohbetler\u2019 bulu\u015fmas\u0131na Akdeniz Belediye Ba\u015fkan\u0131 M. Mustafa G\u00fcltak da kat\u0131larak Akdeniz\u2019in emektar kad\u0131nlar\u0131yla \u00e7ay i\u00e7erek sohbet etti. Son kez d\u00fczenlenen \u2018demli sohbetler\u2019 bulu\u015fmas\u0131 renkli g\u00f6r\u00fcnt\u00fclere sahne oldu.<br \/>\nKentsel d\u00f6n\u00fc\u015f\u00fcm projesi ba\u015fta olmak \u00fczere bir\u00e7ok projeye Bah\u00e7e, Turgut Reis ve \u00c7ay Mahallesi\u2019nde de devam edeceklerini s\u00f6yleyen Ba\u015fkan G\u00fcltak, \u201cBu kentin en b\u00fcy\u00fck sorunlar\u0131ndan biri kentsel d\u00f6n\u00fc\u015f\u00fcm. Turgut Reis, Bah\u00e7e ve Bar\u0131\u015f Mahallelerinde evler i\u00e7 i\u00e7e halde. \u015eevket S\u00fcmer Mahallesi ve G\u00fcne\u015f Mahallesi de yine ayn\u0131 durumda. \u015eu anda bir\u00e7ok vatanda\u015f\u0131m\u0131z bizden park istiyor ama biz nereye park yapaca\u011f\u0131z? Mesela, Bar\u0131\u015f Mahallesi\u2019ne veya Turgut Reis Mahallesi\u2019ne park yapmak istiyoruz. Nereye yapaca\u011f\u0131z? Var m\u0131 arazi? Belirtti\u011fim mahallelerde yer alan evler \u015fu anda kullan\u0131lan ve sa\u011fl\u0131kl\u0131 olmayan evler. Bu nedenle kentsel d\u00f6n\u00fc\u015f\u00fcm projesine \u00f6nem veriyoruz \u201d dedi.<\/p>\n<p>\u201cEt\u00fct Merkezi\u2019nde 600 \u00f6\u011frenciye destek veriyoruz\u201d<br \/>\nYapt\u0131klar\u0131 projelerle her zaman \u00f6\u011frencilerin destek\u00e7isi olan Akdeniz Belediye Ba\u015fkan\u0131 M. Mustafa G\u00fcltak, \u201cEt\u00fct Merkezi\u2019nde 600 \u00f6\u011frenciye destek veriyoruz. Et\u00fct Merkezi\u2019nde ge\u00e7en sene e\u011fitim alan \u00f6\u011frencilerimizin 20 tanesi T\u00fcrkiye\u2019de ilk 10 bin i\u00e7erisinde yer ald\u0131. Burada ders veren \u00f6\u011fretmenlerimiz de \u00e7ok iyi ve kaliteli e\u011fitim veriyor. E\u011fitimlerimiz bedava ve herhangi bir \u00fccret alm\u0131yoruz. Ayr\u0131ca lise son s\u0131n\u0131f \u00f6\u011frencilerimiz i\u00e7in de bir dijital platformumuz var. Bu dijital platformda; 500 binden fazla soru var, lise ve orta\u00f6\u011fretim notlar\u0131 var. Sorular\u0131n videolu anlat\u0131m\u0131 var. Ayda 1 kez Mersin ve T\u00fcrkiye genelinde s\u0131navlara girebiliyorsunuz. Bilgisayar ve internet imk\u00e2n\u0131 olmayan ailelerimizin \u00e7ocuklar\u0131 servislerimizi kullanarak Et\u00fct Merkezi\u2019ne gelebilir; imkan\u0131 olan ailelerimizin \u00e7ocuklar\u0131 da bu dijital platformlar\u0131 kullanabilirler. Bu imk\u00e2nlar\u0131 biz Akdeniz\u2019de b\u0131rakt\u0131rabilirsek, sizler \u00e7ok daha farkl\u0131 bir hayat ya\u015f\u0131yor olursunuz. Bunun i\u00e7in \u00e7al\u0131\u015fmak, proje \u00fcretmek ve birlikte olmam\u0131z laz\u0131m\u201d diye konu\u015ftu.<br \/>\nAkdenizli kad\u0131nlar ise; kurslar\u0131n a\u00e7\u0131lmas\u0131n\u0131 sa\u011flayan ve kendilerine bu imkanlar\u0131 sa\u011flayan Akdeniz Belediye Ba\u015fkan\u0131 M. Mustafa G\u00fcltak\u2019a te\u015fekk\u00fcr etti. Akdenizli kad\u0131nlar sohbetin ard\u0131ndan Ba\u015fkan G\u00fcltak\u2019a hediye takdim etti. <\/p>\n","protected":false},"excerpt":{"rendered":"<p>Akdeniz Belediyesi K\u00fclt\u00fcr ve Sosyal \u0130\u015fler M\u00fcd\u00fcrl\u00fc\u011f\u00fc taraf\u0131ndan organize edilen \u201cDemli Sohbetler\u201d etkinli\u011fi sona erdi. K\u00fclt\u00fcr ve sanat evi kursiyeri kad\u0131nlar\u0131n yer ald\u0131\u011f\u0131 sohbete kat\u0131lan Ba\u015fkan G\u00fcltak, Akdeniz\u2019in kaderini de\u011fi\u015ftiren &hellip; <a href=\"https:\/\/akdenizolaygazetesi.com\/?p=22890\" class=\"more-link\">Devam\u0131n\u0131 Oku&#8230;<\/a><\/p>\n","protected":false},"author":2,"featured_media":22891,"comment_status":"open","ping_status":"open","sticky":false,"template":"","format":"standard","meta":[],"categories":[2,3,5],"tags":[],"_links":{"self":[{"href":"https:\/\/akdenizolaygazetesi.com\/index.php?rest_route=\/wp\/v2\/posts\/22890"}],"collection":[{"href":"https:\/\/akdenizolaygazetesi.com\/index.php?rest_route=\/wp\/v2\/posts"}],"about":[{"href":"https:\/\/akdenizolaygazetesi.com\/index.php?rest_route=\/wp\/v2\/types\/post"}],"author":[{"embeddable":true,"href":"https:\/\/akdenizolaygazetesi.com\/index.php?rest_route=\/wp\/v2\/users\/2"}],"replies":[{"embeddable":true,"href":"https:\/\/akdenizolaygazetesi.com\/index.php?rest_route=%2Fwp%2Fv2%2Fcomments&post=22890"}],"version-history":[{"count":1,"href":"https:\/\/akdenizolaygazetesi.com\/index.php?rest_route=\/wp\/v2\/posts\/22890\/revisions"}],"predecessor-version":[{"id":22892,"href":"https:\/\/akdenizolaygazetesi.com\/index.php?rest_route=\/wp\/v2\/posts\/22890\/revisions\/22892"}],"wp:featuredmedia":[{"embeddable":true,"href":"https:\/\/akdenizolaygazetesi.com\/index.php?rest_route=\/wp\/v2\/media\/22891"}],"wp:attachment":[{"href":"https:\/\/akdenizolaygazetesi.com\/index.php?rest_route=%2Fwp%2Fv2%2Fmedia&parent=22890"}],"wp:term":[{"taxonomy":"category","embeddable":true,"href":"https:\/\/akdenizolaygazetesi.com\/index.php?rest_route=%2Fwp%2Fv2%2Fcategories&post=22890"},{"taxonomy":"post_tag","embeddable":true,"href":"https:\/\/akdenizolaygazetesi.com\/index.php?rest_route=%2Fwp%2Fv2%2Ftags&post=22890"}],"curies":[{"name":"wp","href":"https:\/\/api.w.org\/{rel}","templated":true}]}}