{"id":22893,"date":"2022-12-14T12:32:37","date_gmt":"2022-12-14T09:32:37","guid":{"rendered":"http:\/\/akdenizolaygazetesi.com\/?p=22893"},"modified":"2022-12-14T12:32:37","modified_gmt":"2022-12-14T09:32:37","slug":"vali-ali-hamza-pehlivan-guvenli-trafik-guvenli-tarim-sempozyumunun-acilis-programina-katildi","status":"publish","type":"post","link":"https:\/\/akdenizolaygazetesi.com\/?p=22893","title":{"rendered":"VAL\u0130 AL\u0130 HAMZA PEHL\u0130VAN, \u201cG\u00dcVENL\u0130 TRAF\u0130K, G\u00dcVENL\u0130 TARIM\u201d SEMPOZYUMUNUN A\u00c7ILI\u015e PROGRAMINA KATILDI"},"content":{"rendered":"<p>Vali Ali Hamza Pehlivan, \u0130\u00e7i\u015fleri Bakanl\u0131\u011f\u0131 himayesinde, Jandarma Genel Komutanl\u0131\u011f\u0131 ev sahipli\u011finde Ankara Be\u015ftepe\u2019de, 81 \u0130lde e\u015f zamanl\u0131 ger\u00e7ekle\u015ftirilen \u201cG\u00fcvenli Trafik, G\u00fcvenli Tar\u0131m\u201d sempozyumunun a\u00e7\u0131l\u0131\u015f program\u0131na, Mersin \u0130l Jandarma Komutanl\u0131\u011f\u0131 \u015eehit J.Uzm.\u00c7v\u015f. Eren K\u0131z\u0131lgedik Brifing Salonu\u2019ndan Video Konferans Sistemi (VKS) ile kat\u0131ld\u0131.<\/p>\n<p>Sayg\u0131 duru\u015funda bulunulmas\u0131 ve \u0130stiklal Mar\u015f\u0131m\u0131z\u0131n okunmas\u0131yla ba\u015flayan program \u2018G\u00fcvenli Trafik G\u00fcvenli Tar\u0131m\u2019 tan\u0131t\u0131m filmi ile devam etti.<br \/>\nJandarma Genel Komutanl\u0131\u011f\u0131 Trafik Daire Ba\u015fkanl\u0131\u011f\u0131 taraf\u0131ndan ger\u00e7ekle\u015ftirilen sunumun ard\u0131ndan \u0130\u00e7i\u015fleri Bakan Yard\u0131mc\u0131s\u0131 Mehmet Ersoy ve Jandarma Genel Komutan\u0131 Orgeneral Arif \u00c7etin birer konu\u015fma ger\u00e7ekle\u015ftirdi.<\/p>\n<p>\u00d6zellikle k\u0131rsal b\u00f6lgelerde tedbirlerin,e\u011fitici faaliyetlerin ve denetimlerin art\u0131r\u0131larak trafik kazalar\u0131n\u0131n \u00f6nlenmesi hususunda kamuoyunda fark\u0131ndal\u0131k olu\u015fturmak amac\u0131yla \u201c\u00d6nlem Al, Hayatta Kal\u201d mottosuyla d\u00fczenlenen \u201cG\u00fcvenli Trafik, G\u00fcvenli Tar\u0131m\u201d sempozyumun a\u00e7\u0131l\u0131\u015f program\u0131nda trafik g\u00fcvenli\u011fine ili\u015fkin sunumlar yap\u0131ld\u0131, \u0130\u00e7i\u015fleri Bakanl\u0131\u011f\u0131 ile Tar\u0131m ve Orman Bakanl\u0131\u011f\u0131 aras\u0131nda imzalanacak olan i\u015f birli\u011fi protokol\u00fcn\u00fcn i\u00e7eri\u011fi hakk\u0131nda bilgiler payla\u015f\u0131ld\u0131.<\/p>\n<p>Trafik kazalar\u0131n\u0131n \u00f6nlenmesine y\u00f6nelik kampanyalara destek veren kurum ve kurulu\u015f temsilcilerine plaket ve te\u015fekk\u00fcr belgeleri takdim edildi.<br \/>\nTrafik Jandarmas\u0131n\u0131n yeni k\u0131yafetlerinin kamuoyuna tan\u0131t\u0131lmas\u0131n\u0131n akabinde program toplu foto\u011fraf \u00e7ekiminin ard\u0131ndan sona erdi.<\/p>\n<p>12-13 Aral\u0131k tarihleri aras\u0131nda ger\u00e7ekle\u015ftirilecek olan sempozyumda; k\u0131rsal alanlar ve yollarda yo\u011fun olarak meydana gelen trafik kazalar\u0131n\u0131n \u00f6nlenmesi\/azalt\u0131lmas\u0131na y\u00f6nelik olarak; k\u0131rsal alan ko\u015fullar\u0131 ve tar\u0131msal \u00fcretim faaliyetleriyle ili\u015fkili trafik kazalar\u0131n\u0131n azalt\u0131lmas\u0131\/\u00f6nlenmesine y\u00f6nelik bilimsel, teknik ve uygulay\u0131c\u0131lar d\u00fczeyinde de\u011ferlendirmelerde bulunulmas\u0131 ve \u00e7\u00f6z\u00fcm \u00f6nerileri geli\u015ftirilmesi, Bakanl\u0131klar, \u00dcniversiteler, sekt\u00f6rel kurulu\u015flar, STK\u2019lar ve trafik kollu\u011fu aras\u0131nda i\u015f birli\u011finin geli\u015ftirilmesi, 2021-2023 Karayolu Trafik G\u00fcvenli\u011fi Eylem Planlar\u0131na dahil edilmesine ihtiya\u00e7 duyulan yeni performans g\u00f6stergelerinin de\u011ferlendirilmesi, akademik ara\u015ft\u0131rmalar i\u00e7in yeni alanlar ve konulara altyap\u0131 olu\u015fturulmas\u0131, tar\u0131msal i\u015fg\u00fcc\u00fcn\u00fcn trafik g\u00fcvenli\u011fi ile i\u015f sa\u011fl\u0131\u011f\u0131 ve g\u00fcvenli\u011fine y\u00f6nelik mevzuat de\u011fi\u015fikli\u011fi ihtiya\u00e7lar\u0131n\u0131n de\u011ferlendirilmesi, tar\u0131msal faaliyetlerle ili\u015fkili trafik kazalar\u0131n\u0131n azalt\u0131lmas\u0131na y\u00f6nelik denetim, e\u011fitim ve kampanyalar\u0131n s\u00fcrekli ve s\u00fcrd\u00fcr\u00fclebilir hale getirilmesi konular\u0131 ele al\u0131nacak.<\/p>\n<p>Video konferans y\u00f6ntemiyle \u0130\u00e7i\u015fleri Bakan Yard\u0131mc\u0131s\u0131 Mehmet Ersoy\u2019un ba\u015fkanl\u0131\u011f\u0131nda 81 \u0130lde e\u015f zamanl\u0131 ger\u00e7ekle\u015ftirilen \u201cG\u00fcvenli Trafik, G\u00fcvenli Tar\u0131m\u201d sempozyumunun a\u00e7\u0131l\u0131\u015f program\u0131na video konferans yoluyla Vali Ali Hamza Pehlivan ile birlikte Vali Yard\u0131mc\u0131s\u0131 Alp Eren Y\u0131lmaz, \u0130l Jandarma Komutan\u0131 Tu\u011fgeneral Necip \u00c7ar\u0131kc\u0131o\u011flu, \u0130l Emniyet M\u00fcd\u00fcr\u00fc Mehmet Aslan, ilgili kurum m\u00fcd\u00fcrleri, Jandarma ve Emniyet birimlerinin sorumlu amirleri kat\u0131ld\u0131.<\/p>\n","protected":false},"excerpt":{"rendered":"<p>Vali Ali Hamza Pehlivan, \u0130\u00e7i\u015fleri Bakanl\u0131\u011f\u0131 himayesinde, Jandarma Genel Komutanl\u0131\u011f\u0131 ev sahipli\u011finde Ankara Be\u015ftepe\u2019de, 81 \u0130lde e\u015f zamanl\u0131 ger\u00e7ekle\u015ftirilen \u201cG\u00fcvenli Trafik, G\u00fcvenli Tar\u0131m\u201d sempozyumunun a\u00e7\u0131l\u0131\u015f program\u0131na, Mersin \u0130l Jandarma Komutanl\u0131\u011f\u0131 &hellip; <a href=\"https:\/\/akdenizolaygazetesi.com\/?p=22893\" class=\"more-link\">Devam\u0131n\u0131 Oku&#8230;<\/a><\/p>\n","protected":false},"author":2,"featured_media":22894,"comment_status":"open","ping_status":"open","sticky":false,"template":"","format":"standard","meta":[],"categories":[3,5],"tags":[],"_links":{"self":[{"href":"https:\/\/akdenizolaygazetesi.com\/index.php?rest_route=\/wp\/v2\/posts\/22893"}],"collection":[{"href":"https:\/\/akdenizolaygazetesi.com\/index.php?rest_route=\/wp\/v2\/posts"}],"about":[{"href":"https:\/\/akdenizolaygazetesi.com\/index.php?rest_route=\/wp\/v2\/types\/post"}],"author":[{"embeddable":true,"href":"https:\/\/akdenizolaygazetesi.com\/index.php?rest_route=\/wp\/v2\/users\/2"}],"replies":[{"embeddable":true,"href":"https:\/\/akdenizolaygazetesi.com\/index.php?rest_route=%2Fwp%2Fv2%2Fcomments&post=22893"}],"version-history":[{"count":1,"href":"https:\/\/akdenizolaygazetesi.com\/index.php?rest_route=\/wp\/v2\/posts\/22893\/revisions"}],"predecessor-version":[{"id":22895,"href":"https:\/\/akdenizolaygazetesi.com\/index.php?rest_route=\/wp\/v2\/posts\/22893\/revisions\/22895"}],"wp:featuredmedia":[{"embeddable":true,"href":"https:\/\/akdenizolaygazetesi.com\/index.php?rest_route=\/wp\/v2\/media\/22894"}],"wp:attachment":[{"href":"https:\/\/akdenizolaygazetesi.com\/index.php?rest_route=%2Fwp%2Fv2%2Fmedia&parent=22893"}],"wp:term":[{"taxonomy":"category","embeddable":true,"href":"https:\/\/akdenizolaygazetesi.com\/index.php?rest_route=%2Fwp%2Fv2%2Fcategories&post=22893"},{"taxonomy":"post_tag","embeddable":true,"href":"https:\/\/akdenizolaygazetesi.com\/index.php?rest_route=%2Fwp%2Fv2%2Ftags&post=22893"}],"curies":[{"name":"wp","href":"https:\/\/api.w.org\/{rel}","templated":true}]}}