{"id":22896,"date":"2022-12-14T12:34:29","date_gmt":"2022-12-14T09:34:29","guid":{"rendered":"http:\/\/akdenizolaygazetesi.com\/?p=22896"},"modified":"2022-12-14T12:34:29","modified_gmt":"2022-12-14T09:34:29","slug":"toroslar-belediyesi-siddetli-yagis-ve-sel-riskine-karsi-teyakkuzda","status":"publish","type":"post","link":"https:\/\/akdenizolaygazetesi.com\/?p=22896","title":{"rendered":"TOROSLAR BELED\u0130YES\u0130, \u015e\u0130DDETL\u0130 YA\u011eI\u015e VE SEL R\u0130SK\u0130NE KAR\u015eI TEYAKKUZDA"},"content":{"rendered":"<p>Toroslar Belediyesi, Afet ve Acil Durum Y\u00f6netimi Ba\u015fkanl\u0131\u011f\u0131&#8217;ndan (AFAD) yap\u0131lan olumsuz hava ko\u015fullar\u0131 nedeniyle meydana gelebilecek \u015fiddetli ya\u011f\u0131\u015f ve sel riskine kar\u015f\u0131 teyakkuz halinde oldu\u011funu belirtti.<\/p>\n<p>Herhangi bir olumsuzlukla kar\u015f\u0131la\u015fmamak amac\u0131yla kontrollerini aral\u0131ks\u0131z s\u00fcrd\u00fcren Belediyenin Acil Durum Afet Ekibi, Toroslar Belediye Ba\u015fkan\u0131 Ats\u0131z Af\u015f\u0131n Y\u0131lmaz&#8217;\u0131n talimat\u0131 ile sabah\u0131n erken saatlerinde harekete ge\u00e7erek il\u00e7e genelindeki su giderlerini temizledi.<\/p>\n<p>Ba\u015fkan Y\u0131lmaz; &#8220;T\u00fcm Ekiplerimizle Sahaday\u0131z&#8221;<\/p>\n<p>Toroslar Belediyesi Acil Durum Afet ekiplerinin her an g\u00f6rev ba\u015f\u0131nda oldu\u011funu belirten Ba\u015fkan Y\u0131lmaz, herhangi bir olumsuzlukla kar\u015f\u0131la\u015fan vatanda\u015flar\u0131n belediyenin 0324 322 72 00 numaral\u0131 telefonunu arayabileceklerini s\u00f6yledi.<\/p>\n<p>&#8220;Mersinli hem\u015fehrilerimizden sel ve su bask\u0131nlar\u0131na kar\u015f\u0131 dikkatli olmalar\u0131n\u0131 istiyoruz&#8221; diyen Ba\u015fkan Y\u0131lmaz; &#8220;Biz de gerekli \u00f6nlemleri ald\u0131k. Olu\u015fabilecek t\u00fcm olumsuzluklara kar\u015f\u0131 t\u00fcm ekiplerimiz her an teyakkuz halinde. \u0130l\u00e7emiz genelinde vatanda\u015flar\u0131m\u0131z\u0131n g\u00fcvenli\u011fini ve refah\u0131n\u0131 sa\u011flamak i\u00e7in \u015fimdiye kadar oldu\u011fu gibi, bundan sonra da gece g\u00fcnd\u00fcz canla ba\u015fla hizmet etmeye devam edece\u011fiz&#8221; diye konu\u015ftu.<\/p>\n","protected":false},"excerpt":{"rendered":"<p>Toroslar Belediyesi, Afet ve Acil Durum Y\u00f6netimi Ba\u015fkanl\u0131\u011f\u0131&#8217;ndan (AFAD) yap\u0131lan olumsuz hava ko\u015fullar\u0131 nedeniyle meydana gelebilecek \u015fiddetli ya\u011f\u0131\u015f ve sel riskine kar\u015f\u0131 teyakkuz halinde oldu\u011funu belirtti. Herhangi bir olumsuzlukla kar\u015f\u0131la\u015fmamak &hellip; <a href=\"https:\/\/akdenizolaygazetesi.com\/?p=22896\" class=\"more-link\">Devam\u0131n\u0131 Oku&#8230;<\/a><\/p>\n","protected":false},"author":2,"featured_media":22897,"comment_status":"open","ping_status":"open","sticky":false,"template":"","format":"standard","meta":[],"categories":[3,5],"tags":[],"_links":{"self":[{"href":"https:\/\/akdenizolaygazetesi.com\/index.php?rest_route=\/wp\/v2\/posts\/22896"}],"collection":[{"href":"https:\/\/akdenizolaygazetesi.com\/index.php?rest_route=\/wp\/v2\/posts"}],"about":[{"href":"https:\/\/akdenizolaygazetesi.com\/index.php?rest_route=\/wp\/v2\/types\/post"}],"author":[{"embeddable":true,"href":"https:\/\/akdenizolaygazetesi.com\/index.php?rest_route=\/wp\/v2\/users\/2"}],"replies":[{"embeddable":true,"href":"https:\/\/akdenizolaygazetesi.com\/index.php?rest_route=%2Fwp%2Fv2%2Fcomments&post=22896"}],"version-history":[{"count":1,"href":"https:\/\/akdenizolaygazetesi.com\/index.php?rest_route=\/wp\/v2\/posts\/22896\/revisions"}],"predecessor-version":[{"id":22898,"href":"https:\/\/akdenizolaygazetesi.com\/index.php?rest_route=\/wp\/v2\/posts\/22896\/revisions\/22898"}],"wp:featuredmedia":[{"embeddable":true,"href":"https:\/\/akdenizolaygazetesi.com\/index.php?rest_route=\/wp\/v2\/media\/22897"}],"wp:attachment":[{"href":"https:\/\/akdenizolaygazetesi.com\/index.php?rest_route=%2Fwp%2Fv2%2Fmedia&parent=22896"}],"wp:term":[{"taxonomy":"category","embeddable":true,"href":"https:\/\/akdenizolaygazetesi.com\/index.php?rest_route=%2Fwp%2Fv2%2Fcategories&post=22896"},{"taxonomy":"post_tag","embeddable":true,"href":"https:\/\/akdenizolaygazetesi.com\/index.php?rest_route=%2Fwp%2Fv2%2Ftags&post=22896"}],"curies":[{"name":"wp","href":"https:\/\/api.w.org\/{rel}","templated":true}]}}