{"id":22899,"date":"2022-12-14T12:35:50","date_gmt":"2022-12-14T09:35:50","guid":{"rendered":"http:\/\/akdenizolaygazetesi.com\/?p=22899"},"modified":"2022-12-14T12:35:50","modified_gmt":"2022-12-14T09:35:50","slug":"vali-ali-hamza-pehlivan-mersin-alkol-ve-madde-bagimliligi-tedavi-merkezini-amatem-ziyaret-etti","status":"publish","type":"post","link":"https:\/\/akdenizolaygazetesi.com\/?p=22899","title":{"rendered":"VAL\u0130 AL\u0130 HAMZA PEHL\u0130VAN, MERS\u0130N ALKOL VE MADDE BA\u011eIMLILI\u011eI TEDAV\u0130 MERKEZ\u0130N\u0130 (AMATEM) Z\u0130YARET ETT\u0130"},"content":{"rendered":"<p>Valimiz Ali Hamza Pehlivan, \u0130limizin Yeni\u015fehir \u0130l\u00e7esinde bulunan, ba\u011f\u0131ml\u0131l\u0131ktan kurtulmak isteyen vatanda\u015flar\u0131m\u0131za sa\u011fl\u0131k hizmeti sunan, uygun fiziki ko\u015fullarda, bilimsel kurallar ve kabul g\u00f6rm\u00fc\u015f yakla\u015f\u0131mlar \u00e7er\u00e7evesinde standart bir bak\u0131m sunmak, hasta ve yak\u0131nlar\u0131n\u0131n tedavi s\u0131ras\u0131 ve sonras\u0131nda rehabilitasyon programlar\u0131na kat\u0131l\u0131mlar\u0131n\u0131 sa\u011flayarak, hastalar\u0131n sosyal ya\u015fama dahil olmalar\u0131n\u0131 te\u015fvik etmek amac\u0131yla hizmet veren Mersin Alkol ve Madde Ba\u011f\u0131ml\u0131l\u0131\u011f\u0131 Tedavi Merkezi\u2019ni (AMATEM) ziyaret ederek incelemelerde bulundu.<\/p>\n<p>AMATEM\u2019e geli\u015finde, \u0130l Sa\u011fl\u0131k M\u00fcd\u00fcr\u00fc Uzm. Dr. Emrah Ceviz, Ba\u015fhekim Op. Dr. \u00d6zg\u00fcr Ozan Karak, Ba\u015fhekim Yard\u0131mc\u0131lar\u0131 ve kurum personeli taraf\u0131ndan kar\u015f\u0131lanan Vali Pehlivan, daha sonra Merkez b\u00fcnyesinde yer alan servisleri gezdi, tedavi s\u00fcreci devam eden hastalar\u0131 ziyaret etti, y\u00fcr\u00fct\u00fclen \u00e7al\u0131\u015fmalar ile ilgili bilgiler ald\u0131, personele \u00e7al\u0131\u015fmalar\u0131nda kolayl\u0131k ve ba\u015far\u0131lar diledi.<\/p>\n<p>Vali Pehlivan, Mersin Valili\u011finin himayesinde Halk E\u011fitim M\u00fcd\u00fcrl\u00fc\u011f\u00fcn\u00fcn deste\u011fiyle y\u00fcr\u00fct\u00fclen \u201cAk\u0131ll\u0131 U\u011fra\u015flar Projesi\u201d kapsam\u0131nda AMATEM b\u00fcnyesinde a\u00e7\u0131lan dokuma, \u00e7anak-\u00e7\u00f6mlek, el i\u015fi, bitki yeti\u015ftiricili\u011fi ve spor alanlar\u0131nda y\u00fcr\u00fct\u00fclen faaliyetlere ili\u015fkin bilgiler alarak incelemelerde bulundu.<\/p>\n<p>Vali Pehlivan\u2019a, Yeni\u015fehir Kaymakam\u0131 Nevzat \u015eeng\u00f6k ve Yeni\u015fehir Belediye Ba\u015fkan\u0131 Abdullah \u00d6zyi\u011fit de e\u015flik etti.<\/p>\n","protected":false},"excerpt":{"rendered":"<p>Valimiz Ali Hamza Pehlivan, \u0130limizin Yeni\u015fehir \u0130l\u00e7esinde bulunan, ba\u011f\u0131ml\u0131l\u0131ktan kurtulmak isteyen vatanda\u015flar\u0131m\u0131za sa\u011fl\u0131k hizmeti sunan, uygun fiziki ko\u015fullarda, bilimsel kurallar ve kabul g\u00f6rm\u00fc\u015f yakla\u015f\u0131mlar \u00e7er\u00e7evesinde standart bir bak\u0131m sunmak, hasta &hellip; <a href=\"https:\/\/akdenizolaygazetesi.com\/?p=22899\" class=\"more-link\">Devam\u0131n\u0131 Oku&#8230;<\/a><\/p>\n","protected":false},"author":2,"featured_media":22900,"comment_status":"open","ping_status":"open","sticky":false,"template":"","format":"standard","meta":[],"categories":[3,9],"tags":[],"_links":{"self":[{"href":"https:\/\/akdenizolaygazetesi.com\/index.php?rest_route=\/wp\/v2\/posts\/22899"}],"collection":[{"href":"https:\/\/akdenizolaygazetesi.com\/index.php?rest_route=\/wp\/v2\/posts"}],"about":[{"href":"https:\/\/akdenizolaygazetesi.com\/index.php?rest_route=\/wp\/v2\/types\/post"}],"author":[{"embeddable":true,"href":"https:\/\/akdenizolaygazetesi.com\/index.php?rest_route=\/wp\/v2\/users\/2"}],"replies":[{"embeddable":true,"href":"https:\/\/akdenizolaygazetesi.com\/index.php?rest_route=%2Fwp%2Fv2%2Fcomments&post=22899"}],"version-history":[{"count":1,"href":"https:\/\/akdenizolaygazetesi.com\/index.php?rest_route=\/wp\/v2\/posts\/22899\/revisions"}],"predecessor-version":[{"id":22901,"href":"https:\/\/akdenizolaygazetesi.com\/index.php?rest_route=\/wp\/v2\/posts\/22899\/revisions\/22901"}],"wp:featuredmedia":[{"embeddable":true,"href":"https:\/\/akdenizolaygazetesi.com\/index.php?rest_route=\/wp\/v2\/media\/22900"}],"wp:attachment":[{"href":"https:\/\/akdenizolaygazetesi.com\/index.php?rest_route=%2Fwp%2Fv2%2Fmedia&parent=22899"}],"wp:term":[{"taxonomy":"category","embeddable":true,"href":"https:\/\/akdenizolaygazetesi.com\/index.php?rest_route=%2Fwp%2Fv2%2Fcategories&post=22899"},{"taxonomy":"post_tag","embeddable":true,"href":"https:\/\/akdenizolaygazetesi.com\/index.php?rest_route=%2Fwp%2Fv2%2Ftags&post=22899"}],"curies":[{"name":"wp","href":"https:\/\/api.w.org\/{rel}","templated":true}]}}