{"id":22902,"date":"2022-12-14T16:30:05","date_gmt":"2022-12-14T13:30:05","guid":{"rendered":"http:\/\/akdenizolaygazetesi.com\/?p=22902"},"modified":"2022-12-14T16:30:06","modified_gmt":"2022-12-14T13:30:06","slug":"baskan-ozyigit-ozel-cocuklari-sunnet-dugunlerinde-de-yalniz-birakmadi","status":"publish","type":"post","link":"https:\/\/akdenizolaygazetesi.com\/?p=22902","title":{"rendered":"Ba\u015fkan \u00d6zyi\u011fit, \u00f6zel \u00e7ocuklar\u0131 s\u00fcnnet d\u00fc\u011f\u00fcnlerinde de yaln\u0131z b\u0131rakmad\u0131"},"content":{"rendered":"<p>Mersin Yeni\u015fehir Belediye Ba\u015fkan\u0131 Abdullah \u00d6zyi\u011fit, Yeni\u015fehir Belediyesi ve Otistik \u00c7ocuklar\u0131 Ya\u015fatma ve Kazanma Derne\u011fi i\u015f birli\u011fiyle d\u00fczenlenen \u00f6zel \u00e7ocuklar\u0131n s\u00fcnnet d\u00fc\u011f\u00fcn\u00fcne kat\u0131ld\u0131. Ailelerin ve \u00f6zel \u00e7ocuklar\u0131n mutluluklar\u0131na ortak olan Ba\u015fkan Abdullah \u00d6zyi\u011fit \u201c\u00d6zel \u00e7ocuklar\u0131m\u0131z bizim i\u00e7in \u00e7ok k\u0131ymetli. Biz b\u00fcy\u00fck bir aileyiz ve b\u00fcy\u00fck ailenin sorumlulu\u011funu ortakla\u015fa \u00fcstlenip beraber y\u00fcklenmeliyiz.Onlara destek olmaya devam edece\u011fiz.\u201d dedi.<br \/>\nMersin Yeni\u015fehir Belediyesi \u00f6zel \u00e7ocuklar\u0131n her an\u0131nda yan\u0131nda olmaya devam ediyor. Yeni\u015fehir Belediyesi ve Otistik \u00c7ocuklar\u0131 Ya\u015fatma ve Kazanma Derne\u011fi \u00f6zel \u00e7ocuklar i\u00e7in s\u00fcnnet d\u00fc\u011f\u00fcn\u00fc d\u00fczenledi.D\u00fc\u011f\u00fcn t\u00f6renine Yeni\u015fehir Kaymakam\u0131 Nevzat \u015eeng\u00f6k, Yeni\u015fehir Belediye Ba\u015fkan\u0131 Abdullah \u00d6zyi\u011fit, Otistik \u00c7ocuklar\u0131 Ya\u015fatma ve Kazanma Derne\u011fi Ba\u015fkan\u0131 Nazmiye Yaman, meclis \u00fcyeleri, \u00f6zel \u00e7ocuklar ve aileleri kat\u0131ld\u0131.\u00c7ocu\u011funu s\u00fcnnet ettirmi\u015f fakat d\u00fc\u011f\u00fcn t\u00f6reni d\u00fczenleyemeyen aileler ve \u00e7ocuklar\u0131 i\u00e7in ger\u00e7ekle\u015ftirilen etkinlikte \u00f6zel \u00e7ocuklar\u0131n mutluluklar\u0131 g\u00f6zlerinden okundu.<br \/>\n\u201cYeni\u015fehir Belediye Ba\u015fkan\u0131 olarak onlar\u0131n her zaman yan\u0131nday\u0131m.\u201d<br \/>\n\u201cEngelleri en erken tespit etme noktas\u0131nda yo\u011fun bir \u00e7abam\u0131z var.\u201d s\u00f6zleriyle konu\u015fmas\u0131na ba\u015flayan Yeni\u015fehir Belediye Ba\u015fkan\u0131 Abdullah \u00d6zyi\u011fit, Yeni\u015fehir Belediyesi Akademi\u2019de devam eden 0-6 Ya\u015f Geli\u015fim De\u011ferlendirme Uygulamas\u0131\u2019n\u0131n \u00f6nemine de\u011findi. Ba\u015fkan \u00d6zyi\u011fit \u201cYeni\u015fehir Belediyesi Akademi\u2019de yapt\u0131\u011f\u0131m\u0131z geli\u015fim de\u011ferlendirme uygulamalar\u0131yla, \u00e7ocuklar\u0131m\u0131z\u0131n olas\u0131 geli\u015fimsel problemlerini erken ya\u015flarda tespit etmeye \u00e7al\u0131\u015f\u0131yoruz. 2 bine yak\u0131n \u00e7ocu\u011fumuzu bu uygulamalar\u0131m\u0131za tabi tuttuk. Ve iki y\u0131ll\u0131k s\u00fcre\u00e7te geli\u015fimsel problemi tespit edilen bir\u00e7ok \u00e7ocu\u011fumuzu da ya\u015f\u0131tlar\u0131yla ayn\u0131 seviyeye getirdik. \u201c \u015feklinde konu\u015ftu.Ba\u015fkan \u00d6zyi\u011fit,  Yeni\u015fehir Belediyesinin b\u00fcy\u00fck bir aile oldu\u011funu s\u00f6yleyerek \u201cBu y\u00fck\u00fcn a\u011f\u0131r bir y\u00fck oldu\u011funu biliyoruz. Ama biz b\u00fcy\u00fck bir aileyiz ve b\u00fcy\u00fck ailenin sorumlulu\u011funu ortakla\u015fa \u00fcstlenip beraber y\u00fcklenmeliyiz. Ben Yeni\u015fehir Belediye Ba\u015fkan\u0131 olarak onlar\u0131n her zaman yan\u0131nday\u0131m. Bu zorluklar\u0131 birlikte a\u015fma noktas\u0131nda gerekeni yapaca\u011f\u0131z. Bug\u00fcne kadar yapt\u0131klar\u0131m\u0131z ve bundan sonra yapaca\u011f\u0131m\u0131z her i\u015fle \u00f6zel \u00e7ocuklar\u0131m\u0131z\u0131n yan\u0131nda olaca\u011f\u0131z.\u201d dedi.<br \/>\nYeni\u015fehir Kaymakam\u0131 Nevzat \u015eeng\u00f6k s\u00fcnnet d\u00fc\u011f\u00fcn t\u00f6reninde yapt\u0131\u011f\u0131 konu\u015fmas\u0131nda \u00f6zel \u00e7ocuklar\u0131n bak\u0131m ve e\u011fitimi konusunda \u00f6zellikle annelerin bu y\u00fck\u00fc ta\u015f\u0131d\u0131\u011f\u0131n\u0131 ifade ederek \u201c\u00d6zel \u00e7ocuklar\u0131m\u0131z\u0131n m\u00fcr\u00fcvvetini g\u00f6rmekten dolay\u0131 mutluyuz. Biz in\u015fallah onlara askerlik k\u0131yafeti de giydirece\u011fiz. Mersin\u2019in genelinde 24 tane \u00e7ocu\u011fumuza bu g\u00fczel duyguyu ya\u015fatt\u0131\u011f\u0131 i\u00e7in Yeni\u015fehir Belediye Ba\u015fkan\u0131m\u0131za ve Yeni\u015fehir Belediyemize te\u015fekk\u00fcr ediyorum. \u00d6zellikle bu \u00e7ocuklar\u0131m\u0131z\u0131n \u00fczerinde b\u00fcy\u00fck emekleri olan ve haklar\u0131n\u0131 \u00f6deyemeyece\u011fimiz annelerimize sa\u011fl\u0131kl\u0131 ve huzurlu \u00f6m\u00fcrler diliyorum.\u201d ifadelerine yer verdi.<br \/>\nOtistik \u00c7ocuklar\u0131 Ya\u015fatma ve Kazanma Derne\u011fi Ba\u015fkan\u0131 Nazmiye Yaman ise \u201cYeni\u015fehir Belediye Ba\u015fkan\u0131m\u0131z Say\u0131n Abdullah \u00d6zyi\u011fit\u2019e \u00f6zel \u00e7ocuklar\u0131m\u0131z\u0131 s\u00fcnnet ettirece\u011fimizi s\u00f6yledik ve d\u00fc\u011f\u00fcn t\u00f6renlerini yapmak i\u00e7in destek istedik. Sa\u011f olsun bizi k\u0131rmad\u0131. Kendisine ve ekibine te\u015fekk\u00fcr ediyorum.Toplamda 24 \u00e7ocu\u011fumuzun s\u00fcnnet d\u00fc\u011f\u00fcn t\u00f6renini ger\u00e7ekle\u015ftiriyoruz. Hay\u0131rl\u0131,  u\u011furlu olsun.\u201d diye konu\u015ftu.<br \/>\nA\u00e7\u0131l\u0131\u015f konu\u015fmalar\u0131n\u0131n ard\u0131ndan \u00f6zel \u00e7ocuklara tak\u0131lar\u0131n\u0131 Yeni\u015fehir Kaymakam\u0131 Nevzat \u015eeng\u00f6k ve Yeni\u015fehir Belediye Ba\u015fkan\u0131 Abdullah \u00d6zyi\u011fit takt\u0131. Tak\u0131 merasiminin ard\u0131ndan da g\u00fcn\u00fcn an\u0131s\u0131na pasta kesildi. Mersin Yeni\u015fehir Belediyesi ve Otistik \u00c7ocuklar\u0131 Ya\u015fatma ve Kazanma Derne\u011fi taraf\u0131ndan d\u00fczenlenen \u00f6zel \u00e7ocuklar i\u00e7in s\u00fcnnet d\u00fc\u011f\u00fcn\u00fcne kat\u0131lan aileler ve \u00e7ocuklar\u0131 unutulmaz bir g\u00fcn ya\u015fad\u0131.<\/p>\n","protected":false},"excerpt":{"rendered":"<p>Mersin Yeni\u015fehir Belediye Ba\u015fkan\u0131 Abdullah \u00d6zyi\u011fit, Yeni\u015fehir Belediyesi ve Otistik \u00c7ocuklar\u0131 Ya\u015fatma ve Kazanma Derne\u011fi i\u015f birli\u011fiyle d\u00fczenlenen \u00f6zel \u00e7ocuklar\u0131n s\u00fcnnet d\u00fc\u011f\u00fcn\u00fcne kat\u0131ld\u0131. Ailelerin ve \u00f6zel \u00e7ocuklar\u0131n mutluluklar\u0131na ortak olan &hellip; <a href=\"https:\/\/akdenizolaygazetesi.com\/?p=22902\" class=\"more-link\">Devam\u0131n\u0131 Oku&#8230;<\/a><\/p>\n","protected":false},"author":2,"featured_media":22903,"comment_status":"open","ping_status":"open","sticky":false,"template":"","format":"standard","meta":[],"categories":[3],"tags":[],"_links":{"self":[{"href":"https:\/\/akdenizolaygazetesi.com\/index.php?rest_route=\/wp\/v2\/posts\/22902"}],"collection":[{"href":"https:\/\/akdenizolaygazetesi.com\/index.php?rest_route=\/wp\/v2\/posts"}],"about":[{"href":"https:\/\/akdenizolaygazetesi.com\/index.php?rest_route=\/wp\/v2\/types\/post"}],"author":[{"embeddable":true,"href":"https:\/\/akdenizolaygazetesi.com\/index.php?rest_route=\/wp\/v2\/users\/2"}],"replies":[{"embeddable":true,"href":"https:\/\/akdenizolaygazetesi.com\/index.php?rest_route=%2Fwp%2Fv2%2Fcomments&post=22902"}],"version-history":[{"count":1,"href":"https:\/\/akdenizolaygazetesi.com\/index.php?rest_route=\/wp\/v2\/posts\/22902\/revisions"}],"predecessor-version":[{"id":22904,"href":"https:\/\/akdenizolaygazetesi.com\/index.php?rest_route=\/wp\/v2\/posts\/22902\/revisions\/22904"}],"wp:featuredmedia":[{"embeddable":true,"href":"https:\/\/akdenizolaygazetesi.com\/index.php?rest_route=\/wp\/v2\/media\/22903"}],"wp:attachment":[{"href":"https:\/\/akdenizolaygazetesi.com\/index.php?rest_route=%2Fwp%2Fv2%2Fmedia&parent=22902"}],"wp:term":[{"taxonomy":"category","embeddable":true,"href":"https:\/\/akdenizolaygazetesi.com\/index.php?rest_route=%2Fwp%2Fv2%2Fcategories&post=22902"},{"taxonomy":"post_tag","embeddable":true,"href":"https:\/\/akdenizolaygazetesi.com\/index.php?rest_route=%2Fwp%2Fv2%2Ftags&post=22902"}],"curies":[{"name":"wp","href":"https:\/\/api.w.org\/{rel}","templated":true}]}}