{"id":22905,"date":"2022-12-14T16:31:09","date_gmt":"2022-12-14T13:31:09","guid":{"rendered":"http:\/\/akdenizolaygazetesi.com\/?p=22905"},"modified":"2022-12-14T16:31:09","modified_gmt":"2022-12-14T13:31:09","slug":"baskan-ozyigit-suleyman-demirel-konfederasyonu-uyeleriyle-bulustu","status":"publish","type":"post","link":"https:\/\/akdenizolaygazetesi.com\/?p=22905","title":{"rendered":"Ba\u015fkan \u00d6zyi\u011fit, S\u00fcleyman Demirel Konfederasyonu \u00fcyeleriyle bulu\u015ftu"},"content":{"rendered":"<p>Mersin Yeni\u015fehir Belediye Ba\u015fkan\u0131 Abdullah \u00d6zyi\u011fit, S\u00fcleyman Demirel Konfederasyonu \u00fcyeleriyle Mersin\u2019de bir araya geldi. Cumhuriyet Halk Partisi(CHP) Genel Ba\u015fkan\u0131 Kemal K\u0131l\u0131\u00e7daro\u011flu ve S\u00fcleyman Demirel Konfederasyonu Genel Ba\u015fkan\u0131 Mahmut \u00d6zt\u00fcrk de g\u00f6r\u00fc\u015fmeye telefon ba\u011flant\u0131s\u0131yla kat\u0131ld\u0131.<br \/>\nYeni\u015fehir Belediye Ba\u015fkan\u0131 Abdullah \u00d6zyi\u011fit, toplumun farkl\u0131 kesimleriyle bulu\u015fmaya devam ediyor. Ba\u015fkan Abdullah \u00d6zyi\u011fit son olarak S\u00fcleyman Demirel Konfederasyonu Akdeniz B\u00f6lge Ba\u015fkan\u0131 Muhammet Emin Atasever, Do\u011fru Yol Partisi(DYP) 19. d\u00f6nem Mersin milletvekilleri As\u0131m Kaleli ve Ali Su ile DYP il\u00e7e ba\u015fkan ve y\u00f6neticileri, eski belediye ba\u015fkanlar\u0131 ve meclis \u00fcyeleriyle bir araya geldi.  Yap\u0131lan g\u00f6r\u00fc\u015fmeye CHP Genel Ba\u015fkan\u0131 Kemal K\u0131l\u0131\u00e7daro\u011flu ve S\u00fcleyman Demirel Konfederasyonu Genel Ba\u015fkan\u0131 Mahmut \u00d6zt\u00fcrk de telefonla kat\u0131larak, kat\u0131l\u0131mc\u0131lar\u0131 selamlad\u0131.<br \/>\nCHP Genel Ba\u015fkan\u0131m\u0131z Kemal K\u0131l\u0131\u00e7daro\u011flu\u2019nun \u00f6nderli\u011finde tarihi bir sorumluluk hissiyle \u00e7al\u0131\u015ft\u0131klar\u0131n\u0131 ifade eden Yeni\u015fehir Belediye Ba\u015fkan\u0131 Abdullah \u00d6zyi\u011fit, \u201cT\u00fcrkiye Cumhuriyeti\u2019nin y\u00fcz\u00fcnc\u00fc y\u0131l\u0131na do\u011fru ilerlerken Gazi Mustafa Kemal Atat\u00fcrk\u2019\u00fcn \u00e7izdi\u011fi yolda gelece\u011fe g\u00fcvenle bakan, t\u00fcm vatanda\u015flar\u0131n adil ve e\u015fit ko\u015fullarda ya\u015fad\u0131\u011f\u0131 bir \u00fclke i\u00e7in m\u00fccadele ediyoruz.  CHP Genel Ba\u015fkan\u0131m\u0131z Say\u0131n Kemal K\u0131l\u0131\u00e7daro\u011flu\u2019nun \u00f6nderli\u011finde tarihi bir sorumluluk hissiyle \u00e7al\u0131\u015fmalar\u0131m\u0131za devam ediyoruz. T\u00fcrkiye olarak b\u00fcy\u00fck ve \u00f6nemli bir yol ayr\u0131m\u0131nday\u0131z. \u00dclkemizi Ortado\u011fu batakl\u0131\u011f\u0131na \u00e7ekmek isteyen anlay\u0131\u015fa kar\u015f\u0131, Atat\u00fcrk\u2019\u00fcn \u00fclkeyi \u00e7a\u011fda\u015f, muas\u0131r medeniyetler seviyesinin \u00fczerine \u00e7\u0131karma hedefi do\u011frultusunda \u00e7al\u0131\u015f\u0131yoruz. Her birimize \u00f6nemli g\u00f6revler d\u00fc\u015f\u00fcyor \u00e7\u00fcnk\u00fc bu \u00fclke hepimizin, \u00e7ocuklar\u0131m\u0131z\u0131n, torunlar\u0131m\u0131z\u0131n.\u201ddedi.<br \/>\n\u201cSay\u0131n Kemal K\u0131l\u0131\u00e7daro\u011flu 13. Cumhurba\u015fkan\u0131 olana kadar \u00e7al\u0131\u015faca\u011f\u0131z.\u201d<br \/>\nS\u00fcleyman Demirel Konfederasyonu Akdeniz B\u00f6lge Ba\u015fkan\u0131 Muhammet Emin Atasever ise \u015funlar\u0131 s\u00f6yledi:  \u201cBug\u00fcn \u015fartlar T\u00fcrkiye\u2019de Millet \u0130ttifak\u0131\u2019n\u0131 desteklemek noktas\u0131na getirmi\u015ftir,  ger\u00e7ekten de ihtiya\u00e7 vard\u0131r. Say\u0131n Kemal K\u0131l\u0131\u00e7daro\u011flu millet akl\u0131yla ve ortak ak\u0131lla \u00e7ok g\u00fczel i\u015fler yapt\u0131 ve bunlar\u0131 \u00e7ok b\u00fcy\u00fck sab\u0131rla, vakurla ve onurla yapt\u0131.  Say\u0131n Kemal K\u0131l\u0131\u00e7daro\u011flu\u2019nun hakk\u0131n\u0131 teslim etmek gerekti\u011fini d\u00fc\u015f\u00fcn\u00fcyorum.  2012\u2019de babamla rahmetli S\u00fcleyman Demirel\u2019i ziyaret etti\u011fimizde bize \u2018Cumhuriyet Halk Partisine ve Kemal K\u0131l\u0131\u00e7daro\u011flu\u2019na destek verin, di\u011ferlerinin gidi\u015fat\u0131 iyi de\u011fil\u2019 demi\u015fti. Benim ve bizim Konfederasyonumuzun g\u00f6nl\u00fcn\u00fcn aday\u0131 Say\u0131n Kemal K\u0131l\u0131\u00e7daro\u011flu\u2019dur. Hatay\u2019dan toplant\u0131lar\u0131m\u0131za ba\u015flad\u0131k, 81 vilayetin tamam\u0131na gitmek i\u00e7in \u00e7aba g\u00f6sterece\u011fiz. Mersin&#8217;de toplant\u0131lar\u0131m\u0131za devam ediyoruz. Millet \u0130ttifak\u0131\u2019na destek i\u00e7in buraday\u0131z. Millet \u0130ttifak\u0131\u2019n\u0131 kuran, b\u00fcy\u00fck bir emek veren Say\u0131n Kemal K\u0131l\u0131\u00e7daro\u011flu 13. Cumhurba\u015fkan\u0131 olana kadar \u00e7al\u0131\u015faca\u011f\u0131z.  Bizlere ev sahipli\u011fi yaparak, bir araya getiren Yeni\u015fehir Belediye Ba\u015fkan\u0131 Abdullah \u00d6zyi\u011fit\u2019e te\u015fekk\u00fcr ediyorum.\u201d<\/p>\n","protected":false},"excerpt":{"rendered":"<p>Mersin Yeni\u015fehir Belediye Ba\u015fkan\u0131 Abdullah \u00d6zyi\u011fit, S\u00fcleyman Demirel Konfederasyonu \u00fcyeleriyle Mersin\u2019de bir araya geldi. Cumhuriyet Halk Partisi(CHP) Genel Ba\u015fkan\u0131 Kemal K\u0131l\u0131\u00e7daro\u011flu ve S\u00fcleyman Demirel Konfederasyonu Genel Ba\u015fkan\u0131 Mahmut \u00d6zt\u00fcrk de &hellip; <a href=\"https:\/\/akdenizolaygazetesi.com\/?p=22905\" class=\"more-link\">Devam\u0131n\u0131 Oku&#8230;<\/a><\/p>\n","protected":false},"author":2,"featured_media":22906,"comment_status":"open","ping_status":"open","sticky":false,"template":"","format":"standard","meta":[],"categories":[3],"tags":[],"_links":{"self":[{"href":"https:\/\/akdenizolaygazetesi.com\/index.php?rest_route=\/wp\/v2\/posts\/22905"}],"collection":[{"href":"https:\/\/akdenizolaygazetesi.com\/index.php?rest_route=\/wp\/v2\/posts"}],"about":[{"href":"https:\/\/akdenizolaygazetesi.com\/index.php?rest_route=\/wp\/v2\/types\/post"}],"author":[{"embeddable":true,"href":"https:\/\/akdenizolaygazetesi.com\/index.php?rest_route=\/wp\/v2\/users\/2"}],"replies":[{"embeddable":true,"href":"https:\/\/akdenizolaygazetesi.com\/index.php?rest_route=%2Fwp%2Fv2%2Fcomments&post=22905"}],"version-history":[{"count":1,"href":"https:\/\/akdenizolaygazetesi.com\/index.php?rest_route=\/wp\/v2\/posts\/22905\/revisions"}],"predecessor-version":[{"id":22907,"href":"https:\/\/akdenizolaygazetesi.com\/index.php?rest_route=\/wp\/v2\/posts\/22905\/revisions\/22907"}],"wp:featuredmedia":[{"embeddable":true,"href":"https:\/\/akdenizolaygazetesi.com\/index.php?rest_route=\/wp\/v2\/media\/22906"}],"wp:attachment":[{"href":"https:\/\/akdenizolaygazetesi.com\/index.php?rest_route=%2Fwp%2Fv2%2Fmedia&parent=22905"}],"wp:term":[{"taxonomy":"category","embeddable":true,"href":"https:\/\/akdenizolaygazetesi.com\/index.php?rest_route=%2Fwp%2Fv2%2Fcategories&post=22905"},{"taxonomy":"post_tag","embeddable":true,"href":"https:\/\/akdenizolaygazetesi.com\/index.php?rest_route=%2Fwp%2Fv2%2Ftags&post=22905"}],"curies":[{"name":"wp","href":"https:\/\/api.w.org\/{rel}","templated":true}]}}